{"id":154425,"date":"2023-12-22T15:04:28","date_gmt":"2023-12-22T19:04:28","guid":{"rendered":"https:\/\/unifranz.edu.bo\/?p=154425"},"modified":"2024-09-24T12:59:28","modified_gmt":"2024-09-24T16:59:28","slug":"estudiantes-de-unifranz-crean-una-aplicacion-para-innovar-la-actividad-artesanal-en-bolivia","status":"publish","type":"post","link":"https:\/\/unifranz.edu.bo\/pt\/blog\/estudiantes-de-unifranz-crean-una-aplicacion-para-innovar-la-actividad-artesanal-en-bolivia\/","title":{"rendered":"Estudiantes de Unifranz crean una aplicaci\u00f3n para innovar la actividad artesanal en Bolivia"},"content":{"rendered":"<p><span style=\"color: #000000;\">Estudiantes de Contadur\u00eda P\u00fablica y Administraci\u00f3n de Empresas de la Universidad Franz Tamayo, Unifranz, sede Santa Cruz unieron sus conocimientos para crear una aplicaci\u00f3n que modernice la actividad artesanal en el pa\u00eds. Esta actividad acad\u00e9mica fortalece las habilidades laborales de los futuros profesionales, porque generan soluciones a problem\u00e1ticas actuales que atraviesan diferentes instituciones o comunidades.<\/span><\/p>\n<p><span style=\"color: #000000;\"><em>D&#8217; Mano Artesana<\/em>, es una aplicaci\u00f3n m\u00f3vil que fue presentada en la Feria de Proyectos de Tecnolog\u00eda de Unifranz Santa Cruz y est\u00e1 destinada a la compra y venta de productos creados por artesanos bolivianos. Tiene los objetivos de potenciar las ventas sin necesidad de un espacio f\u00edsico y promover el consumo de la producci\u00f3n nacional.<\/span><\/p>\n<p><span style=\"color: #000000;\">A trav\u00e9s de un pago mensual de Bs 35, los artesanos contar\u00e1n con un cat\u00e1logo digital de sus productos con informaci\u00f3n de materiales, precios y el servicio de entrega por delivery para sus clientes. En la aplicaci\u00f3n los usuarios encontrar\u00e1n desde camisas, manillas, adornos de casa, pinturas, utensilios de cocina, entre otros.<\/span><\/p>\n<p><span style=\"color: #000000;\">\u201cLos diferentes conflictos pol\u00edticos en el pa\u00eds y la pandemia por el Covid-19 hicieron que muchas personas del rubro se queden sin su sustento econ\u00f3mico, pues todas sus actividades fueron paralizadas y no contaban con un plan b que les permita seguir vendiendo como lo hicieron otros sectores. Nuestra misi\u00f3n es brindar una alternativa para que los artesanos bolivianos no vuelvan a pasar por situaciones similares y contin\u00faen con su negocio\u201d, explic\u00f3 Mar\u00eda de los \u00c1ngeles Ayala, futura contadora p\u00fablica.<\/span><\/p>\n<p><img loading=\"lazy\" decoding=\"async\" class=\"alignnone wp-image-154427 size-large\" src=\"https:\/\/unifranz.edu.bo\/wp-content\/uploads\/2023\/12\/IMG_1774-1-1024x768.jpg\" alt=\"\" width=\"1024\" height=\"768\" srcset=\"https:\/\/unifranz.edu.bo\/wp-content\/uploads\/2023\/12\/IMG_1774-1-1024x768.jpg 1024w, https:\/\/unifranz.edu.bo\/wp-content\/uploads\/2023\/12\/IMG_1774-1-300x225.jpg 300w, https:\/\/unifranz.edu.bo\/wp-content\/uploads\/2023\/12\/IMG_1774-1-768x576.jpg 768w, https:\/\/unifranz.edu.bo\/wp-content\/uploads\/2023\/12\/IMG_1774-1-1536x1152.jpg 1536w, https:\/\/unifranz.edu.bo\/wp-content\/uploads\/2023\/12\/IMG_1774-1-2048x1536.jpg 2048w, https:\/\/unifranz.edu.bo\/wp-content\/uploads\/2023\/12\/IMG_1774-1-16x12.jpg 16w\" sizes=\"auto, (max-width: 1024px) 100vw, 1024px\" \/><\/p>\n<p><span style=\"color: #000000;\">Seg\u00fan el Instituto Nacional de Estad\u00edstica (INE), m\u00e1s de 55 mil personas se dedican a la artesan\u00eda en Bolivia; el 92,1% es var\u00f3n y 7,9%, mujer. Con estos datos y los resultados de una encuesta realizada a 500 personas en Santa Cruz, los j\u00f3venes universitarios crearon <em>D&#8217; Mano Artesana<\/em> para fortalecer las ventas de los artesanos bolivianos y evitar el desempleo en caso se susciten hechos ajenos a ellos que les impida continuar con su actividad de manera tradicional.<\/span><\/p>\n<p><span style=\"color: #000000;\">A trav\u00e9s de la ejecuci\u00f3n de proyectos como <em>D&#8217; Mano Artesana<\/em>, los estudiantes no solo brindan una soluci\u00f3n a una parte importante de la sociedad, sino tambi\u00e9n, fortalecen sus competencias profesionales, experiencia que es vital al momento de buscar un trabajo luego de graduarse como contadores p\u00fablicos. En Unifranz, pueden especializarse en gesti\u00f3n tributaria y gesti\u00f3n financiera.<\/span><\/p>\n<p><span style=\"color: #000000;\"><strong>Proyectos multidisciplinarios de vanguardia<\/strong><\/span><\/p>\n<p><span style=\"color: #000000;\">Unifranz ha creado espacios como el Fab Lab Santa Cruz que ha puesto a disposici\u00f3n para que la comunidad estudiantil y todo ciudadano que desee innovar, ejecute sus proyectos con las herramientas y asesor\u00edas que el laboratorio de fabricaci\u00f3n digital m\u00e1s completo del pa\u00eds ofrece. En este escenario se pueden crear aplicaciones como <em>D&#8217; Mano Artesana<\/em> u otras plataformas que generen un impacto positivo en la sociedad y son ejecutados de manera multidisciplinaria, uniendo las habilidades y conocimientos entre estudiantes de diferentes carreras.<\/span><\/p>\n<p><span style=\"color: #000000;\">\u201cEn el Laboratorio de Realidad Virtual y Aumentada, se pueden desarrollar videojuegos, aplicaciones y diferentes plataformas. Somos la \u00fanica universidad que cuenta con su metaverso, es decir, tenemos la universidad digitalizada completamente. El potenciar estas habilidades en los estudiantes, les garantiza mayores y mejores oportunidades laborales cuando egresen, porque tendr\u00e1n competencias que estar\u00e1n a la altura de las exigencias del mundo actual\u201d, indic\u00f3 Marcelo Pacheco, director de la carrera de Ingenier\u00eda de Sistemas.<\/span><\/p>\n<p><img loading=\"lazy\" decoding=\"async\" class=\"alignnone wp-image-154428 size-large\" src=\"https:\/\/unifranz.edu.bo\/wp-content\/uploads\/2023\/12\/IMG_4256-1024x768.jpg\" alt=\"\" width=\"1024\" height=\"768\" srcset=\"https:\/\/unifranz.edu.bo\/wp-content\/uploads\/2023\/12\/IMG_4256-1024x768.jpg 1024w, https:\/\/unifranz.edu.bo\/wp-content\/uploads\/2023\/12\/IMG_4256-300x225.jpg 300w, https:\/\/unifranz.edu.bo\/wp-content\/uploads\/2023\/12\/IMG_4256-768x576.jpg 768w, https:\/\/unifranz.edu.bo\/wp-content\/uploads\/2023\/12\/IMG_4256-1536x1152.jpg 1536w, https:\/\/unifranz.edu.bo\/wp-content\/uploads\/2023\/12\/IMG_4256-2048x1536.jpg 2048w, https:\/\/unifranz.edu.bo\/wp-content\/uploads\/2023\/12\/IMG_4256-16x12.jpg 16w\" sizes=\"auto, (max-width: 1024px) 100vw, 1024px\" \/><\/p>\n<p><span style=\"color: #000000;\"><strong>Bolivia, un pa\u00eds de artesanos de talla mundial<\/strong><\/span><\/p>\n<p><span style=\"color: #000000;\">La amplia variedad de artesan\u00edas, como ser textiles en lana, alpaca y aguayo, adem\u00e1s de trabajos en cuero, madera, metal, entre otros, hace que Bolivia sea un pa\u00eds reconocido a nivel mundial por las creaciones de sus artesanos. Seg\u00fan la Comunidad Andina de Naciones (CAN), Europa y Asia son los continentes a los que se exporta la mayor cantidad de estas producciones.<\/span><\/p>\n<p><span style=\"color: #000000;\">\u201cSomos conscientes de la calidad con la que trabajan nuestros artesanos. El estilo que tenemos en Bolivia es \u00fanico y es por eso que debemos generar proyectos que los promuevan. <em>D&#8217; Mano Artesana<\/em> tambi\u00e9n est\u00e1 pensada para que, desde la aplicaci\u00f3n, los extranjeros vean los productos y puedan realizar sus compras para llevarlos de recuerdo a sus pa\u00edses\u201d, detall\u00f3 Ayala.<\/span><\/p>\n<p><span style=\"color: #000000;\">En Bolivia, la artesan\u00eda es una ocupaci\u00f3n que se hereda, pues todos los artesanos han heredado de sus padres el negocio que los ha sustentado econ\u00f3micamente durante a\u00f1os. A pesar de las situaciones adversas como la pandemia o conflictos pol\u00edticos, han seguido produciendo para preservar la cultura boliviana.<\/span><\/p>","protected":false},"excerpt":{"rendered":"<p>Estudiantes de Contadur\u00eda P\u00fablica y Administraci\u00f3n de Empresas de la Universidad Franz Tamayo, Unifranz, sede Santa Cruz unieron sus conocimientos para crear una aplicaci\u00f3n que modernice la actividad artesanal en el pa\u00eds. Esta actividad acad\u00e9mica fortalece las habilidades laborales de los futuros profesionales, porque generan soluciones a problem\u00e1ticas actuales que atraviesan diferentes instituciones o comunidades. &hellip; <a href=\"https:\/\/unifranz.edu.bo\/pt\/blog\/estudiantes-de-unifranz-crean-una-aplicacion-para-innovar-la-actividad-artesanal-en-bolivia\/\">Continued<\/a><\/p>","protected":false},"author":33,"featured_media":154426,"comment_status":"open","ping_status":"open","sticky":false,"template":"","format":"standard","meta":{"_acf_changed":false,"footnotes":""},"categories":[60,1950,2604,5388,5160,2322,1708,2806,2586,6667],"tags":[6941,6943,655,6939,5456,6170,448,210,1650,6869],"class_list":["post-154425","post","type-post","status-publish","format-standard","has-post-thumbnail","hentry","category-blog","category-calidad-academica","category-contaduria-publica-es","category-fablab-santa-cruz","category-habilidades-es","category-ingenieria-comercial-es","category-innovacion","category-metaverso","category-modelo-educativo","category-realidad-virtual","tag-aplicaciones-moviles","tag-artesanos-bolivianos","tag-contaduria-publica","tag-creacion-de-aplicaciones","tag-fab-lab","tag-fab-lab-santa-cruz","tag-ingenieria-de-sistemas","tag-innovacion","tag-mejores-universidades-de-bolivia","tag-proyectos-multidisciplinarios"],"acf":[],"_links":{"self":[{"href":"https:\/\/unifranz.edu.bo\/pt\/wp-json\/wp\/v2\/posts\/154425","targetHints":{"allow":["GET"]}}],"collection":[{"href":"https:\/\/unifranz.edu.bo\/pt\/wp-json\/wp\/v2\/posts"}],"about":[{"href":"https:\/\/unifranz.edu.bo\/pt\/wp-json\/wp\/v2\/types\/post"}],"author":[{"embeddable":true,"href":"https:\/\/unifranz.edu.bo\/pt\/wp-json\/wp\/v2\/users\/33"}],"replies":[{"embeddable":true,"href":"https:\/\/unifranz.edu.bo\/pt\/wp-json\/wp\/v2\/comments?post=154425"}],"version-history":[{"count":1,"href":"https:\/\/unifranz.edu.bo\/pt\/wp-json\/wp\/v2\/posts\/154425\/revisions"}],"predecessor-version":[{"id":154429,"href":"https:\/\/unifranz.edu.bo\/pt\/wp-json\/wp\/v2\/posts\/154425\/revisions\/154429"}],"wp:featuredmedia":[{"embeddable":true,"href":"https:\/\/unifranz.edu.bo\/pt\/wp-json\/wp\/v2\/media\/154426"}],"wp:attachment":[{"href":"https:\/\/unifranz.edu.bo\/pt\/wp-json\/wp\/v2\/media?parent=154425"}],"wp:term":[{"taxonomy":"category","embeddable":true,"href":"https:\/\/unifranz.edu.bo\/pt\/wp-json\/wp\/v2\/categories?post=154425"},{"taxonomy":"post_tag","embeddable":true,"href":"https:\/\/unifranz.edu.bo\/pt\/wp-json\/wp\/v2\/tags?post=154425"}],"curies":[{"name":"wp","href":"https:\/\/api.w.org\/{rel}","templated":true}]}}