{"id":152897,"date":"2023-12-15T18:03:36","date_gmt":"2023-12-15T22:03:36","guid":{"rendered":"https:\/\/unifranz.edu.bo\/?p=152897"},"modified":"2023-12-15T18:03:36","modified_gmt":"2023-12-15T22:03:36","slug":"unifranz-santa-cruz-formando-profesionales-que-convierten-crisis-en-oportunidades","status":"publish","type":"post","link":"https:\/\/unifranz.edu.bo\/pt\/unifranz\/unifranz-santa-cruz-formando-profesionales-que-convierten-crisis-en-oportunidades\/","title":{"rendered":"Unifranz Santa Cruz: Formando profesionales que convierten crisis en oportunidades"},"content":{"rendered":"<p><span style=\"color: #000000;\">La Universidad Franz Tamayo, Unifranz, sede Santa Cruz, celebr\u00f3 su trig\u00e9sima s\u00e9ptima colaci\u00f3n de profesionales en una noche cargada de emociones. Familiares, amigos, docentes y autoridades universitarias fueron testigos de tan especial momento para los 52 graduados quienes destacaron por su capacidad de reinventarse en situaciones de crisis mundial.<\/span><\/p>\n<p><span style=\"color: #000000;\">\u201cNo tengan miedo a equivocarse ni a los nuevos retos que se presentan en el camino. Tomen los momentos de crisis como una valiosa oportunidad de superarse a ustedes mismos. En la universidad nos ense\u00f1an a tener confianza en nosotros y a reinventarnos constantemente\u201d dijo la estudiante graduada con los mejores promedios, Kiara Mell Miranda, de la carrera de Dise\u00f1o Gr\u00e1fico y Producci\u00f3n Cross Media en la que fue la cuarta y \u00faltima graduaci\u00f3n del a\u00f1o.<\/span><\/p>\n<p><span style=\"color: #000000;\">La joven profesional resalt\u00f3 la manera c\u00f3mo Unifranz implementa la formaci\u00f3n de sus profesionales a trav\u00e9s de la metodolog\u00eda Aprende Haciendo. A trav\u00e9s de ella los estudiantes ejecutan el conocimiento te\u00f3rico que obtienen en las aulas en situaciones que generan soluciones a problemas de instituciones o comunidades.<\/span><\/p>\n<p><span style=\"color: #000000;\">\u201cRecuerdo con mucha alegr\u00eda la primera vez que gan\u00e9 la beca excelencia, fue muy emocionante porque es una motivaci\u00f3n estar en una universidad que valora el esfuerzo de sus estudiantes. Aqu\u00ed me form\u00e9 con valores, principios y conocimientos de grandes profesionales, ahora me toca compartir todo lo que me dieron para conseguir una mejor sociedad\u201d, expres\u00f3 Miranda.<\/span><\/p>\n<p><span style=\"color: #000000;\">Miranda aconsej\u00f3 a sus compa\u00f1eros ser disruptivos y no tener miedo a enfrentar los cambios que el mundo presenta. En su proceso de formaci\u00f3n lleg\u00f3 la pandemia del Covid-19 que oblig\u00f3 a la poblaci\u00f3n mundial a adaptarse a nuevas formas de estudiar, trabajar y convivir. La situaci\u00f3n fue asumida como una oportunidad de reinventarse y superar los diferentes obst\u00e1culos que se le presentaron para alcanzar su meta.<\/span><\/p>\n<p><img loading=\"lazy\" decoding=\"async\" class=\"alignnone wp-image-154144 size-large\" src=\"https:\/\/unifranz.edu.bo\/wp-content\/uploads\/2023\/12\/IMG_6598-1-1024x768.jpg\" alt=\"\" width=\"1024\" height=\"768\" srcset=\"https:\/\/unifranz.edu.bo\/wp-content\/uploads\/2023\/12\/IMG_6598-1-1024x768.jpg 1024w, https:\/\/unifranz.edu.bo\/wp-content\/uploads\/2023\/12\/IMG_6598-1-300x225.jpg 300w, https:\/\/unifranz.edu.bo\/wp-content\/uploads\/2023\/12\/IMG_6598-1-768x576.jpg 768w, https:\/\/unifranz.edu.bo\/wp-content\/uploads\/2023\/12\/IMG_6598-1-1536x1152.jpg 1536w, https:\/\/unifranz.edu.bo\/wp-content\/uploads\/2023\/12\/IMG_6598-1-2048x1536.jpg 2048w, https:\/\/unifranz.edu.bo\/wp-content\/uploads\/2023\/12\/IMG_6598-1-16x12.jpg 16w\" sizes=\"auto, (max-width: 1024px) 100vw, 1024px\" \/><\/p>\n<p><span style=\"color: #000000;\">La arquitecta y rectora nacional de Unifranz, Ver\u00f3nica \u00c1greda indic\u00f3 que los nuevos profesionales tienen la responsabilidad de compartir y aplicar sus conocimientos para dar soluciones a problem\u00e1ticas que enfrenta la sociedad actual. \u201cUstedes demostraron que ni una pandemia los pudo detener. Convirtieron una crisis en una oportunidad, eso es ser resiliente. Vayan y conquisten el mundo, porque son la esperanza de las futuras generaciones\u201d.<\/span><\/p>\n<p><span style=\"color: #000000;\">Los profesionales en Dise\u00f1o Gr\u00e1fico y Producci\u00f3n Cross Media de Unifranz adquieren competencias profesionales y experiencia en dise\u00f1ar productos como servicios digitales. Adem\u00e1s, crean conceptos visuales s\u00f3lidos que comunican mensajes o ideas que generan impacto social.<\/span><\/p>\n<p><span style=\"color: #000000;\">Tambi\u00e9n tienen la capacidad de conceptualizar proyectos con el uso adecuado de tipograf\u00edas, dise\u00f1ar p\u00e1ginas, aplicaciones web, resuelve problemas de dise\u00f1o y comunicaci\u00f3n de manera innovadora. Estas herramientas facilitan una transici\u00f3n exitosa de la educaci\u00f3n a la pr\u00e1ctica profesional, al tiempo que promueven la adaptabilidad y la mejora continua en un entorno laboral en constante evoluci\u00f3n.<\/span><\/p>\n<p><img loading=\"lazy\" decoding=\"async\" class=\"alignnone wp-image-154143 size-large\" src=\"https:\/\/unifranz.edu.bo\/wp-content\/uploads\/2023\/12\/IMG_6537-1024x768.jpg\" alt=\"\" width=\"1024\" height=\"768\" srcset=\"https:\/\/unifranz.edu.bo\/wp-content\/uploads\/2023\/12\/IMG_6537-1024x768.jpg 1024w, https:\/\/unifranz.edu.bo\/wp-content\/uploads\/2023\/12\/IMG_6537-300x225.jpg 300w, https:\/\/unifranz.edu.bo\/wp-content\/uploads\/2023\/12\/IMG_6537-768x576.jpg 768w, https:\/\/unifranz.edu.bo\/wp-content\/uploads\/2023\/12\/IMG_6537-1536x1152.jpg 1536w, https:\/\/unifranz.edu.bo\/wp-content\/uploads\/2023\/12\/IMG_6537-2048x1536.jpg 2048w, https:\/\/unifranz.edu.bo\/wp-content\/uploads\/2023\/12\/IMG_6537-16x12.jpg 16w\" sizes=\"auto, (max-width: 1024px) 100vw, 1024px\" \/><\/p>\n<p><span style=\"color: #000000;\"><strong>Profesionales que marcan la diferencia<\/strong><\/span><\/p>\n<p><span style=\"color: #000000;\">A trav\u00e9s de los proyectos integradores y el acompa\u00f1amiento de tutores especializados, los estudiantes ejecutan casos 100% pr\u00e1cticos y reales, mismos que les permiten enfrentar sus primeras experiencias laborales de manera exitosa. Estos proyectos se realizan desde quinto semestre y les permite iniciar con procesos de investigaci\u00f3n y finalizar la carrera con la presentaci\u00f3n del trabajo ejecutado en instituciones o comunidades.<\/span><\/p>\n<p><span style=\"color: #000000;\">El programa Internacional\u00edzate, es otro factor que diferencia a los profesionales de Unifranz. Por uno o dos semestres los j\u00f3venes tienen la oportunidad de estudiar en una universidad del extranjero para adquirir los m\u00e1s altos est\u00e1ndares educativos junto a docentes de nivel internacional. Este beneficio brinda tambi\u00e9n una red de contactos con personas de Am\u00e9rica Latina, Norteam\u00e9rica, Asia y Europa.<\/span><\/p>\n<p>&nbsp;<\/p>","protected":false},"excerpt":{"rendered":"<p>La Universidad Franz Tamayo, Unifranz, sede Santa Cruz, celebr\u00f3 su trig\u00e9sima s\u00e9ptima colaci\u00f3n de profesionales en una noche cargada de emociones. Familiares, amigos, docentes y autoridades universitarias fueron testigos de tan especial momento para los 52 graduados quienes destacaron por su capacidad de reinventarse en situaciones de crisis mundial. \u201cNo tengan miedo a equivocarse ni &hellip; <a href=\"https:\/\/unifranz.edu.bo\/pt\/unifranz\/unifranz-santa-cruz-formando-profesionales-que-convierten-crisis-en-oportunidades\/\">Continued<\/a><\/p>","protected":false},"author":33,"featured_media":154142,"comment_status":"open","ping_status":"open","sticky":false,"template":"","format":"standard","meta":{"_acf_changed":false,"footnotes":""},"categories":[2576,4978,2858,2646,1782],"tags":[6356,1650,6883,4804,3624,6885],"class_list":["post-152897","post","type-post","status-publish","format-standard","has-post-thumbnail","hentry","category-unifranz-santa-cruz","category-crossmedia","category-innovacion-en-educacion","category-transformadores-del-futuro","category-unifranz","tag-diseno-grafico-y-produccion-cross-media","tag-mejores-universidades-de-bolivia","tag-profesionales-de-excelencia","tag-profesionales-unifranz","tag-unifranz-santa-cruz","tag-universidades-crucenas"],"acf":[],"_links":{"self":[{"href":"https:\/\/unifranz.edu.bo\/pt\/wp-json\/wp\/v2\/posts\/152897","targetHints":{"allow":["GET"]}}],"collection":[{"href":"https:\/\/unifranz.edu.bo\/pt\/wp-json\/wp\/v2\/posts"}],"about":[{"href":"https:\/\/unifranz.edu.bo\/pt\/wp-json\/wp\/v2\/types\/post"}],"author":[{"embeddable":true,"href":"https:\/\/unifranz.edu.bo\/pt\/wp-json\/wp\/v2\/users\/33"}],"replies":[{"embeddable":true,"href":"https:\/\/unifranz.edu.bo\/pt\/wp-json\/wp\/v2\/comments?post=152897"}],"version-history":[{"count":1,"href":"https:\/\/unifranz.edu.bo\/pt\/wp-json\/wp\/v2\/posts\/152897\/revisions"}],"predecessor-version":[{"id":154145,"href":"https:\/\/unifranz.edu.bo\/pt\/wp-json\/wp\/v2\/posts\/152897\/revisions\/154145"}],"wp:featuredmedia":[{"embeddable":true,"href":"https:\/\/unifranz.edu.bo\/pt\/wp-json\/wp\/v2\/media\/154142"}],"wp:attachment":[{"href":"https:\/\/unifranz.edu.bo\/pt\/wp-json\/wp\/v2\/media?parent=152897"}],"wp:term":[{"taxonomy":"category","embeddable":true,"href":"https:\/\/unifranz.edu.bo\/pt\/wp-json\/wp\/v2\/categories?post=152897"},{"taxonomy":"post_tag","embeddable":true,"href":"https:\/\/unifranz.edu.bo\/pt\/wp-json\/wp\/v2\/tags?post=152897"}],"curies":[{"name":"wp","href":"https:\/\/api.w.org\/{rel}","templated":true}]}}