{"id":152738,"date":"2023-12-13T12:31:33","date_gmt":"2023-12-13T16:31:33","guid":{"rendered":"https:\/\/unifranz.edu.bo\/?p=152738"},"modified":"2023-12-18T14:41:23","modified_gmt":"2023-12-18T18:41:23","slug":"50futurosmedicosencoroico","status":"publish","type":"post","link":"https:\/\/unifranz.edu.bo\/pt\/la-paz\/50futurosmedicosencoroico\/","title":{"rendered":"Salud comunitaria: medio millar de pobladores de Coroico reciben atenci\u00f3n primaria de Medicina"},"content":{"rendered":"<p><span style=\"color: #000000;\">Medio centenar de futuros m\u00e9dicos de la Universidad Franz Tamayo, Unifranz La Paz, midieron el \u00edndice corporal, talla, peso, altura e \u00edndice glic\u00e9mico de m\u00e1s de medio millar de pobladores de Coroico. Prestaron la evaluaci\u00f3n m\u00e9dica de primer nivel para detectar enfermedades como presi\u00f3n arterial alta, diabetes y otros males.<\/span><\/p>\n<p><span style=\"color: #000000;\">\u201cLa campa\u00f1a nos permite estar en contacto con los pacientes y dar algunos diagn\u00f3sticos a fin de evitar enfermedades prevalentes en la comunidad. Es una actividad importante para la comunidad y nosotros, como futuros m\u00e9dicos, podemos contribuir a la salud de la poblaci\u00f3n, poni\u00e9ndonos en contacto con los pacientes\u201d, afirm\u00f3 Sandra Casta\u00f1o, estudiante colombiana de intercambio en Unifranz.<\/span><\/p>\n<p><span style=\"color: #000000;\">Para la atenci\u00f3n, los j\u00f3venes y docentes instalaron ocho carpas en la plaza principal del municipio en las que se crearon tres circuitos de atenci\u00f3n primaria. Tres docentes de la carrera atendieron patolog\u00edas m\u00e1s delicadas de los comunitarios. Esta actividad se complet\u00f3 con la donaci\u00f3n de medicamentos y juguetes a los ni\u00f1os que se aproximaban a los puntos de atenci\u00f3n.<\/span><\/p>\n<p><span style=\"color: #000000;\">La iniciativa fue coordinada por el docente de Unifranz N\u00e9stor Rocha con las autoridades de la Alcald\u00eda de Coroico. M\u00e1s all\u00e1 del servicio convencional, los futuros profesionales se centraron en la prevenci\u00f3n y detecci\u00f3n temprana de patolog\u00edas no transmisibles.<\/span><\/p>\n<p><span style=\"color: #000000;\">Al concluir la jornada, el docente coment\u00f3 que hallaron pacientes con hipertensi\u00f3n arterial que fueron diagnosticados en la campa\u00f1a que realizaron. Tambi\u00e9n detectaron personas con glicemia elevada, diabetes y con cierto nivel de colesterol. \u201cCreo que nuestra labor y apoyo a la comunidad en este \u00e1mbito es muy grande\u201d.<\/span><\/p>\n<p><span style=\"color: #000000;\">El docente subray\u00f3 la importancia de la experiencia pr\u00e1ctica de los estudiantes y su desarrollo en habilidades blandas con las que se pudieron conectar con los pacientes. \u201cConsideramos la gran relevancia de iniciar la relaci\u00f3n entre el m\u00e9dico y el paciente desde las etapas m\u00e1s tempranas en la formaci\u00f3n. De esta forma, los estudiantes lograr\u00e1n tener una comunicaci\u00f3n con la comunidad en base a los conocimientos adquiridos\u00bb.<\/span><\/p>\n<p><span style=\"color: #000000;\">La experiencia que se realiz\u00f3 en el municipio de 19 mil habitantes distribuidos en 104 comunidades no s\u00f3lo se trat\u00f3 de aplicar conocimientos te\u00f3ricos, sino de comprender la realidad de las comunidades locales.<\/span><\/p>\n<p><span style=\"color: #000000;\">La residente de Coroico, Mirma Aliaga, comparti\u00f3 su experiencia. \u201cTengo diabetes y tuve la oportunidad de conocer a una joven estudiante de Unifranz que tambi\u00e9n tiene la misma enfermedad. Con ella descubr\u00ed que este problema no es un limitante para desarrollar una vida tranquila, sino que es cuesti\u00f3n de modificar h\u00e1bitos y encontrar soluciones en vez de problemas. Agradezco su visita y su calidez en el trato\u201d.<\/span><\/p>\n<p><span style=\"color: #000000;\">Para el docente, la jornada permiti\u00f3 a los estudiantes poner en pr\u00e1ctica toda su formaci\u00f3n. \u201cLo hicieron con una poblaci\u00f3n amable, querida y tan necesitada. Creo que es lo mejor que podemos hacer como universidad\u201d. Esta iniciativa reafirma el compromiso de la universidad en la formaci\u00f3n integral y la responsabilidad social, proporcionando a los estudiantes oportunidades significativas para contribuir a la salud de las comunidades locales.<\/span><\/p>\n<p><span style=\"color: #000000;\">Los estudiantes adquirieron habilidades integrales para el dise\u00f1o, desarrollo de planes de tratamiento m\u00e9dico, as\u00ed como para el seguimiento de pacientes como \u00e1reas de formaci\u00f3n que ofrece la carrera de medicina en Unifranz. Los futuros profesionales se preparan para dise\u00f1ar programas de salud comunitaria y realizar diagn\u00f3sticos precisos de enfermedades y condiciones m\u00e9dicas.<\/span><\/p>\n<p><span style=\"color: #000000;\">Adem\u00e1s, aprenden a determinar las pruebas de imagen adecuadas para diversas condiciones m\u00e9dicas, manejar con precisi\u00f3n complicaciones quir\u00fargicas, realizar procedimientos quir\u00fargicos y evaluar y estabilizar pacientes en situaciones de emergencia.<\/span><\/p>\n<p><span style=\"color: #000000;\">Como parte de la formaci\u00f3n, los futuros m\u00e9dicos no s\u00f3lo adquieren conocimientos te\u00f3ricos, sino tambi\u00e9n habilidades pr\u00e1cticas para enfrentar los desaf\u00edos del \u00e1mbito m\u00e9dico. Desde la gesti\u00f3n integral de tratamientos hasta la toma de decisiones en situaciones cr\u00edticas. La formaci\u00f3n en Unifranz se centra en preparar a los estudiantes para una carrera m\u00e9dica exitosa y \u00e9tica.<\/span><\/p>\n<p><span style=\"color: #000000;\">Con un enfoque en la atenci\u00f3n integral del paciente, los m\u00e9dicos contribuyen significativamente al sector de la salud, siendo capaces de enfrentar una variedad de escenarios m\u00e9dicos con confianza y competencia.<\/span><\/p>\n<p><span style=\"color: #000000;\">Descubre m\u00e1s de la carrera ingresando al enlace <a style=\"color: #000000;\" href=\"https:\/\/ux.unifranz.edu.bo\/medicina\">https:\/\/ux.unifranz.edu.bo\/medicina<\/a><\/span><\/p>","protected":false},"excerpt":{"rendered":"<p>Medio centenar de futuros m\u00e9dicos de la Universidad Franz Tamayo, Unifranz La Paz, midieron el \u00edndice corporal, talla, peso, altura e \u00edndice glic\u00e9mico de m\u00e1s de medio millar de pobladores de Coroico. Prestaron la evaluaci\u00f3n m\u00e9dica de primer nivel para detectar enfermedades como presi\u00f3n arterial alta, diabetes y otros males. \u201cLa campa\u00f1a nos permite estar &hellip; <a href=\"https:\/\/unifranz.edu.bo\/pt\/la-paz\/50futurosmedicosencoroico\/\">Continued<\/a><\/p>","protected":false},"author":27,"featured_media":152739,"comment_status":"open","ping_status":"open","sticky":false,"template":"","format":"standard","meta":{"_acf_changed":false,"footnotes":""},"categories":[60,2186,1862,1004,45,27,2108,29,1782],"tags":[1422,41,49,1650,242],"class_list":["post-152738","post","type-post","status-publish","format-standard","has-post-thumbnail","hentry","category-blog","category-carreras-es","category-educacion","category-estudiantes","category-eventos","category-la-paz","category-medicina-es","category-noticias","category-unifranz","tag-innovacion-en-educacion","tag-la-paz","tag-medicina","tag-mejores-universidades-de-bolivia","tag-unifranz"],"acf":[],"_links":{"self":[{"href":"https:\/\/unifranz.edu.bo\/pt\/wp-json\/wp\/v2\/posts\/152738","targetHints":{"allow":["GET"]}}],"collection":[{"href":"https:\/\/unifranz.edu.bo\/pt\/wp-json\/wp\/v2\/posts"}],"about":[{"href":"https:\/\/unifranz.edu.bo\/pt\/wp-json\/wp\/v2\/types\/post"}],"author":[{"embeddable":true,"href":"https:\/\/unifranz.edu.bo\/pt\/wp-json\/wp\/v2\/users\/27"}],"replies":[{"embeddable":true,"href":"https:\/\/unifranz.edu.bo\/pt\/wp-json\/wp\/v2\/comments?post=152738"}],"version-history":[{"count":3,"href":"https:\/\/unifranz.edu.bo\/pt\/wp-json\/wp\/v2\/posts\/152738\/revisions"}],"predecessor-version":[{"id":154290,"href":"https:\/\/unifranz.edu.bo\/pt\/wp-json\/wp\/v2\/posts\/152738\/revisions\/154290"}],"wp:featuredmedia":[{"embeddable":true,"href":"https:\/\/unifranz.edu.bo\/pt\/wp-json\/wp\/v2\/media\/152739"}],"wp:attachment":[{"href":"https:\/\/unifranz.edu.bo\/pt\/wp-json\/wp\/v2\/media?parent=152738"}],"wp:term":[{"taxonomy":"category","embeddable":true,"href":"https:\/\/unifranz.edu.bo\/pt\/wp-json\/wp\/v2\/categories?post=152738"},{"taxonomy":"post_tag","embeddable":true,"href":"https:\/\/unifranz.edu.bo\/pt\/wp-json\/wp\/v2\/tags?post=152738"}],"curies":[{"name":"wp","href":"https:\/\/api.w.org\/{rel}","templated":true}]}}