{"id":151956,"date":"2023-12-01T22:48:43","date_gmt":"2023-12-02T02:48:43","guid":{"rendered":"https:\/\/unifranz.edu.bo\/?p=151956"},"modified":"2023-12-02T19:37:41","modified_gmt":"2023-12-02T23:37:41","slug":"experto-asegura-que-es-posible-impulsar-politicas-publicas-para-el-rubro-del-diseno","status":"publish","type":"post","link":"https:\/\/unifranz.edu.bo\/pt\/blog\/experto-asegura-que-es-posible-impulsar-politicas-publicas-para-el-rubro-del-diseno\/","title":{"rendered":"Experto asegura que es posible impulsar pol\u00edticas p\u00fablicas para el rubro del dise\u00f1o"},"content":{"rendered":"<div>\n<p><span style=\"color: #000000;\">Por Lily Zurita<\/span><\/p>\n<p><span style=\"color: #000000;\">El dise\u00f1o, como \u00e1rea relevante de la econom\u00eda que contribuye al bienestar humano, requiere de acciones, orientaciones y planes que le permitan al pa\u00eds enfocar como una disciplina integral.<\/span><\/p>\n<\/div>\n<div>\n<p><span style=\"color: #000000;\">Encarar pol\u00edticas p\u00fablicas para este rubro podr\u00eda permitir un avance sustantivo en la articulaci\u00f3n de las acciones del Estado con respecto a los principales desaf\u00edos del sector, que se ha transformado y consolidado, de forma sostenida, en los \u00faltimos a\u00f1os.<\/span><\/p>\n<\/div>\n<div>\n<p><span style=\"color: #000000;\">Si bien Bolivia no muestra avances significativos en el desarrollo de pol\u00edticas p\u00fablicas que favorezcan al sector, otros pa\u00edses como Finlandia, Gran Breta\u00f1a, Corea o Chile lograron incorporar este ac\u00e1pite dentro de sus estrategias de desarrollo y fomento de la econom\u00eda creativa.<\/span><\/p>\n<\/div>\n<div>\n<p><span style=\"color: #000000;\">En el marco del foro taller de pol\u00edticas de fomento al dise\u00f1o, organizado por la Bienal del Cartel Bolivia BiceB\u00e9 2023 y que se desarroll\u00f3 en la Universidad Franz Tamayo, Unifranz, el director del N\u00facleo de Dise\u00f1o del Campus Creativo de la Universidad Andr\u00e9s Bello de Chile, Manuel Figueroa, comparti\u00f3 la experiencia de ese pa\u00eds en la construcci\u00f3n participativa de una pol\u00edtica p\u00fablica quinquenal de fomento a esta actividad (2017-2022) que ya ha tenido, seg\u00fan sus impulsores, significativos avances y resultados.<\/span><\/p>\n<\/div>\n<div>\n<p><span style=\"color: #000000;\">Tres a\u00f1os, 16 regiones recorridas, 24 estudios, 24 mapeos, 50 horas de audio y 3.285 horas de trabajo y consulta ciudadana, en sesiones y reuniones de socializaci\u00f3n de la propuesta, fueron necesarios para que el vecino pa\u00eds de Chile consolide una pol\u00edtica p\u00fablica en torno al dise\u00f1o gr\u00e1fico.<\/span><\/p>\n<\/div>\n<div>\n<p><span style=\"color: #000000;\">\u201cDurante tres a\u00f1os, nos junt\u00e1bamos con todos los agentes y representantes sectoriales todos los d\u00edas viernes, durante tres horas seguidas\u201d, indica Figueroa, quien comparti\u00f3 la experiencia chilena de construcci\u00f3n de una pol\u00edtica p\u00fablica \u201cs\u00f3lida\u201d para el rubro del dise\u00f1o.<\/span><\/p>\n<\/div>\n<div>\n<p><span style=\"color: #000000;\">La pol\u00edtica nacional de fomento al dise\u00f1o de Chile incluye aspectos como el dise\u00f1o gr\u00e1fico, industrial, de vestuario e indumentaria, de ambientes y de servicios que se resumieron en 32 medidas, de acuerdo a 15 objetivos, agrupadas en las \u00e1reas de fomento, educaci\u00f3n, participaci\u00f3n y acceso al arte y la cultura, infraestructura y patrimonio cultural.<\/span><\/p>\n<\/div>\n<div>\n<p><span style=\"color: #000000;\">Asimismo, la estrategia del pa\u00eds trasandino en este campo, contempla la difusi\u00f3n y promoci\u00f3n del sector, para incentivar la valoraci\u00f3n del dise\u00f1o, proteger la propiedad intelectual, incentivar la formaci\u00f3n a nivel t\u00e9cnico y aumentar la participaci\u00f3n y acceso de la ciudadan\u00eda, entre otros.<\/span><\/p>\n<\/div>\n<div>\n<p><span style=\"color: #000000;\">\u201cHay que hacer pol\u00edticas de fomento al dise\u00f1o para que los ciudadanos entiendan qu\u00e9 es el dise\u00f1o. Entiendan que todos los d\u00edas toman una decisi\u00f3n de dise\u00f1o\u201d, dice el experto.<\/span><\/p>\n<\/div>\n<div>\n<p><span style=\"color: #000000;\">Para Figueroa, el dise\u00f1o es un pilar impl\u00edcito de la innovaci\u00f3n, ya que sin ella no se llegar\u00eda a satisfacer completamente las necesidades de los diferentes usuarios.\u00a0<\/span><\/p>\n<\/div>\n<div>\n<p><span style=\"color: #000000;\">\u201cEs importante tener en cuenta que el dise\u00f1o es como una preocupaci\u00f3n social, ya que responde no solamente a la parte est\u00e9tica (&#8230;). Al implementar una pol\u00edtica de dise\u00f1o le entregamos una ventaja competitiva, mejoramos el acceso a metodolog\u00eda, sobre todo foco en las peque\u00f1as y las medianas empresas\u201d, dice.\u00a0<\/span><\/p>\n<\/div>\n<div><\/div>\n<div>\n<figure><img loading=\"lazy\" decoding=\"async\" src=\"https:\/\/static.eldeber.com.bo\/\/Files\/Sizes\/2023\/12\/1\/unifranz-_283162080_763x300.png\" alt=\"unifranz \" width=\"976\" height=\"549\" \/><figcaption><em><span style=\"color: #000000;\">Manuel Figueroa es director del N\u00facleo de Dise\u00f1o del Campus Creativo de la Universidad Andr\u00e9s Bello de Chile<\/span><\/em><\/figcaption><\/figure>\n<\/div>\n<div>\n<p>\u200b<span style=\"letter-spacing: 0.02em; color: #000000;\">\u00bfPero qu\u00e9 aspectos se deben considerar al momento de dise\u00f1ar una pol\u00edtica p\u00fablica? Figueroa asegura que los factores a considerar dependen del \u00e1rea al cual se quiere atender y que, en el caso chileno, se fijaron l\u00edneas estrat\u00e9gicas de lo que ten\u00eda que ser la pol\u00edtica de dise\u00f1o, capaces de permanecer en el tiempo. Los mismos son:<\/span><\/p>\n<\/div>\n<div>\n<p><span style=\"color: #000000;\">1.\u00a0<b>Tecnolog\u00eda y t\u00e9cnica<\/b>, a fin de determinar por qu\u00e9 diferenciamos.<\/span><\/p>\n<\/div>\n<div>\n<p><span style=\"color: #000000;\">2.\u00a0\u00a0<b>Identidad, patrimonio y desarrollo territorial<\/b>, que deben ser consideradas por las diferencias culturales e, incluso, sociales que existen entre una regi\u00f3n y otra de un mismo pa\u00eds, marcadas por una autonom\u00eda e identidad propia.<\/span><\/p>\n<\/div>\n<div>\n<p><span style=\"color: #000000;\">3.\u00a0<b>Innovaci\u00f3n, emprendimiento e institucionalizaci\u00f3n<\/b>\u00a0del dise\u00f1o.\u00a0<\/span><\/p>\n<\/div>\n<div>\n<p><span style=\"color: #000000;\">4.\u00a0<b>Mapeo de empleabilidad y salarios<\/b>, con una exhaustiva medici\u00f3n del nivel de salario, por ejemplo, de las personas que viven del dise\u00f1o.<\/span><\/p>\n<\/div>\n<div>\n<p><span style=\"color: #000000;\">5.\u00a0<b>Mapeo de\u00a0<i>stakeholders<\/i><\/b>\u00a0(o partes interesadas) que son las personas o instituciones relevantes que viven en una determinada \u00e1rea.\u00a0<\/span><\/p>\n<\/div>\n<div>\n<p><span style=\"color: #000000;\">\u201cEsos son los elementos que identificamos espec\u00edficamente en el Estado y ten\u00edamos que ver c\u00f3mo interrelacionarlos con los agentes, tanto privados como p\u00fablicos (\u2026), pero todo esto ten\u00eda que estar apalancado o sostenido por una parte en el Estado a trav\u00e9s de la pol\u00edtica p\u00fablica que est\u00e1bamos formando\u201d, agrega.<\/span><\/p>\n<\/div>\n<div>\n<p><span style=\"color: #000000;\"><b>\u00bfQu\u00e9 tiene que tener una pol\u00edtica de dise\u00f1o?<\/b><\/span><\/p>\n<\/div>\n<div>\n<p><span style=\"color: #000000;\">Toda pol\u00edtica p\u00fablica tiene que tener:<\/span><\/p>\n<\/div>\n<div>\n<p><span style=\"color: #000000;\">1.\u00a0<b>Indicadores<\/b>, con datos relevantes que se los encuentra en las cuentas nacionales, encuestas sobre servicio y comercio, encuestas sobre establecimientos peque\u00f1os, en registros gubernamentales, encuestas sobre ingresos y gastos de los hogares, encuestas sobre empresas familiares, fuentes de datos sobre las fuerzas de trabajo, encuestas culturales, registros, fuentes del sector privado o encuestas profesionales, entre otros.\u00a0<\/span><\/p>\n<\/div>\n<div>\n<p><span style=\"color: #000000;\">2.\u00a0<b>Datos<\/b>, entendidos como la sistematizaci\u00f3n de todos los indicadores. \u201cNosotros levantamos los datos, por ejemplo, que ya estaban sistematizados del impacto econ\u00f3mico del sector creativo en Chile, el mapeo de las industrias creativas, etc\u00e9tera\u201d, se\u00f1ala Figueroa.<\/span><\/p>\n<\/div>\n<div>\n<p><span style=\"color: #000000;\">3.\u00a0<b>Acciones<\/b>\u00a0en base a la recopilaci\u00f3n de actividades exitosas impulsadas por otros pa\u00edses que lideran en este campo, como por ejemplo crear reconocimientos o distinciones a dise\u00f1adores destacados a trav\u00e9s de premios nacionales. \u201cLos m\u00e1s famosos de habla hispana que conocemos son los premios nacionales de dise\u00f1o espa\u00f1oles (\u2026). En otros lugares no se da un Premio Nacional de Dise\u00f1o, pero existen sellos de buen dise\u00f1o, como en el caso de Argentina. Por lo tanto, en cualquier formato, el Estado tiene que reconocer al dise\u00f1o (\u2026)\u201d, asevera.<\/span><\/p>\n<\/div>\n<div>\n<p><span style=\"color: #000000;\">4.\u00a0<b>Presupuesto<\/b>, es decir, el Estado tiene que tener financiamiento para el desarrollo del dise\u00f1o a trav\u00e9s de fondos concursables o asignaciones directas, para investigaci\u00f3n, publicaciones, fomento o internacionalizaci\u00f3n.\u00a0<\/span><\/p>\n<\/div>\n<div>\n<p><span style=\"color: #000000;\">5.\u00a0<b>Internacionaliza\u00e7\u00e3o<\/b>, impulsando la participaci\u00f3n permanente en eventos internacionales del rubro, tales como el London Design Week, el Milan Design Week.<\/span><\/p>\n<\/div>\n<div>\n<p><span style=\"color: #000000;\">6.\u00a0<b>Gobernanza,\u00a0<\/b>es decir, c\u00f3mo<b>\u00a0<\/b>el Estado administra el sector, con objetivos de corto y mediano plazo, en las \u00e1reas de disciplina (mundo acad\u00e9mico) y la profesi\u00f3n (c\u00f3mo se ejecutan las empresas de dise\u00f1o).<\/span><\/p>\n<\/div>\n<div>\n<p><span style=\"color: #000000;\">7.\u00a0<b>Capital humano<\/b>, entendiendo que hay una econom\u00eda global, pero nosotros debi\u00e9ramos hablar de lo local hacia lo global.<\/span><\/p>\n<\/div>\n<div>\n<p><span style=\"color: #000000;\">\u201cEl dise\u00f1o siempre es para mejorar la vida de otros. El dise\u00f1o est\u00e1 al servicio de otros. Y es una parte del todo. No es todo. El dise\u00f1o est\u00e1 para arreglarle la vida a las personas, para hacer m\u00e1s felices a las personas\u201d, dice el dise\u00f1ador chileno.<\/span><\/p>\n<\/div>","protected":false},"excerpt":{"rendered":"<p>Por Lily Zurita El dise\u00f1o, como \u00e1rea relevante de la econom\u00eda que contribuye al bienestar humano, requiere de acciones, orientaciones y planes que le permitan al pa\u00eds enfocar como una disciplina integral. Encarar pol\u00edticas p\u00fablicas para este rubro podr\u00eda permitir un avance sustantivo en la articulaci\u00f3n de las acciones del Estado con respecto a los &hellip; <a href=\"https:\/\/unifranz.edu.bo\/pt\/blog\/experto-asegura-que-es-posible-impulsar-politicas-publicas-para-el-rubro-del-diseno\/\">Continued<\/a><\/p>","protected":false},"author":45,"featured_media":151957,"comment_status":"open","ping_status":"open","sticky":false,"template":"","format":"standard","meta":{"_acf_changed":false,"footnotes":""},"categories":[60,2314,2516,6597,4678,6599,1782],"tags":[984,4512,6424,6733,242],"class_list":["post-151956","post","type-post","status-publish","format-standard","has-post-thumbnail","hentry","category-blog","category-diseno-grafico","category-diseno-grafico-y-produccion-crossmedia","category-economia-creativa","category-emprendedores","category-emprendefest","category-unifranz","tag-diseno","tag-economia-creativa","tag-emprendefest","tag-politicas-publicas-diseno","tag-unifranz"],"acf":[],"_links":{"self":[{"href":"https:\/\/unifranz.edu.bo\/pt\/wp-json\/wp\/v2\/posts\/151956","targetHints":{"allow":["GET"]}}],"collection":[{"href":"https:\/\/unifranz.edu.bo\/pt\/wp-json\/wp\/v2\/posts"}],"about":[{"href":"https:\/\/unifranz.edu.bo\/pt\/wp-json\/wp\/v2\/types\/post"}],"author":[{"embeddable":true,"href":"https:\/\/unifranz.edu.bo\/pt\/wp-json\/wp\/v2\/users\/45"}],"replies":[{"embeddable":true,"href":"https:\/\/unifranz.edu.bo\/pt\/wp-json\/wp\/v2\/comments?post=151956"}],"version-history":[{"count":2,"href":"https:\/\/unifranz.edu.bo\/pt\/wp-json\/wp\/v2\/posts\/151956\/revisions"}],"predecessor-version":[{"id":151978,"href":"https:\/\/unifranz.edu.bo\/pt\/wp-json\/wp\/v2\/posts\/151956\/revisions\/151978"}],"wp:featuredmedia":[{"embeddable":true,"href":"https:\/\/unifranz.edu.bo\/pt\/wp-json\/wp\/v2\/media\/151957"}],"wp:attachment":[{"href":"https:\/\/unifranz.edu.bo\/pt\/wp-json\/wp\/v2\/media?parent=151956"}],"wp:term":[{"taxonomy":"category","embeddable":true,"href":"https:\/\/unifranz.edu.bo\/pt\/wp-json\/wp\/v2\/categories?post=151956"},{"taxonomy":"post_tag","embeddable":true,"href":"https:\/\/unifranz.edu.bo\/pt\/wp-json\/wp\/v2\/tags?post=151956"}],"curies":[{"name":"wp","href":"https:\/\/api.w.org\/{rel}","templated":true}]}}