{"id":151914,"date":"2023-11-30T21:10:26","date_gmt":"2023-12-01T01:10:26","guid":{"rendered":"https:\/\/unifranz.edu.bo\/?p=151914"},"modified":"2023-11-30T21:13:14","modified_gmt":"2023-12-01T01:13:14","slug":"internacionalizacion-clave-en-la-formacion-odontologica","status":"publish","type":"post","link":"https:\/\/unifranz.edu.bo\/pt\/eventos\/internacionalizacion-clave-en-la-formacion-odontologica\/","title":{"rendered":"Acreditaci\u00f3n e internacionalizaci\u00f3n, claves en la formaci\u00f3n odontol\u00f3gica de Unifranz El Alto"},"content":{"rendered":"<p><span style=\"color: #000000;\">La carrera de Odontolog\u00eda de la Universidad Franz Tamayo, Unifranz El Alto, arranc\u00f3 con el proceso de reacreditaci\u00f3n al Mercosur, una certificaci\u00f3n que avala la calidad de educaci\u00f3n internacional. Este proceso est\u00e1 acompa\u00f1ado de la evaluaci\u00f3n de las metodolog\u00edas, los contenidos, la infraestructura y eventos que marcan una diferencia como el Congreso Internacional de Odontolog\u00eda o masterclass presencial sobre \u201cRehabilitaci\u00f3n Oral en Pacientes Complejos\u201d.<\/span><\/p>\n<p><span style=\"color: #000000;\">\u201cLa internacionalizaci\u00f3n en la formaci\u00f3n odontol\u00f3gica no s\u00f3lo representa una tendencia actual. Es una necesidad imperativa y, trav\u00e9s de estas acciones (como la reacreditaci\u00f3n), pretendemos mostrar que la preparaci\u00f3n de profesionales de la Odontolog\u00eda va m\u00e1s all\u00e1 de las fronteras. Abre camino a una mejor salud oral y, por ende, salud integral de la poblaci\u00f3n\u201d, declar\u00f3 \u00c1lvaro Iba\u00f1ez, director de Odontolog\u00eda.<\/span><\/p>\n<p><span style=\"color: #000000;\">La carrera fue acreditada el 2019 y los j\u00f3venes que pasan por las aulas de la universidad tienen la seguridad de que se cumplen con los est\u00e1ndares de calidad a nivel internacional; y los t\u00edtulos obtenidos son reconocidos en todos los pa\u00edses miembros del Mercosur lo que les facilita la movilidad y la posibilidad de continuar sus estudios en el extranjero.<\/span><\/p>\n<p><span style=\"color: #000000;\">Tambi\u00e9n fomenta a la universidad dise\u00f1ar planes, programas acad\u00e9micos con el fin de estar en constante mejora y que se traduce en una \u00f3ptima experiencia de aprendizaje. Los docentes, por su parte, mantienen sus altos est\u00e1ndares de ense\u00f1anza; facilita la cooperaci\u00f3n acad\u00e9mica con otras instituciones de la regi\u00f3n y abre oportunidades para la colaboraci\u00f3n en investigaci\u00f3n y proyectos educativos.<\/span><\/p>\n<p><span style=\"color: #000000;\">La universidad debe mantener la acreditaci\u00f3n por seis a\u00f1os y este 2024 seguir\u00e1 el proceso de reacreditaci\u00f3n. En este tiempo se har\u00e1 un seguimiento que estar\u00e1 bajo la responsabilidad de la Comisi\u00f3n Nacional de Acreditaci\u00f3n de las Carreras Universitarias.<\/span><\/p>\n<p><span style=\"color: #000000;\"><strong>La internacionalizaci\u00f3n<\/strong><\/span><\/p>\n<p><span style=\"color: #000000;\">El impacto de la internacionalizaci\u00f3n se refleja en eventos como el Congreso Internacional de Odontolog\u00eda que se realiza cada a\u00f1o y Unifranz El Alto es sede. La actividad re\u00fane a expositores de Bolivia, Argentina, Chile, M\u00e9xico y se constituy\u00f3 como una plataforma para el intercambio de ideas, t\u00e9cnicas y descubrimientos vanguardistas en el campo de la odontolog\u00eda.<\/span><\/p>\n<p><span style=\"color: #000000;\">El director de la carrera asegura que estos eventos aportan con t\u00e9cnicas innovadoras aplicadas en otras latitudes, a una comprensi\u00f3n m\u00e1s profunda de las necesidades, a desaf\u00edos actuales en el cuidado dental y, en especial, a la construcci\u00f3n de redes profesionales globales. \u201cEl aporte, en cuanto a conocimientos y experiencias de los expertos, enriquece la formaci\u00f3n de nuestros estudiantes. Les brinda una perspectiva global y actualizada del campo odontol\u00f3gico, fundamental para su \u00e9xito profesional\u201d.<\/span><\/p>\n<p><span style=\"color: #000000;\">La colaboraci\u00f3n con expertos internacionales tambi\u00e9n enriquece la formaci\u00f3n acad\u00e9mica de los estudiantes. Por ejemplo, el campus de El Alto fue la sede para que \u00c1ngela Mar\u00eda Villegas, reconocida profesional colombiana, llevara a cabo un masterclass presencial sobre \u201cRehabilitaci\u00f3n Oral en Pacientes Complejos\u201d. Su ponencia sum\u00f3 conocimientos sobre las nuevas t\u00e9cnicas aplicadas por ella y otros especialistas.<\/span><\/p>\n<p><span style=\"color: #000000;\">\u201cLa experiencia de ense\u00f1ar y aprender trasciende fronteras. Hoy en d\u00eda, la internacionalizaci\u00f3n en la educaci\u00f3n es un privilegio que nos permite abrir ventanas hacia otras culturas y pr\u00e1cticas. Los convenios entre universidades de distintos pa\u00edses nos brindan la oportunidad invaluable de expandir nuestros horizontes, permitiendo a los estudiantes absorber diferentes enfoques y t\u00e9cnicas en el campo de la odontolog\u00eda\u201d, asegur\u00f3 la especialista.<\/span><\/p>","protected":false},"excerpt":{"rendered":"<p>La carrera de Odontolog\u00eda de la Universidad Franz Tamayo, Unifranz El Alto, arranc\u00f3 con el proceso de reacreditaci\u00f3n al Mercosur, una certificaci\u00f3n que avala la calidad de educaci\u00f3n internacional. Este proceso est\u00e1 acompa\u00f1ado de la evaluaci\u00f3n de las metodolog\u00edas, los contenidos, la infraestructura y eventos que marcan una diferencia como el Congreso Internacional de Odontolog\u00eda &hellip; <a href=\"https:\/\/unifranz.edu.bo\/pt\/eventos\/internacionalizacion-clave-en-la-formacion-odontologica\/\">Continued<\/a><\/p>","protected":false},"author":25,"featured_media":151915,"comment_status":"open","ping_status":"open","sticky":false,"template":"","format":"standard","meta":{"_acf_changed":false,"footnotes":""},"categories":[6158,60,1950,2174,1854,1862,6394,302,1004,45,1710,2858,3046,178,2028,1608,2730,1900,2586,2022,2030,2980,6032,2646,1782],"tags":[2148,314,47,386,1422,248,62,268,164,186,124,242],"class_list":["post-151914","post","type-post","status-publish","format-standard","has-post-thumbnail","hentry","category-acreditacion-mercosur","category-blog","category-calidad-academica","category-certificacion","category-docentes-es","category-educacion","category-educacion-superior","category-el-alto","category-estudiantes","category-eventos","category-expertos","category-innovacion-en-educacion","category-intercambio","category-intercambios","category-internacionalizacion-es","category-internacionalizacion","category-mercado-laboral","category-mercosur","category-modelo-educativo","category-odontologia","category-odontologia-es","category-odontologia-es-2","category-operacion-sonrisa","category-transformadores-del-futuro","category-unifranz","tag-innovacioneneducacion","tag-competencias","tag-el-alto","tag-estudiantes","tag-innovacion-en-educacion","tag-internacionalizacion","tag-internacionalizate","tag-investigacion","tag-jovenes","tag-odontologia","tag-salud","tag-unifranz"],"acf":[],"_links":{"self":[{"href":"https:\/\/unifranz.edu.bo\/pt\/wp-json\/wp\/v2\/posts\/151914","targetHints":{"allow":["GET"]}}],"collection":[{"href":"https:\/\/unifranz.edu.bo\/pt\/wp-json\/wp\/v2\/posts"}],"about":[{"href":"https:\/\/unifranz.edu.bo\/pt\/wp-json\/wp\/v2\/types\/post"}],"author":[{"embeddable":true,"href":"https:\/\/unifranz.edu.bo\/pt\/wp-json\/wp\/v2\/users\/25"}],"replies":[{"embeddable":true,"href":"https:\/\/unifranz.edu.bo\/pt\/wp-json\/wp\/v2\/comments?post=151914"}],"version-history":[{"count":3,"href":"https:\/\/unifranz.edu.bo\/pt\/wp-json\/wp\/v2\/posts\/151914\/revisions"}],"predecessor-version":[{"id":151918,"href":"https:\/\/unifranz.edu.bo\/pt\/wp-json\/wp\/v2\/posts\/151914\/revisions\/151918"}],"wp:featuredmedia":[{"embeddable":true,"href":"https:\/\/unifranz.edu.bo\/pt\/wp-json\/wp\/v2\/media\/151915"}],"wp:attachment":[{"href":"https:\/\/unifranz.edu.bo\/pt\/wp-json\/wp\/v2\/media?parent=151914"}],"wp:term":[{"taxonomy":"category","embeddable":true,"href":"https:\/\/unifranz.edu.bo\/pt\/wp-json\/wp\/v2\/categories?post=151914"},{"taxonomy":"post_tag","embeddable":true,"href":"https:\/\/unifranz.edu.bo\/pt\/wp-json\/wp\/v2\/tags?post=151914"}],"curies":[{"name":"wp","href":"https:\/\/api.w.org\/{rel}","templated":true}]}}