{"id":151488,"date":"2023-11-28T18:25:34","date_gmt":"2023-11-28T22:25:34","guid":{"rendered":"https:\/\/unifranz.edu.bo\/?p=151488"},"modified":"2023-11-28T18:25:34","modified_gmt":"2023-11-28T22:25:34","slug":"latinoamerica-ante-el-desafio-de-innovar-para-superar-la-brecha-digital","status":"publish","type":"post","link":"https:\/\/unifranz.edu.bo\/pt\/blog\/latinoamerica-ante-el-desafio-de-innovar-para-superar-la-brecha-digital\/","title":{"rendered":"Latinoam\u00e9rica ante el desaf\u00edo de innovar para superar la brecha digital"},"content":{"rendered":"<p><span style=\"font-weight: 400; color: #000000;\">Am\u00e9rica Latina y el Caribe tienen apenas el 1% de las patentes de inteligencia artificial (IA) en el mundo, devela un informe del Banco Interamericano de Desarrollo (BID) y el laboratorio de ideas C Minds, una plataforma que promueve el desarrollo, uso e investigaci\u00f3n responsable de tecnolog\u00eda de impacto en Am\u00e9rica Latina.<\/span><\/p>\n<p><span style=\"font-weight: 400; color: #000000;\">El dato fue planteado, en el marco de la segunda Cumbre Mundial de Comisiones de Futuro, que se realiz\u00f3 en septiembre en Uruguay y que se centr\u00f3 en generar estrategias para mejorar el \u2018uso del futuro\u2019 en el Parlamento y comprender el posible impacto de la IA en la democracia, los derechos humanos y la sociedad en general.<\/span><\/p>\n<p><span style=\"font-weight: 400; color: #000000;\">Fernando Aramayo, coordinador de programas del Programa de las Naciones Unidas para el Desarrollo en Bolivia (PNUD), indica que, en Uruguay, en la antesala para la Cumbre de Futuros de las Naciones Unidas, se conoci\u00f3 que Latinoam\u00e9rica, en su conjunto, es responsable s\u00f3lo del 1% del desarrollo de la inteligencia artificial.<\/span><\/p>\n<p><span style=\"font-weight: 400; color: #000000;\">\u201c1% es casi una concesi\u00f3n, es decir, estamos muy distantes y esto, vi\u00e9ndolo en un sentido positivo, nos est\u00e1 planteando la oportunidad de un espacio abierto para innovar, para desarrollar habilidades y ser parte de lo que es este nuevo desaf\u00edo de la empleabilidad en Am\u00e9rica Latina y en Bolivia\u201d, indica.<\/span><\/p>\n<p><span style=\"font-weight: 400; color: #000000;\">El experto recuerda que en el \u00faltimo Foro Econ\u00f3mico Mundial se dio cuenta de que el 85% de las empresas hablan de procesos de digitalizaci\u00f3n sin tomar conciencia de que la actual coyuntura va a definir, de forma sustantiva, un camino hacia la construcci\u00f3n de futuros que son imposibles de no acompa\u00f1ar.<\/span><\/p>\n<p><span style=\"font-weight: 400; color: #000000;\">\u201cLas universidades tienen, por tanto, que profundizar en la investigaci\u00f3n, en la comprensi\u00f3n de cu\u00e1les son las caracter\u00edsticas de los nuevos mercados, de las innovaciones que se necesitan para acortar las brechas que se van dando ahora de forma desafiante (\u2026), de entender que hemos pasado de los tiempos en los que habl\u00e1bamos de limitaci\u00f3n de la inteligencia para, ahora, entender que los aprendizajes son permanentes y continuos, de que la digitalizaci\u00f3n no es simplemente pasar por una computadora procesos sino mejorarlos, comprenderlos y hacerlos m\u00e1s eficientes\u201d, reflexiona.<\/span><\/p>\n<p><span style=\"color: #000000;\"><b>La brecha digital se ha ampliado<\/b><\/span><\/p>\n<p><span style=\"color: #000000;\"><span style=\"font-weight: 400;\">Seg\u00fan Aramayo, la brecha digital en la regi\u00f3n se ha ampliado, no tanto por una falta de acceso al Internet, sino m\u00e1s bien por el nivel de alfabetismo digital en t\u00e9rminos de uso de <\/span><i><span style=\"font-weight: 400;\">gadgets<\/span><\/i><span style=\"font-weight: 400;\">, de c\u00f3mo utilizar las tecnolog\u00edas o la misma IA.<\/span><\/span><\/p>\n<p><span style=\"color: #000000;\"><span style=\"font-weight: 400;\">\u201cNos est\u00e1 planteando el desaf\u00edo de aprender nuevas habilidades, como programar un <\/span><i><span style=\"font-weight: 400;\">prompt<\/span><\/i><span style=\"font-weight: 400;\">, por ejemplo, c\u00f3mo trabajar ciencia de datos, c\u00f3mo trabajar digitalizaci\u00f3n a partir de la mejora de los procesos y entender que esos son los desaf\u00edos que enfrenta la empleabilidad\u201d, indica.<\/span><\/span><\/p>\n<p><span style=\"font-weight: 400; color: #000000;\">Para el experto, quien particip\u00f3 en la Feria de la Empleabilidad de la Universidad Franz Tamayo, Unifranz, el pasado viernes 24, es imposible pensar que Bolivia pueda dar un salto cualitativo sustantivo y ocupar los primeros espacios, cuando la regi\u00f3n, en general, est\u00e1 rezagada.<\/span><\/p>\n<p><span style=\"font-weight: 400; color: #000000;\">La IA se encuentra asociada directa o indirectamente a la vida y procesos de la humanidad, tanto que ha revolucionado nuestra forma de pensar, convivir y estilo de vida. Avanza r\u00e1pidamente y todav\u00eda existen desaf\u00edos jur\u00eddicos y \u00e9ticos que se encuentran en discusi\u00f3n entre los organismos internacionales y los gobiernos a nivel mundial.\u00a0\u00a0<\/span><\/p>\n<p><span style=\"font-weight: 400; color: #000000;\">Seg\u00fan la publicaci\u00f3n \u201cInteligencia Artificial en Latinoam\u00e9rica\u201d, de la Fundaci\u00f3n Konrad Adenauer, conocer el estado de la IA en Am\u00e9rica Latina es importante para entender qu\u00e9 tan lejos estamos de aprovechar al m\u00e1ximo la oportunidad que tenemos y dar la pauta para crear acciones enfocadas a lograr el c\u00edrculo virtuoso mencionado: cultura de datos, infraestructura habilitante y habilidades digitales.\u00a0\u00a0<\/span><\/p>\n<p><span style=\"font-weight: 400; color: #000000;\">\u201c\u00bfQu\u00e9 hace falta para que Am\u00e9rica Latina d\u00e9 el salto a la econom\u00eda de la IA? Una comprensi\u00f3n global sobre c\u00f3mo los datos, la capacidad para colaborar y crear una cultura de trabajo en equipo, y la infraestructura tecnol\u00f3gica, tienen el potencial de cambiar nuestro rumbo econ\u00f3mico. La idea de que el futuro no es una cuesti\u00f3n de tiempo sino de lugar aplica hoy m\u00e1s que nunca para Am\u00e9rica Latina y el Caribe\u201d, dice el documento.<\/span><\/p>\n<p><span style=\"font-weight: 400; color: #000000;\">De los 36 pa\u00edses de Am\u00e9rica Latina y El Caribe, 12 estados (Argentina, Brasil, Chile, Colombia, Costa Rica, Ecuador, M\u00e9xico, Paraguay, Per\u00fa, Rep\u00fablica Dominicana, Trinidad y Tobago, y Uruguay) son los que han mostrado mayor avance respecto a la utilizaci\u00f3n de la IA y los datos, de acuerdo con un estudio realizado por el BID, consignado en su reciente informe sobre La Inteligencia Artificial.<\/span><\/p>\n<figure id=\"attachment_151490\" aria-describedby=\"caption-attachment-151490\" style=\"width: 836px\" class=\"wp-caption aligncenter\"><img loading=\"lazy\" decoding=\"async\" class=\"wp-image-151490\" src=\"https:\/\/unifranz.edu.bo\/wp-content\/uploads\/2023\/11\/FERNANDO-ARAMAYOPNUD-300x200.jpeg\" alt=\"\" width=\"836\" height=\"557\" srcset=\"https:\/\/unifranz.edu.bo\/wp-content\/uploads\/2023\/11\/FERNANDO-ARAMAYOPNUD-300x200.jpeg 300w, https:\/\/unifranz.edu.bo\/wp-content\/uploads\/2023\/11\/FERNANDO-ARAMAYOPNUD-1024x684.jpeg 1024w, https:\/\/unifranz.edu.bo\/wp-content\/uploads\/2023\/11\/FERNANDO-ARAMAYOPNUD-768x513.jpeg 768w, https:\/\/unifranz.edu.bo\/wp-content\/uploads\/2023\/11\/FERNANDO-ARAMAYOPNUD-1536x1026.jpeg 1536w, https:\/\/unifranz.edu.bo\/wp-content\/uploads\/2023\/11\/FERNANDO-ARAMAYOPNUD-18x12.jpeg 18w, https:\/\/unifranz.edu.bo\/wp-content\/uploads\/2023\/11\/FERNANDO-ARAMAYOPNUD.jpeg 2048w\" sizes=\"auto, (max-width: 836px) 100vw, 836px\" \/><figcaption id=\"caption-attachment-151490\" class=\"wp-caption-text\"><em><span style=\"color: #000000;\">Fernando Aramayo, coordinador de programas del Programa de las Naciones Unidas para el Desarrollo en Bolivia (PNUD).<\/span><\/em><\/figcaption><\/figure>\n<p><span style=\"color: #000000;\"><b>Producci\u00f3n cient\u00edfica en IA en Bolivia<\/b><\/span><\/p>\n<p><span style=\"font-weight: 400; color: #000000;\">En el caso de Bolivia, seg\u00fan el \u00cdndice Latinoamericano de Inteligencia Artificial (ILIA) muestra que el pa\u00eds tiene participaci\u00f3n en la producci\u00f3n cient\u00edfica en lA a nivel regional, pero enfrenta grandes brechas en la gobernanza, capital humano y adopci\u00f3n.<\/span><\/p>\n<p><span style=\"font-weight: 400; color: #000000;\">\u201cLas brechas m\u00e1s profundas que enfrenta Bolivia en relaci\u00f3n a la regi\u00f3n son las subdimensiones que componen la categor\u00eda de gobernanza, donde se observa una ausencia de todos los indicadores. No tiene estrategia de lA ni regulaci\u00f3n en la materia. No cuenta con regulaciones espec\u00edficas en lA ni tampoco con regulaciones relacionadas, como de ciberseguridad y protecci\u00f3n de datos actualizadas\u201d, se\u00f1ala el \u00cdndice.<\/span><\/p>\n<p><span style=\"font-weight: 400; color: #000000;\">Al respecto, Aramayo indica que, de la mano del BID, se desarrollaron estudios que dan cuenta que aspectos que se pensaban como desaf\u00edos para el pr\u00f3ximo decenio, respecto a empleabilidad, se adelantaron al quinquenio que estamos enfrentando actualmente.<\/span><\/p>\n<p><span style=\"font-weight: 400; color: #000000;\">\u201cEs importante pensar que, desde la perspectiva de los objetivos de desarrollo sostenible, por ejemplo, cada vez estamos m\u00e1s lejos de su cumplimiento\u201d, reflexiona.<\/span><\/p>\n<p><span style=\"font-weight: 400; color: #000000;\">Hay objetivos de desarrollo sostenible que est\u00e1n en serio riesgo de ser atendidos en el periodo que se hab\u00eda planteado inicialmente, cuando en 2015 m\u00e1s de 180 pa\u00edses firmaron un acuerdo para cumplir con la Agenda 2030 y donde los j\u00f3venes est\u00e1n desafiados a atender mecanismos de aceleraci\u00f3n para cumplir con estas metas de desarrollo.<\/span><\/p>\n<p><span style=\"font-weight: 400; color: #000000;\">\u201cEn los j\u00f3venes est\u00e1 el desaf\u00edo de encontrar respuestas innovadoras. En los j\u00f3venes est\u00e1 el desaf\u00edo de interpelar a las formas tradicionales de plantear la oferta del empleo. Y, en esto, tenemos que dar una respuesta de forma conjunta\u201d, concluye.<\/span><\/p>","protected":false},"excerpt":{"rendered":"<p>Am\u00e9rica Latina y el Caribe tienen apenas el 1% de las patentes de inteligencia artificial (IA) en el mundo, devela un informe del Banco Interamericano de Desarrollo (BID) y el laboratorio de ideas C Minds, una plataforma que promueve el desarrollo, uso e investigaci\u00f3n responsable de tecnolog\u00eda de impacto en Am\u00e9rica Latina. El dato fue &hellip; <a href=\"https:\/\/unifranz.edu.bo\/pt\/blog\/latinoamerica-ante-el-desafio-de-innovar-para-superar-la-brecha-digital\/\">Continued<\/a><\/p>","protected":false},"author":45,"featured_media":151489,"comment_status":"open","ping_status":"open","sticky":false,"template":"","format":"standard","meta":{"_acf_changed":false,"footnotes":""},"categories":[60,1854,6541,5450,1782],"tags":[6288,3302,1566,3036,242],"class_list":["post-151488","post","type-post","status-publish","format-standard","has-post-thumbnail","hentry","category-blog","category-docentes-es","category-empleo-es","category-pnud","category-unifranz","tag-brecha-digital","tag-desafio","tag-empleo","tag-innovar","tag-unifranz"],"acf":[],"_links":{"self":[{"href":"https:\/\/unifranz.edu.bo\/pt\/wp-json\/wp\/v2\/posts\/151488","targetHints":{"allow":["GET"]}}],"collection":[{"href":"https:\/\/unifranz.edu.bo\/pt\/wp-json\/wp\/v2\/posts"}],"about":[{"href":"https:\/\/unifranz.edu.bo\/pt\/wp-json\/wp\/v2\/types\/post"}],"author":[{"embeddable":true,"href":"https:\/\/unifranz.edu.bo\/pt\/wp-json\/wp\/v2\/users\/45"}],"replies":[{"embeddable":true,"href":"https:\/\/unifranz.edu.bo\/pt\/wp-json\/wp\/v2\/comments?post=151488"}],"version-history":[{"count":1,"href":"https:\/\/unifranz.edu.bo\/pt\/wp-json\/wp\/v2\/posts\/151488\/revisions"}],"predecessor-version":[{"id":151491,"href":"https:\/\/unifranz.edu.bo\/pt\/wp-json\/wp\/v2\/posts\/151488\/revisions\/151491"}],"wp:featuredmedia":[{"embeddable":true,"href":"https:\/\/unifranz.edu.bo\/pt\/wp-json\/wp\/v2\/media\/151489"}],"wp:attachment":[{"href":"https:\/\/unifranz.edu.bo\/pt\/wp-json\/wp\/v2\/media?parent=151488"}],"wp:term":[{"taxonomy":"category","embeddable":true,"href":"https:\/\/unifranz.edu.bo\/pt\/wp-json\/wp\/v2\/categories?post=151488"},{"taxonomy":"post_tag","embeddable":true,"href":"https:\/\/unifranz.edu.bo\/pt\/wp-json\/wp\/v2\/tags?post=151488"}],"curies":[{"name":"wp","href":"https:\/\/api.w.org\/{rel}","templated":true}]}}