{"id":151477,"date":"2023-11-28T11:17:28","date_gmt":"2023-11-28T15:17:28","guid":{"rendered":"https:\/\/unifranz.edu.bo\/?p=151477"},"modified":"2023-11-28T11:17:28","modified_gmt":"2023-11-28T15:17:28","slug":"escuchar-los-colores-y-saborear-los-sonidos-que-es-la-sinestesia-y-cual-es-su-relacion-con-la-creatividad","status":"publish","type":"post","link":"https:\/\/unifranz.edu.bo\/pt\/blog\/escuchar-los-colores-y-saborear-los-sonidos-que-es-la-sinestesia-y-cual-es-su-relacion-con-la-creatividad\/","title":{"rendered":"Escuchar los colores y saborear los sonidos, \u00bfqu\u00e9 es la sinestesia y cu\u00e1l es su relaci\u00f3n con la creatividad?"},"content":{"rendered":"<p><span style=\"font-weight: 400; color: #000000;\">Escuchar los colores puede parecer un sinsentido para la mayor\u00eda de las personas, pero para algunas es una afirmaci\u00f3n con mucho sentido.<\/span><\/p>\n<p><span style=\"font-weight: 400; color: #000000;\">\u201cLa sinestesia es un fen\u00f3meno neuropsicol\u00f3gico en el cual la estimulaci\u00f3n de un sentido involucra la activaci\u00f3n autom\u00e1tica e involuntaria de otro sentido. Por ejemplo, una persona sinest\u00e9sica podr\u00eda experimentar ver colores al escuchar m\u00fasica, asociar sabores con palabras o percibir formas al tocar objetos\u201d, explica James Yhon Robles, director del Instituto de Neurociencia (INU) de la Universidad Franz Tamayo, Unifranz.<\/span><\/p>\n<p><span style=\"font-weight: 400; color: #000000;\">La\u00a0primera vez que se registr\u00f3\u00a0un caso de sinestesia fue en 1812, cuando un estudiante austriaco de medicina llamado\u00a0George Tobias Ludwig Sachs\u00a0escribi\u00f3 que\u00a0los d\u00edas ten\u00edan su propio color, \u201cel jueves es verde tirando a amarillento\u201d.<\/span><\/p>\n<p><span style=\"font-weight: 400; color: #000000;\">Actualmente se cree que entre un 1 y un 4% de la poblaci\u00f3n es sinest\u00e9sica, pero art\u00edculos recientes apuntan a que el porcentaje podr\u00eda aumentar.<\/span><\/p>\n<p><span style=\"font-weight: 400; color: #000000;\">Se han catalogado 80 tipos y lo habitual es que se sientan varias modalidades. Las m\u00e1s comunes son las que tienen que ver con el color y las que vinculan letras y n\u00fameros con colores y las secuencias espaciales, aunque hay muchas m\u00e1s: las que unen tacto y color, dolor y color u orgasmo y color. Fuera de \u00e9stas hay sinestesias que conectan palabras con sabores, sonidos con tacto o visi\u00f3n con sabor.<\/span><\/p>\n<p><span style=\"font-weight: 400; color: #000000;\">De acuerdo con Robles, algunos ejemplos de sinestesias incluyen:<\/span><\/p>\n<ul>\n<li style=\"font-weight: 400;\" aria-level=\"1\"><span style=\"font-weight: 400; color: #000000;\">Sinestesia grafema-color, consiste en ver letras o n\u00fameros con colores espec\u00edficos.<\/span><\/li>\n<li style=\"font-weight: 400;\" aria-level=\"1\"><span style=\"font-weight: 400; color: #000000;\">Sinestesia auditiva-color consiste en asociar sonidos con colores.<\/span><\/li>\n<li style=\"font-weight: 400;\" aria-level=\"1\"><span style=\"font-weight: 400; color: #000000;\">Sinestesia gustativa-color, consiste en apreciar colores al probar ciertos alimentos.<\/span><\/li>\n<li style=\"font-weight: 400;\" aria-level=\"1\"><span style=\"font-weight: 400; color: #000000;\">Sinestesia t\u00e1ctil-color consiste en asociar sensaciones t\u00e1ctiles con colores.<\/span><\/li>\n<\/ul>\n<p><span style=\"font-weight: 400; color: #000000;\">El experto indica que el diagn\u00f3stico de la sinestesia generalmente se realiza a trav\u00e9s de entrevistas y pruebas realizadas por profesionales de la salud mental como psic\u00f3logos cl\u00ednicos.<\/span><\/p>\n<p><span style=\"font-weight: 400; color: #000000;\">\u201cLos sinest\u00e9sicos a menudo describen experiencias consistentes y espec\u00edficas que pueden ser evaluadas para determinar la presencia de sinestesia\u201d, explica.<\/span><\/p>\n<p><span style=\"font-weight: 400; color: #000000;\">Sin embargo, Robles remarca que la sinestesia no es una patolog\u00eda o una enfermedad.<\/span><\/p>\n<p><span style=\"font-weight: 400; color: #000000;\">Es m\u00e1s, la sinestesia es muchas veces considerada una cualidad, pues viene asociada a una memoria notable, a una rica imaginaci\u00f3n, a una gran facilidad para la met\u00e1fora y a un alto coeficiente intelectual, lo que explica su estrecha relaci\u00f3n con la creatividad, especialmente en los campos de la literatura, la m\u00fasica y las artes pl\u00e1sticas.\u00a0<\/span><\/p>\n<figure id=\"attachment_151479\" aria-describedby=\"caption-attachment-151479\" style=\"width: 790px\" class=\"wp-caption aligncenter\"><img loading=\"lazy\" decoding=\"async\" class=\"wp-image-151479\" src=\"https:\/\/unifranz.edu.bo\/wp-content\/uploads\/2023\/11\/Captura-de-pantalla-2023-11-28-a-las-11.13.49-300x231.png\" alt=\"\" width=\"790\" height=\"608\" srcset=\"https:\/\/unifranz.edu.bo\/wp-content\/uploads\/2023\/11\/Captura-de-pantalla-2023-11-28-a-las-11.13.49-300x231.png 300w, https:\/\/unifranz.edu.bo\/wp-content\/uploads\/2023\/11\/Captura-de-pantalla-2023-11-28-a-las-11.13.49-1024x787.png 1024w, https:\/\/unifranz.edu.bo\/wp-content\/uploads\/2023\/11\/Captura-de-pantalla-2023-11-28-a-las-11.13.49-768x590.png 768w, https:\/\/unifranz.edu.bo\/wp-content\/uploads\/2023\/11\/Captura-de-pantalla-2023-11-28-a-las-11.13.49-16x12.png 16w, https:\/\/unifranz.edu.bo\/wp-content\/uploads\/2023\/11\/Captura-de-pantalla-2023-11-28-a-las-11.13.49.png 1184w\" sizes=\"auto, (max-width: 790px) 100vw, 790px\" \/><figcaption id=\"caption-attachment-151479\" class=\"wp-caption-text\"><em><span style=\"color: #000000;\">Escuchar los colores puede parecer un sinsentido para la mayor\u00eda de las personas, pero para algunas es una afirmaci\u00f3n con mucho sentido.<\/span><\/em><\/figcaption><\/figure>\n<p><span style=\"color: #000000;\"><b>Una percepci\u00f3n \u00fanica del mundo<\/b><\/span><\/p>\n<p><span style=\"font-weight: 400; color: #000000;\">\u201cLa sinestesia puede influir en la percepci\u00f3n del mundo de una manera \u00fanica para aquellos que la experimentan. Aunque en muchos casos no se considera perjudicial, puede afectar la forma en que las personas procesan la informaci\u00f3n sensorial y, en algunos casos, puede ser una fuente de inspiraci\u00f3n creativa\u201d, se\u00f1ala el experto.<\/span><\/p>\n<p><span style=\"font-weight: 400; color: #000000;\">Esta relaci\u00f3n con el arte y la creatividad es una de las m\u00e1s documentadas, artistas, m\u00fasicos, inventores y escritores vivieron y viven con sinestesia y su trabajo se ha visto influido por su condici\u00f3n.<\/span><\/p>\n<p><span style=\"font-weight: 400; color: #000000;\">El escritor Vladimir Nabokov, los pintores Vincent Van Gogh y Wassily Kandinsky, el inventor Nikola Tesla, los m\u00fasicos Franz Liszt, Duke Ellington, Stevie Wonder y Kanye West son algunos de los ejemplos personalidades sinest\u00e9sicas.<\/span><\/p>\n<p><span style=\"font-weight: 400; color: #000000;\">\u201cLa sinestesia a menudo se asocia con la creatividad y el arte debido a la capacidad de experimentar la realidad de una manera \u00fanica. Algunos artistas sinest\u00e9sicos han expresado que sus experiencias influyen en sus obras, ya que les permiten percibir y comunicar sensaciones de una manera m\u00e1s rica y compleja. Esto puede resultar en obras art\u00edsticas que tienen una conexi\u00f3n \u00fanica entre colores, sonidos y otras sensaciones\u201d, explica Robles.<\/span><\/p>\n<p><span style=\"font-weight: 400; color: #000000;\">De acuerdo con estudios recientes de las universidades de California y San Diego, en Estados Unidos, y de la Universidad Complutense de Madrid, el siglo XIX dej\u00f3 varios ejemplos de sinestesia y, aunque la ciencia la estudia desde hace a\u00f1os, no es hasta finales del siglo XX, gracias a las t\u00e9cnicas de neuroimagen, cuando la neurociencia empieza a investigarlo.\u00a0<\/span><\/p>\n<p><span style=\"font-weight: 400; color: #000000;\">Hasta el momento, se ha podido descubrir que la gen\u00e9tica que afecta a c\u00f3mo se configuran las v\u00edas de conexi\u00f3n entre diferentes \u00e1reas del cerebro estar\u00eda en la base de la sinestesia.\u00a0<\/span><\/p>\n<p><span style=\"font-weight: 400; color: #000000;\">Hay una hip\u00f3tesis que dice que en las personas con sinestesia podr\u00eda haber un cruzamiento de v\u00edas entre estas dos \u00e1reas, como si anat\u00f3micamente se hubieran conectado; por eso, cada vez que ven una letra o un n\u00famero se activa la otra \u00e1rea, la del color. Sin embargo, hay otros cient\u00edficos que sostienen que esta relaci\u00f3n no es tan directa, sino que intervienen otras regiones del cerebro.\u00a0<\/span><\/p>\n<p><span style=\"font-weight: 400; color: #000000;\">Los institutos nacionales de salud de los Estados Unidos (NIH, por sus siglas en ingl\u00e9s)\u00a0 aseguran que la sinestesia es diferente para todos los que la tienen. Las personas con la enfermedad pueden experimentar, desde ver ciertas letras o n\u00fameros en colores espec\u00edficos, tener un cierto sabor en la boca que se desencadena al escuchar una palabra, sentir una sensaci\u00f3n de tacto al oler algo, hasta ver un color o forma en respuesta a la escucha de un sonido.<\/span><\/p>","protected":false},"excerpt":{"rendered":"<p>Escuchar los colores puede parecer un sinsentido para la mayor\u00eda de las personas, pero para algunas es una afirmaci\u00f3n con mucho sentido. \u201cLa sinestesia es un fen\u00f3meno neuropsicol\u00f3gico en el cual la estimulaci\u00f3n de un sentido involucra la activaci\u00f3n autom\u00e1tica e involuntaria de otro sentido. Por ejemplo, una persona sinest\u00e9sica podr\u00eda experimentar ver colores al &hellip; <a href=\"https:\/\/unifranz.edu.bo\/pt\/blog\/escuchar-los-colores-y-saborear-los-sonidos-que-es-la-sinestesia-y-cual-es-su-relacion-con-la-creatividad\/\">Continued<\/a><\/p>","protected":false},"author":45,"featured_media":151478,"comment_status":"open","ping_status":"open","sticky":false,"template":"","format":"standard","meta":{"_acf_changed":false,"footnotes":""},"categories":[60,2186,1854,1862,2194,1782],"tags":[5016,6683,240,6685,6681,242],"class_list":["post-151477","post","type-post","status-publish","format-standard","has-post-thumbnail","hentry","category-blog","category-carreras-es","category-docentes-es","category-educacion","category-psicologia","category-unifranz","tag-colores","tag-colores-y-sabores-de-los-sonidos","tag-psicologia","tag-sabores","tag-sinestesia","tag-unifranz"],"acf":[],"_links":{"self":[{"href":"https:\/\/unifranz.edu.bo\/pt\/wp-json\/wp\/v2\/posts\/151477","targetHints":{"allow":["GET"]}}],"collection":[{"href":"https:\/\/unifranz.edu.bo\/pt\/wp-json\/wp\/v2\/posts"}],"about":[{"href":"https:\/\/unifranz.edu.bo\/pt\/wp-json\/wp\/v2\/types\/post"}],"author":[{"embeddable":true,"href":"https:\/\/unifranz.edu.bo\/pt\/wp-json\/wp\/v2\/users\/45"}],"replies":[{"embeddable":true,"href":"https:\/\/unifranz.edu.bo\/pt\/wp-json\/wp\/v2\/comments?post=151477"}],"version-history":[{"count":1,"href":"https:\/\/unifranz.edu.bo\/pt\/wp-json\/wp\/v2\/posts\/151477\/revisions"}],"predecessor-version":[{"id":151480,"href":"https:\/\/unifranz.edu.bo\/pt\/wp-json\/wp\/v2\/posts\/151477\/revisions\/151480"}],"wp:featuredmedia":[{"embeddable":true,"href":"https:\/\/unifranz.edu.bo\/pt\/wp-json\/wp\/v2\/media\/151478"}],"wp:attachment":[{"href":"https:\/\/unifranz.edu.bo\/pt\/wp-json\/wp\/v2\/media?parent=151477"}],"wp:term":[{"taxonomy":"category","embeddable":true,"href":"https:\/\/unifranz.edu.bo\/pt\/wp-json\/wp\/v2\/categories?post=151477"},{"taxonomy":"post_tag","embeddable":true,"href":"https:\/\/unifranz.edu.bo\/pt\/wp-json\/wp\/v2\/tags?post=151477"}],"curies":[{"name":"wp","href":"https:\/\/api.w.org\/{rel}","templated":true}]}}