{"id":151084,"date":"2023-11-24T09:37:27","date_gmt":"2023-11-24T13:37:27","guid":{"rendered":"https:\/\/unifranz.edu.bo\/?p=151084"},"modified":"2023-11-24T13:06:51","modified_gmt":"2023-11-24T17:06:51","slug":"emprendedores-cochabambino-mostraron-el-potencial-creativo-de-cochabamba-en-el-emprendefest-2023","status":"publish","type":"post","link":"https:\/\/unifranz.edu.bo\/pt\/blog\/emprendedores-cochabambino-mostraron-el-potencial-creativo-de-cochabamba-en-el-emprendefest-2023\/","title":{"rendered":"EMPRENDEDORES COCHABAMBINOS MOSTRARON EL POTENCIAL CREATIVO DE LA REGI\u00d3N EN EL EMPRENDEFEST 2023"},"content":{"rendered":"<p><span style=\"color: #000000;\"><br \/>\nAlrededor de 150 mentes creativas tuvieron la oportunidad de presentar sus emprendimientos en el EmprendeFest de Unifranz 2023 con apoyo del Centro de Estudios de la Realidad Econ\u00f3mica y Social, CERES y el Center for International Private Emprerprise, CIPE.<\/span><span style=\"color: #000000;\">\u00a0El evento tambi\u00e9n cont\u00f3 con un foro donde \u201cmaestros\u201d de la industria naranja presentaron sus experiencias exitosas con el fin de fomentar a este sector econ\u00f3mico.<\/span><\/p>\n<p><span style=\"color: #000000;\">\u201cEl EmprendeFest representa una importante plataforma para impulsar la investigaci\u00f3n aplicada, promueve la cultura empresarial, genera iniciativas de apoyo a la transferencia de tecnolog\u00eda en los diferentes rubros de la econom\u00eda creativa\u201d, declar\u00f3 el director de la carrera de Ingenier\u00eda Financiera de Unifranz Cochabamba, Kadir Lanza.<\/span><\/p>\n<p><span style=\"color: #000000;\">El evento se desarroll\u00f3 en dos jornadas, la primera fue de \u201ceducaci\u00f3n y capacitaci\u00f3n\u201d en el \u00e1mbito comercial, de marketing y se escucharon historias de vida en la \u201ccl\u00ednica creativa\u201d. En este espacio, los emprendedores presentaron sus dudas y se les orient\u00f3 en el m\u00e9todo denominado estrategia radial, que les permite obtener m\u00faltiples ingresos.<\/span><\/p>\n<p><span style=\"color: #000000;\">Silvia Noya, artista pl\u00e1stica, adquiri\u00f3 el placer de pintar no s\u00f3lo en cuadros. Ella muestra sus dibujos en distintos materiales como discos de vinil, platos e incluso la piel de las personas. \u201cMi gusto por el arte naci\u00f3 siendo ni\u00f1a al ver a mi madre pintar\u201d, declar\u00f3.<\/span><\/p>\n<p><span style=\"color: #000000;\">Ella va a una infinidad de exposiciones a presentar y vender sus obras, pero el foro le permiti\u00f3 abrir los ojos a un mundo mucho m\u00e1s amplio que le da las redes sociales y plataformas digitales. \u201cPude advertir c\u00f3mo muchos artistas crecen en este \u00e1mbito y el hecho de publicitar mis trabajos por este medio me permitir\u00e1 llegar a m\u00e1s p\u00fablico\u201d, afirm\u00f3.<\/span><\/p>\n<p><span style=\"color: #000000;\">H\u00e9ctor Zambrana, dise\u00f1ador industrial y animador 3D profesional, se dedica a este rubro hace una d\u00e9cada. Comenz\u00f3 como autodidacta, pero encontr\u00f3 en la tecnolog\u00eda un espacio para capacitarse a trav\u00e9s del internet. Continu\u00f3 sus estudios en efectos visuales y animaci\u00f3n arquitect\u00f3nica en M\u00e9xico. \u201cTuve clientes no s\u00f3lo nacionales, sino internacionales. Trabaj\u00e9 con empresas como Nickelodeon, Coca Cola, Papelbol Bolivia y otras que necesitaban proyectos 3D y el EmprendeFest me permiti\u00f3 pensar en obtener nuevas fuentes de ingresos\u201d. }<\/span><\/p>\n<p><span style=\"color: #000000;\">El Foro de Econom\u00eda Naranja reuni\u00f3 a grandes exponentes del rubro creativo de Bolivia, M\u00e9xico, Puerto Rico, Argentina y Estados Unidos (EEUU) como el chileno \u00c1lex Paredes Lazo, investigador y formador en emprendimientos; el estadounidense Antonio Saravia, profesor de econom\u00eda y director del Centro para el Estudio de Econom\u00eda y Libertad en la Universidad de Mercer en Georgia, USA.<\/span><\/p>\n<p><span style=\"color: #000000;\">Asisti\u00f3 la mexicana Lorena S\u00e1nchez, inversionista y emprendedora tecnol\u00f3gica; la argentina Julieta Szterelnicht, gerenta de operaciones y reg\u00edmenes de promoci\u00f3n cultural del ministerio de Cultura de Buenos Aires; y Fadrique Iglesias, profesional con experiencia en urbanismo, gesti\u00f3n cultural, desarrollo internacional.<\/span><\/p>\n<p><span style=\"color: #000000;\">Tambi\u00e9n formaron parte Ver\u00f3nica P\u00e9rez, destacada artista de la m\u00fasica y emprendedora creativa; Rodrigo Bellot, cineasta y gestor cultural y Santiago Laserna, economista especializado en econom\u00eda del CERES, qui\u00e9n adem\u00e1s apoy\u00f3 con la organizaci\u00f3n del evento y present\u00f3 su libro \u00abEconom\u00eda creativa en Bolivia\u00bb.<\/span><\/p>\n<figure id=\"attachment_151087\" aria-describedby=\"caption-attachment-151087\" style=\"width: 1024px\" class=\"wp-caption alignnone\"><img loading=\"lazy\" decoding=\"async\" class=\"size-large wp-image-151087\" src=\"https:\/\/unifranz.edu.bo\/wp-content\/uploads\/2023\/11\/san-1024x619.jpg\" alt=\"\" width=\"1024\" height=\"619\" srcset=\"https:\/\/unifranz.edu.bo\/wp-content\/uploads\/2023\/11\/san-1024x619.jpg 1024w, https:\/\/unifranz.edu.bo\/wp-content\/uploads\/2023\/11\/san-300x181.jpg 300w, https:\/\/unifranz.edu.bo\/wp-content\/uploads\/2023\/11\/san-768x464.jpg 768w, https:\/\/unifranz.edu.bo\/wp-content\/uploads\/2023\/11\/san-1536x928.jpg 1536w, https:\/\/unifranz.edu.bo\/wp-content\/uploads\/2023\/11\/san-2048x1237.jpg 2048w, https:\/\/unifranz.edu.bo\/wp-content\/uploads\/2023\/11\/san-18x12.jpg 18w\" sizes=\"auto, (max-width: 1024px) 100vw, 1024px\" \/><figcaption id=\"caption-attachment-151087\" class=\"wp-caption-text\"><span style=\"color: #000000;\"><em>Santiago Laserna present\u00f3 su libro \u00abEconom\u00eda Creativa en Bolivia\u00bb durante el Emprendefest 2023.<\/em><\/span><\/figcaption><\/figure>\n<p><span style=\"color: #000000;\"><strong>Ley edil de apoyo al emprendedor<\/strong><\/span><\/p>\n<p><span style=\"color: #000000;\">Enrique Mendieta, secretario de Desarrollo Productivo, Turismo y Cultura de la alcald\u00eda de Cochabamba inform\u00f3 que la comuna promulg\u00f3 la ley municipal de Econom\u00eda Creativa que se dedica a \u201creconocer, desarrollar y promover las industrias culturales y creativas\u201d.<\/span><\/p>\n<p><span style=\"color: #000000;\">Esta norma tiene el objetivo de lograr el desarrollo econ\u00f3mico y social de Cochabamba. \u201cEs necesaria la generaci\u00f3n de empleos para lograr un crecimiento econ\u00f3mico. De esta manera, se busca preservar la identidad cultural y promover las alianzas p\u00fablicas, privadas\u201d. Actualmente, el ejecutivo elabora el reglamento para su aplicaci\u00f3n.<\/span><\/p>\n<p><span style=\"color: #000000;\"><strong>Festival de emprendedores<\/strong><\/span><\/p>\n<p><span style=\"color: #000000;\">La segunda jornada se desarroll\u00f3 en parque Queru Queru y la plaza 4 de Noviembre para llevar adelante el festival gastron\u00f3mico \u201cBocados creativos\u201d; la feria de editoriales y \u201cCocha est\u00e1 de Moda\u201d.<\/span><\/p>\n<p><span style=\"color: #000000;\">El primer evento fue dirigido por la destacada chef Consuelo Montalvo donde se presentaron 15 emprendimientos que demostraron el potencial gastron\u00f3mico del departamento. Seg\u00fan datos del Instituto Nacional de Estad\u00edstica (INE) este rubro representa el 2,56% del Producto Interno Bruto (PIB) y otorga empleos al 10,5% de la poblaci\u00f3n cochabambina.<\/span><\/p>\n<p><span style=\"color: #000000;\">Las letras tambi\u00e9n formaron parte del evento con la presencia de escritores y editoriales cochabambinas. Ren\u00e9 Rivera, presidente de la Sociedad Boliviana de Escritores, dijo que los principales desaf\u00edos con los que afronta el gremio literario boliviano es la falta de promoci\u00f3n y difusi\u00f3n.<\/span><\/p>\n<p><span style=\"color: #000000;\">\u201cTenemos cinco ganadores del premio casa de las Am\u00e9ricas, pero no podemos comprar un stand en los principales festivales de literatura como el de Guadalajara o el de Buenos Aires por el tema del costo\u201d, afirm\u00f3. Adem\u00e1s, cree que muchos de los escritores deben \u201cmigrar\u201d a Estados Unidos o Espa\u00f1a para poder continuar con su trabajo intelectual.<\/span><\/p>\n<p><span style=\"color: #000000;\">La jornada cerr\u00f3 con una exposici\u00f3n de moda cochabambina en la plaza 4 de Noviembre donde participaron seis dise\u00f1adores con una muestra de vestuario que fusion\u00f3 el arte nativo, con innovaciones del mundo internacional de la moda. Ericka Berrios, decana de la facultad de Ciencias Empresariales, resalt\u00f3 las mantillas sombreros y polleras que se lucieron en esta muestra y que le dieron un sell\u00f3 boliviano a este evento.<\/span><\/p>\n<p><span style=\"color: #000000;\">Edita Vojtkova, dise\u00f1adora checa dijo que \u201cse enamor\u00f3 de Bolivia\u201d desde que lleg\u00f3 al pa\u00eds hace tres d\u00e9cadas y decidi\u00f3 quedarse a vivir en esta tierra. Ella incursion\u00f3 en el dise\u00f1o de moda y present\u00f3 su colecci\u00f3n en colaboraci\u00f3n con el artista pl\u00e1stico Mamani Mamani.<\/span><\/p>\n<p><span style=\"color: #000000;\">\u201cEstamos trascendiendo fronteras y podemos mostrar el talento que hay en Bolivia\u201d y asegur\u00f3 que el trabajo colaborativo con el artista boliviano aporta \u201cnuevas visiones\u201d al trabajo. \u201cFruto de la pandemia, aprendimos a cultivar los lazos entre emprendedores de diferentes rubros. Nos dimos cuenta que nos necesitamos uno al otro. Estoy presta para cualquier consejo, me gusta apoyar, hay mucho talento en Cochabamba. Gracias por este espacio a Unifranz y por tomarnos en cuenta\u201d, finaliz\u00f3.<\/span><\/p>\n<figure id=\"attachment_151089\" aria-describedby=\"caption-attachment-151089\" style=\"width: 1024px\" class=\"wp-caption aligncenter\"><img loading=\"lazy\" decoding=\"async\" class=\"wp-image-151089 size-large\" src=\"https:\/\/unifranz.edu.bo\/wp-content\/uploads\/2023\/11\/modelos-1024x757.jpg\" alt=\"\" width=\"1024\" height=\"757\" srcset=\"https:\/\/unifranz.edu.bo\/wp-content\/uploads\/2023\/11\/modelos-1024x757.jpg 1024w, https:\/\/unifranz.edu.bo\/wp-content\/uploads\/2023\/11\/modelos-300x222.jpg 300w, https:\/\/unifranz.edu.bo\/wp-content\/uploads\/2023\/11\/modelos-768x568.jpg 768w, https:\/\/unifranz.edu.bo\/wp-content\/uploads\/2023\/11\/modelos-1536x1135.jpg 1536w, https:\/\/unifranz.edu.bo\/wp-content\/uploads\/2023\/11\/modelos-2048x1514.jpg 2048w, https:\/\/unifranz.edu.bo\/wp-content\/uploads\/2023\/11\/modelos-16x12.jpg 16w\" sizes=\"auto, (max-width: 1024px) 100vw, 1024px\" \/><figcaption id=\"caption-attachment-151089\" class=\"wp-caption-text\"><span style=\"color: #000000;\"><em>Dise\u00f1adores presentaron las \u00faltimas colecciones en el rubro de la moda<\/em><\/span><\/figcaption><\/figure>\n<p><span style=\"color: #000000;\"><strong>\u00bfCu\u00e1l fue la importancia del EmprendeFest?<\/strong><\/span><\/p>\n<p><span style=\"color: #000000;\">Lanza asegur\u00f3 que la feria tiene \u201cm\u00faltiples beneficios\u201d. Primero se constituy\u00f3 como una oportunidad de aprendizaje pr\u00e1ctico para los estudiantes porque est\u00e1 en relaci\u00f3n al modelo educativo de la universidad: \u201caprender haciendo\u201d.<\/span><\/p>\n<p><span style=\"color: #000000;\">Segundo, fue un espacio para estrechar lazos entre el sector empresarial y los emprendedores de Cochabamba para lograr acuerdos econ\u00f3micos que permitan \u2018ganar-ganar\u2019. Finalmente, se constituy\u00f3 en un centro de networking al crear redes de profesionales dentro del rubro porque \u201cvisibiliza e identifica\u201d proyectos innovadores<\/span><\/p>\n<p><span style=\"color: #000000;\">Gabriela Sanjin\u00e9s, investigadora del Instituto de Progreso Econ\u00f3mico Empresarial (IPEE), explic\u00f3 que toda la feria naci\u00f3 del Censo de Econom\u00eda Naranja, una investigaci\u00f3n que permiti\u00f3 visibilizar la importancia del sector emprendedor en Cochabamba. Asegura que Unifranz apost\u00f3 por vincular la academia y la investigaci\u00f3n con las organizaciones de la sociedad civil. \u201cNo s\u00f3lo son un n\u00famero estad\u00edstico sino son parte del motor econ\u00f3mico del pa\u00eds\u201d.<\/span><\/p>\n<p><span style=\"color: #000000;\">El evento fue organizado por la Universidad Franz Tamayo, Unifranz, el Center for International Private Enterprises, CIPE y el Centro de Estudios de la Realidad Social CERES con el prop\u00f3sito de \u201cvisibilizar el ecosistema naranja\u201d afirm\u00f3 Ericka Berrios, decana de la facultad de Ciencias Empresariales de Unifranz, por lo que se dividi\u00f3 en dos etapas.<\/span><\/p>\n<div style=\"width: 1920px;\" class=\"wp-video\"><video class=\"wp-video-shortcode\" id=\"video-151084-1\" width=\"1920\" height=\"1080\" preload=\"metadata\" controls=\"controls\"><source type=\"video\/mp4\" src=\"https:\/\/unifranz.edu.bo\/wp-content\/uploads\/2023\/11\/capsula-Julieta-Szterenlicht.mp4?_=1\" \/><a href=\"https:\/\/unifranz.edu.bo\/wp-content\/uploads\/2023\/11\/capsula-Julieta-Szterenlicht.mp4\">https:\/\/unifranz.edu.bo\/wp-content\/uploads\/2023\/11\/capsula-Julieta-Szterenlicht.mp4<\/a><\/video><\/div>","protected":false},"excerpt":{"rendered":"<p>Alrededor de 150 mentes creativas tuvieron la oportunidad de presentar sus emprendimientos en el EmprendeFest de Unifranz 2023 con apoyo del Centro de Estudios de la Realidad Econ\u00f3mica y Social, CERES y el Center for International Private Emprerprise, CIPE.\u00a0El evento tambi\u00e9n cont\u00f3 con un foro donde \u201cmaestros\u201d de la industria naranja presentaron sus experiencias exitosas &hellip; <a href=\"https:\/\/unifranz.edu.bo\/pt\/blog\/emprendedores-cochabambino-mostraron-el-potencial-creativo-de-cochabamba-en-el-emprendefest-2023\/\">Continued<\/a><\/p>","protected":false},"author":45,"featured_media":151092,"comment_status":"open","ping_status":"open","sticky":false,"template":"","format":"standard","meta":{"_acf_changed":false,"footnotes":""},"categories":[5858,60,6597,2756,4678,4680,6599,1956,1782],"tags":[],"class_list":["post-151084","post","type-post","status-publish","format-standard","has-post-thumbnail","hentry","category-unifranz-cochabamba","category-blog","category-economia-creativa","category-economia-naranja","category-emprendedores","category-emprendedurismo","category-emprendefest","category-emprendimiento","category-unifranz"],"acf":[],"_links":{"self":[{"href":"https:\/\/unifranz.edu.bo\/pt\/wp-json\/wp\/v2\/posts\/151084","targetHints":{"allow":["GET"]}}],"collection":[{"href":"https:\/\/unifranz.edu.bo\/pt\/wp-json\/wp\/v2\/posts"}],"about":[{"href":"https:\/\/unifranz.edu.bo\/pt\/wp-json\/wp\/v2\/types\/post"}],"author":[{"embeddable":true,"href":"https:\/\/unifranz.edu.bo\/pt\/wp-json\/wp\/v2\/users\/45"}],"replies":[{"embeddable":true,"href":"https:\/\/unifranz.edu.bo\/pt\/wp-json\/wp\/v2\/comments?post=151084"}],"version-history":[{"count":5,"href":"https:\/\/unifranz.edu.bo\/pt\/wp-json\/wp\/v2\/posts\/151084\/revisions"}],"predecessor-version":[{"id":151096,"href":"https:\/\/unifranz.edu.bo\/pt\/wp-json\/wp\/v2\/posts\/151084\/revisions\/151096"}],"wp:featuredmedia":[{"embeddable":true,"href":"https:\/\/unifranz.edu.bo\/pt\/wp-json\/wp\/v2\/media\/151092"}],"wp:attachment":[{"href":"https:\/\/unifranz.edu.bo\/pt\/wp-json\/wp\/v2\/media?parent=151084"}],"wp:term":[{"taxonomy":"category","embeddable":true,"href":"https:\/\/unifranz.edu.bo\/pt\/wp-json\/wp\/v2\/categories?post=151084"},{"taxonomy":"post_tag","embeddable":true,"href":"https:\/\/unifranz.edu.bo\/pt\/wp-json\/wp\/v2\/tags?post=151084"}],"curies":[{"name":"wp","href":"https:\/\/api.w.org\/{rel}","templated":true}]}}