{"id":150767,"date":"2023-11-17T17:13:39","date_gmt":"2023-11-17T21:13:39","guid":{"rendered":"https:\/\/unifranz.edu.bo\/?p=150767"},"modified":"2023-11-20T10:49:53","modified_gmt":"2023-11-20T14:49:53","slug":"feria-de-empleabilidad-espacio-entre-los-recien-graduados-y-empleadores","status":"publish","type":"post","link":"https:\/\/unifranz.edu.bo\/pt\/blog\/feria-de-empleabilidad-espacio-entre-los-recien-graduados-y-empleadores\/","title":{"rendered":"La Feria de Empleabilidad abre un espacio entre los reci\u00e9n graduados y empleadores"},"content":{"rendered":"<p><span style=\"color: #000000;\">Por Luis Escobar<\/span><\/p>\n<p><span style=\"color: #000000;\">La feria de Empleabilidad 2023 <strong>arranca este 24 de noviembre en la ciudad de La Paz<\/strong> con el objetivo de que los estudiantes de \u00faltimos semestres, egresados y reci\u00e9n titulados tengan un acercamiento a medio centenar de potenciales empleadores. Este evento se replicar\u00e1 en las ciudades de Santa Cruz el 28 de noviembre y Cochabamba el 8 de diciembre.<\/span><\/p>\n<p><span style=\"color: #000000;\">\u201cLos participantes tienen la oportunidad de conocer las ofertas de empleo disponibles, realizar entrevistas con reclutadores y aprender sobre los procesos de reclutamiento y selecci\u00f3n de empresas l\u00edderes en Bolivia, as\u00ed como tambi\u00e9n asistir a charlas con temas actuales relacionados al potenciamiento de nuestra comunidad para triunfar en el mercado laboral\u201d, declar\u00f3 Ninoska Pe\u00f1aloza, directora Nacional de Servicios Estudiantiles de la Universidad Franz Tamayo, Unifranz.<\/span><\/p>\n<p><span style=\"color: #000000;\"><strong>Medio centenar de empresas<\/strong> en los rubros de banca, industria y comercio, gesti\u00f3n humana y reclutamiento, educaci\u00f3n, salud, sector p\u00fablico y turismo <strong>participaran en la iniciativa impulsada por Unifranz<\/strong>. Todos ellos compartir\u00e1n sus procesos de selecci\u00f3n con los estudiantes de \u00faltimos semestres y la red Alumni, integrada por egresados y titulados de la universidad.<\/span><\/p>\n<p><span style=\"color: #000000;\">\u201cLa feria <strong>es una excelente oportunidad para que los j\u00f3venes puedan encontrar un empleo<\/strong> adecuado a sus intereses y habilidades\u201d, precis\u00f3 Pe\u00f1aloza. Adem\u00e1s, es una oportunidad para ampliar su red de contactos y aprender sobre las \u00faltimas tendencias del mercado laboral.<\/span><\/p>\n<p><span style=\"color: #000000;\">Este a\u00f1o se realizar\u00e1n ferias en las tres ciudades m\u00e1s importantes del pa\u00eds. El viernes 24 de noviembre ser\u00e1 en La Paz para los estudiantes de Unifranz La Paz y El Alto; el 28 de noviembre en Santa Cruz y el 8 de diciembre en Cochabamba. Durante el evento, las empresas brindar\u00e1n informaci\u00f3n sobre sus procesos de reclutamiento y selecci\u00f3n para la comunidad universitaria. Cada empresa tendr\u00e1 un stand con presencia de personas que pertenecen al \u00e1rea de recursos humanos de la instituci\u00f3n.<\/span><\/p>\n<p><span style=\"color: #000000;\">\u201cEs importante destacar otro elemento distintivo de la Feria, los <strong>estudiantes m\u00e1s destacados de cada carrera presentar\u00e1n sus proyectos a las empresas participantes<\/strong>, mostrando el Talento Unifranz\u201d, agreg\u00f3<\/span><\/p>\n<p><span style=\"color: #000000;\">Tambi\u00e9n se presentar\u00e1n charlas que abrir\u00e1n el horizonte laboral a los j\u00f3venes que buscan su primer empleo. Pablo Ardaya, director nacional de Capital Humano de Unifranz presentar\u00e1 el tema: <strong>\u201cM\u00e1s all\u00e1 del CV: Eleva tu estrategia de b\u00fasqueda laboral\u201d<\/strong>; Jos\u00e9 David Vargas, analista de Reclutamiento y Selecci\u00f3n de la firma Aidisa Bolivia hablar\u00e1 sobre la <strong>\u201cB\u00fasqueda de Empleo en el mundo Digital\u201d<\/strong>.<\/span><\/p>\n<p><span style=\"color: #000000;\">Jaime L\u00f3pez y Diego Toledo de AHYU Design Thinking Group abarcar\u00e1n el tema: \u201c<strong>El arte de ser Tu\u201d<\/strong>; Fabricio Guillen, subgerente de Desarrollo Humano Regi\u00f3n Occidente BNB dar\u00e1 unos <strong>\u201cTips de empleabilidad\u201d<\/strong>; Edgar Aliaga, gerente de Nemabol presentar\u00e1 Incursi\u00f3n en el sistema de Contrataciones Estatales Sicoes para que los j\u00f3venes puedan presentarse a las licitaciones estatales.\u00a0 Finalmente, un representante del Programa de Naciones Unidas para el Desarrollo (PNUD) abarcar\u00e1 el tema <strong>\u201cEconom\u00eda Laboral\u201d.<\/strong><\/span><\/p>\n<p><span style=\"color: #000000;\"><strong>\u00bfCu\u00e1les son los objetivos?<\/strong><\/span><\/p>\n<p><span style=\"color: #000000;\">La <strong>feria de la Empleabilidad facilitar\u00e1 la inserci\u00f3n laboral de los estudiantes, egresados y reci\u00e9n titulados<\/strong>; ayudar\u00e1 a conocer sus opciones laborales; ofrecer\u00e1 a las empresas la oportunidad de conocer a candidatos calificados; y la comunidad Unifranz conocer\u00e1 las \u00faltimas tendencias del mercado laboral; y ampliar\u00e1 su red de contactos.<\/span><\/p>\n<p><span style=\"color: #000000;\">Este evento servir\u00e1, adem\u00e1s, de plataforma para el <strong>lanzamiento al Servicio de Career Coaching u orientaci\u00f3n profesional<\/strong>. Esta es una herramienta para potenciar a los estudiantes de \u00faltimos semestres y red Alumni en el \u00e1mbito laboral. \u201cBuscamos su desarrollo y el \u00e9xito de sus objetivos, ya sea como un crecimiento profesional, la b\u00fasqueda de trabajo o darle un giro a su perfil\u201d, afirm\u00f3 Pe\u00f1aloza.<\/span><\/p>\n<p><span style=\"color: #000000;\">El servicio orientar\u00e1 a los j\u00f3venes en cinco ejes: un prop\u00f3sito de vida; la forma adecuada para construir una marca personal; c\u00f3mo elaborar una hoja de vida; una estrategia de b\u00fasqueda de empleo; habilidades blandas; y c\u00f3mo prepararse para una entrevista de empleo.<\/span><\/p>\n<p><span style=\"color: #000000;\">\u201cEs importante destacar que los servicios de orientaci\u00f3n laboral tienen el fin de contribuir al desarrollo de habilidades y competencias para encontrar un empleo. Tambi\u00e9n se debe resaltar la Red de contactos, la plataforma ofrecer\u00e1 una red de contactos que permita a los usuarios conectar con otros egresados, y profesionales\u201d.<\/span><\/p>","protected":false},"excerpt":{"rendered":"<p>Por Luis Escobar La feria de Empleabilidad 2023 arranca este 24 de noviembre en la ciudad de La Paz con el objetivo de que los estudiantes de \u00faltimos semestres, egresados y reci\u00e9n titulados tengan un acercamiento a medio centenar de potenciales empleadores. Este evento se replicar\u00e1 en las ciudades de Santa Cruz el 28 de &hellip; <a href=\"https:\/\/unifranz.edu.bo\/pt\/blog\/feria-de-empleabilidad-espacio-entre-los-recien-graduados-y-empleadores\/\">Continued<\/a><\/p>","protected":false},"author":45,"featured_media":150856,"comment_status":"open","ping_status":"open","sticky":false,"template":"","format":"standard","meta":{"_acf_changed":false,"footnotes":""},"categories":[60,2186,6541,6543,6545,3422,1782],"tags":[1186,1566,3598,6551,2732,114,6547,6549,1592,242],"class_list":["post-150767","post","type-post","status-publish","format-standard","has-post-thumbnail","hentry","category-blog","category-carreras-es","category-empleo-es","category-feria-de-empleabilidad-es","category-servicios-estudiantiles-es","category-trabajo-es","category-unifranz","tag-egresados","tag-empleo","tag-empleo-juvenil","tag-espacio-labotal","tag-feria-de-empleabilidad","tag-graduados","tag-primer-empleo","tag-titulados","tag-trabajo","tag-unifranz"],"acf":[],"_links":{"self":[{"href":"https:\/\/unifranz.edu.bo\/pt\/wp-json\/wp\/v2\/posts\/150767","targetHints":{"allow":["GET"]}}],"collection":[{"href":"https:\/\/unifranz.edu.bo\/pt\/wp-json\/wp\/v2\/posts"}],"about":[{"href":"https:\/\/unifranz.edu.bo\/pt\/wp-json\/wp\/v2\/types\/post"}],"author":[{"embeddable":true,"href":"https:\/\/unifranz.edu.bo\/pt\/wp-json\/wp\/v2\/users\/45"}],"replies":[{"embeddable":true,"href":"https:\/\/unifranz.edu.bo\/pt\/wp-json\/wp\/v2\/comments?post=150767"}],"version-history":[{"count":5,"href":"https:\/\/unifranz.edu.bo\/pt\/wp-json\/wp\/v2\/posts\/150767\/revisions"}],"predecessor-version":[{"id":150857,"href":"https:\/\/unifranz.edu.bo\/pt\/wp-json\/wp\/v2\/posts\/150767\/revisions\/150857"}],"wp:featuredmedia":[{"embeddable":true,"href":"https:\/\/unifranz.edu.bo\/pt\/wp-json\/wp\/v2\/media\/150856"}],"wp:attachment":[{"href":"https:\/\/unifranz.edu.bo\/pt\/wp-json\/wp\/v2\/media?parent=150767"}],"wp:term":[{"taxonomy":"category","embeddable":true,"href":"https:\/\/unifranz.edu.bo\/pt\/wp-json\/wp\/v2\/categories?post=150767"},{"taxonomy":"post_tag","embeddable":true,"href":"https:\/\/unifranz.edu.bo\/pt\/wp-json\/wp\/v2\/tags?post=150767"}],"curies":[{"name":"wp","href":"https:\/\/api.w.org\/{rel}","templated":true}]}}