{"id":148393,"date":"2023-11-01T16:30:02","date_gmt":"2023-11-01T20:30:02","guid":{"rendered":"https:\/\/unifranz.edu.bo\/?p=148393"},"modified":"2023-11-01T16:30:02","modified_gmt":"2023-11-01T20:30:02","slug":"paredes-que-hablan-y-cuentan-historias-trazan-la-senda-del-arte-urbano","status":"publish","type":"post","link":"https:\/\/unifranz.edu.bo\/pt\/blog\/paredes-que-hablan-y-cuentan-historias-trazan-la-senda-del-arte-urbano\/","title":{"rendered":"Paredes que hablan y cuentan historias trazan la senda del arte urbano"},"content":{"rendered":"<div>\n<p><span style=\"color: #000000;\">El arte urbano, aquel que cuenta historias y expresa visiones del mundo, se ha apropiado de las paredes y edificios de las ciudades de todo el mundo, con<strong>\u00a0formas, colores y mensajes que atrapan a los peatones<\/strong>\u00a0y casuales espectadores.<\/span><\/p>\n<\/div>\n<div>\n<p dir=\"ltr\"><span style=\"color: #000000;\">Se trata de una expresi\u00f3n art\u00edstica, totalmente gratuita, que se caracteriza por su\u00a0<strong>condici\u00f3n ef\u00edmera<\/strong>\u00a0y su capacidad para transformar el espacio p\u00fablico en un lienzo al aire libre. Empez\u00f3 como una reivindicaci\u00f3n y, en la actualidad, representa una corriente importante de democratizaci\u00f3n del acceso al arte.<\/span><\/p>\n<\/div>\n<div>\n<p dir=\"ltr\"><span style=\"color: #000000;\">\u201cT\u00fa puedes caminar por la calle y ver todo tipo de intervenciones. Todas tienen mensajes, todas tienen un prop\u00f3sito (\u2026), si t\u00fa sabes leer un poco las paredes puedes encontrar historias y personajes complejos\u201d, dice Salvador Vargas, m\u00e1s conocido como \u2018Salvador Calavera\u2019, uno de los principales exponentes bolivianos del arte urbano.<\/span><\/p>\n<\/div>\n<div>\n<p dir=\"ltr\"><span style=\"color: #000000;\">Para Calavera, los artistas que salieron del grafiti \u2013como es su caso\u2013 no tienen la visi\u00f3n cerrada del muralismo antiguo ya que\u00a0<strong>se han liberado de tem\u00e1ticas demasiado pol\u00edticas\u00a0<\/strong>y se han abierto a mostrar la ciudad, el contexto y los problemas del cotidiano vivir.<\/span><\/p>\n<\/div>\n<div>\n<p dir=\"ltr\"><span style=\"color: #000000;\">\u201cEl arte callejero\u00a0<strong>es una apropiaci\u00f3n del espacio urbano<\/strong>\u00a0mediante una iniciativa art\u00edstica de cualquier tipo\u201d, asegura Mehdi Ben Cheikh, profesor de artes pl\u00e1sticas en Francia. Tambi\u00e9n\u00a0monta proyectos de arte callejero, a los que incorpora a artistas del mundo entero.<\/span><\/p>\n<\/div>\n<div>\n<p dir=\"ltr\"><span style=\"color: #000000;\">El muralismo, seg\u00fan Cheikh, juega con la infraestructura urbana, la arquitectura, la luz y las sombras. No importa el medio que se utilice,<strong>\u00a0lo fundamental es invadir y apropiarse de la calle.<\/strong><\/span><\/p>\n<\/div>\n<div>\n<p dir=\"ltr\"><span style=\"color: #000000;\">En tanto para Calavera, el arte urbano es una forma de expresar sentimientos. \u201cCuando era m\u00e1s chico sent\u00eda que mi palabra no era escuchada y que no me tomaban atenci\u00f3n. El arte urbano fue un medio para poder gritar las cosas que ten\u00eda\u201d, revela durante la entrevista.<\/span><\/p>\n<p dir=\"ltr\"><iframe loading=\"lazy\" title=\"El arte callejero tiene nombre propio\" src=\"https:\/\/www.youtube.com\/embed\/JsmGKZuIEtE\" width=\"1061\" height=\"597\" frameborder=\"0\" allowfullscreen=\"allowfullscreen\" data-mce-fragment=\"1\"><\/iframe><\/p>\n<\/div>\n<div>\n<p dir=\"ltr\"><span style=\"color: #000000;\">En el pa\u00eds, el arte urbano surgi\u00f3 a partir de la d\u00e9cada del 70, como una \u201csubcultura clandestina e ilegal de expresi\u00f3n muy cr\u00edtica a la sociedad de la \u00e9poca\u201d, seg\u00fan Cecilia Lampo, curadora de arte urbano.\u00a0<\/span><\/p>\n<\/div>\n<div>\n<p dir=\"ltr\"><span style=\"color: #000000;\"><strong>\u00d1atinta, un proyecto \u00fanico\u00a0<\/strong><\/span><\/p>\n<\/div>\n<div>\n<p dir=\"ltr\"><span style=\"color: #000000;\">Murales abstractos, tradiciones, costumbres, catrinas, \u00f1atitas, rostros, flores, abrazos o sue\u00f1os han sido plasmados en nichos y \u2018cuarteles\u2019 del cementerio general de La Paz por destacados artistas urbanos de Bolivia y el mundo, haciendo de este camposanto, un lugar donde se respira arte y no tristeza, donde se palpa creatividad y no dolor por aquellos que nos dejaron.<\/span><\/p>\n<\/div>\n<div>\n<p dir=\"ltr\"><span style=\"color: #000000;\">\u00d1atinta, as\u00ed se llama el festival de arte callejero que anualmente se realiza en la urbe pace\u00f1a, y que\u00a0<strong>ha convertido al cementerio en un gran lienzo de arte urbano<\/strong>, cuyo principal impulsor fue Salvador Calavera, muralista del colectivo \u2018Perro Suelto\u2019, que llev\u00f3 a cabo el proyecto \u00d1atinta 2017 y 2018, en las fachadas de algunos cuarteles del Cementerio pace\u00f1o.\u00a0<\/span><\/p>\n<\/div>\n<div>\n<p dir=\"ltr\"><span style=\"color: #000000;\">Para Calavera, \u00d1atinta es un proyecto \u00fanico a nivel mundial que ha hecho del cementerio pace\u00f1o la m\u00e1xima expresi\u00f3n de un<strong>\u00a0trabajo colectivo de artistas y muralistas de la calle.<\/strong><\/span><\/p>\n<\/div>\n<div>\n<p dir=\"ltr\"><span style=\"color: #000000;\">\u201cConvertir un cementerio en una galer\u00eda de arte a cielo abierto no lo hemos visto nunca hasta ahora. Con orgullo podemos decir que somos los primeros haciendo tal locura\u201d, destaca el artista que particip\u00f3 como\u00a0speaker\u00a0en el TDex 2023, organizado por la Universidad Franz Tamayo, Unifranz.<\/span><\/p>\n<\/div>\n<div>\n<p dir=\"ltr\"><span style=\"color: #000000;\">Los m\u00e1s de 70 murales pintados en el camposanto transgreden con arte y color el esquema tradicional de una percepci\u00f3n de la muerte como parte de la vida misma y de respeto a la eternidad y al descanso de los seres queridos.\u00a0\u00a0<\/span><\/p>\n<\/div>\n<div>\n<p dir=\"ltr\"><span style=\"color: #000000;\">\u201cEn \u00d1atinta,\u00a0<strong>hemos logrado conectar con este lugar a trav\u00e9s de los mismos colores<\/strong>\u00a0que encontramos en el cementerio, magnificando las situaciones y los personajes, a quienes los hemos ido plasmando para que ellos mismos sean protagonistas de este lugar. \u00c9se ha sido el puntapi\u00e9 para conectar con el cementerio\u201d, dice Calavera.\u00a0<\/span><\/p>\n<\/div>\n<div>\n<p dir=\"ltr\"><span style=\"color: #000000;\"><strong>La vida de un mural es tan ef\u00edmera como la vida misma\u00a0<\/strong><\/span><\/p>\n<\/div>\n<div>\n<p dir=\"ltr\"><span style=\"color: #000000;\">As\u00ed como la vida misma, el arte callejero puede tener larga vida o ser ef\u00edmera y morir en el intento ni bien el artista da a luz a su obra.\u00a0<\/span><\/p>\n<\/div>\n<div>\n<p dir=\"ltr\"><span style=\"color: #000000;\">Calavera asegura que el tiempo de vida de un mural depende del contexto en el que fue pintado, la calidad del muro en el que fue plasmado, el mensaje, el color o los materiales utilizados.<\/span><\/p>\n<\/div>\n<div>\n<p dir=\"ltr\"><span style=\"color: #000000;\">\u201cUna pieza en un lugar puede ser aceptada y la misma pieza en otro lugar puede ser totalmente denegada. Nunca falta el vecino o una persona que choca con esa idea y va y lo interviene, porque tambi\u00e9n es una intervenci\u00f3n.\u00a0<strong>Puede durar un d\u00eda como 10 a\u00f1os<\/strong>, m\u00e1s o menos tiene esa temporalidad\u201d, precisa.\u00a0<\/span><\/p>\n<\/div>\n<div>\n<p dir=\"ltr\"><span style=\"color: #000000;\">Para Calavera, su participaci\u00f3n en el TDex Unifranz 2023 fue \u201cuna experiencia extrema\u201d porque le permiti\u00f3 compartir con cientos de j\u00f3venes la vivencia de pintar en la calle, de hacer arte urbano, de contar sue\u00f1os y formas de ver el mundo, desde un pincel, una brocha o un aerosol.<\/span><\/p>\n<\/div>\n<div><\/div>\n<div>\n<div class=\"related\"><\/div>\n<\/div>","protected":false},"excerpt":{"rendered":"<p>El arte urbano, aquel que cuenta historias y expresa visiones del mundo, se ha apropiado de las paredes y edificios de las ciudades de todo el mundo, con\u00a0formas, colores y mensajes que atrapan a los peatones\u00a0y casuales espectadores. Se trata de una expresi\u00f3n art\u00edstica, totalmente gratuita, que se caracteriza por su\u00a0condici\u00f3n ef\u00edmera\u00a0y su capacidad para &hellip; <a href=\"https:\/\/unifranz.edu.bo\/pt\/blog\/paredes-que-hablan-y-cuentan-historias-trazan-la-senda-del-arte-urbano\/\">Continued<\/a><\/p>","protected":false},"author":45,"featured_media":148394,"comment_status":"open","ping_status":"open","sticky":false,"template":"","format":"standard","meta":{"_acf_changed":false,"footnotes":""},"categories":[4232,60,2008,2542,2858,2442,5136,1782],"tags":[6322,6320,6326,6324,6328,4422,1800,4142],"class_list":["post-148393","post","type-post","status-publish","format-standard","has-post-thumbnail","hentry","category-arte-inmersivo","category-blog","category-diseno","category-diseno-sostenible","category-innovacion-en-educacion","category-tedx-es","category-tedx-unifranz","category-unifranz","tag-arte-en-un-cementerio","tag-arte-urbano","tag-cuentan-historias","tag-natinta","tag-salvador-calavera","tag-salvador-kalavera","tag-tedx-es","tag-tedx-unifranz"],"acf":[],"_links":{"self":[{"href":"https:\/\/unifranz.edu.bo\/pt\/wp-json\/wp\/v2\/posts\/148393","targetHints":{"allow":["GET"]}}],"collection":[{"href":"https:\/\/unifranz.edu.bo\/pt\/wp-json\/wp\/v2\/posts"}],"about":[{"href":"https:\/\/unifranz.edu.bo\/pt\/wp-json\/wp\/v2\/types\/post"}],"author":[{"embeddable":true,"href":"https:\/\/unifranz.edu.bo\/pt\/wp-json\/wp\/v2\/users\/45"}],"replies":[{"embeddable":true,"href":"https:\/\/unifranz.edu.bo\/pt\/wp-json\/wp\/v2\/comments?post=148393"}],"version-history":[{"count":1,"href":"https:\/\/unifranz.edu.bo\/pt\/wp-json\/wp\/v2\/posts\/148393\/revisions"}],"predecessor-version":[{"id":148395,"href":"https:\/\/unifranz.edu.bo\/pt\/wp-json\/wp\/v2\/posts\/148393\/revisions\/148395"}],"wp:featuredmedia":[{"embeddable":true,"href":"https:\/\/unifranz.edu.bo\/pt\/wp-json\/wp\/v2\/media\/148394"}],"wp:attachment":[{"href":"https:\/\/unifranz.edu.bo\/pt\/wp-json\/wp\/v2\/media?parent=148393"}],"wp:term":[{"taxonomy":"category","embeddable":true,"href":"https:\/\/unifranz.edu.bo\/pt\/wp-json\/wp\/v2\/categories?post=148393"},{"taxonomy":"post_tag","embeddable":true,"href":"https:\/\/unifranz.edu.bo\/pt\/wp-json\/wp\/v2\/tags?post=148393"}],"curies":[{"name":"wp","href":"https:\/\/api.w.org\/{rel}","templated":true}]}}