{"id":148229,"date":"2023-10-27T21:49:07","date_gmt":"2023-10-28T01:49:07","guid":{"rendered":"https:\/\/unifranz.edu.bo\/?p=148229"},"modified":"2023-10-28T16:13:49","modified_gmt":"2023-10-28T20:13:49","slug":"fablabs-aporta-herramientas-para-democratizar-las-oportunidades","status":"publish","type":"post","link":"https:\/\/unifranz.edu.bo\/pt\/carreras\/fablabs-aporta-herramientas-para-democratizar-las-oportunidades\/","title":{"rendered":"FabLabs aporta herramientas para democratizar las oportunidades"},"content":{"rendered":"<div>\n<p><span style=\"color: #000000;\">Por Lily Zurita y Beatriz Cahuasa<\/span><\/p>\n<p><span style=\"color: #000000;\">Los Fab Labs o laboratorios de fabricaci\u00f3n se constituyen en una herramienta para masificar las oportunidades creativas de los j\u00f3venes y ni\u00f1os de Latinoam\u00e9rica. Permite que \u00e9stos puedan hacer sus ideas realidad y tener un impacto en el mundo.<\/span><\/p>\n<p><span style=\"color: #000000;\">Los Fab Labs son una red de m\u00e1s de 3.000 laboratorios en todo el mundo. Santa Cruz cuenta con uno de estos espacios colaborativos que trabaja para democratizar el acceso a herramientas avanzadas de manufactura digital, como impresoras 3D, cortadoras laser, fresadoras CNC, donde las ideas se hacen realidad.\u00a0<\/span><\/p>\n<\/div>\n<div>\n<p><span style=\"color: #000000;\"><strong>\u201cEl talento es lo m\u00e1s democr\u00e1tico de todo el mundo<\/strong>, est\u00e1 en todos lados, mientras que las oportunidades no, y \u00e9sa es nuestra labor desde los Fab Labs\u201d, se\u00f1ala Beno Ju\u00e1rez, fundador del Fab Lab Flotante en el Amazonas peruano, quien particip\u00f3 en el Futures Week, organizado por el Nodo Bolivia del Millennium Project y la Universidad Franz Tamayo, Unifranz.<\/span><\/p>\n<\/div>\n<div>\n<p><span style=\"color: #000000;\">Estos laboratorios albergan a dos tipos de creadores, los \u201cmakers\u201d, quienes generan los proyectos y los \u201cfabers\u201d gu\u00edan estos proyectos a buen puerto a trav\u00e9s de su conocimiento y uso de las herramientas disponibles.<\/span><\/p>\n<\/div>\n<div>\n<p><span style=\"color: #000000;\">Adem\u00e1s, son espacios que\u00a0<strong>fomentan la integraci\u00f3n de las ideas\u00a0<\/strong>de millones de j\u00f3venes que generan productos o proyectos a trav\u00e9s de lo que Ju\u00e1rez llam\u00f3 \u201csimbiocreaci\u00f3n\u201d.<\/span><\/p>\n<\/div>\n<div>\n<p><span style=\"color: #000000;\"><strong>Simbiocreaci\u00f3n<\/strong><\/span><\/p>\n<\/div>\n<div>\n<p><span style=\"color: #000000;\">Uno de los grandes desaf\u00edos en Latinoam\u00e9rica es c\u00f3mo masificar el acceso a las oportunidades creativas para que m\u00e1s ni\u00f1os y j\u00f3venes puedan hacer realidad sus ideas, desarrollar su prop\u00f3sito e impactar en el mundo.<\/span><\/p>\n<\/div>\n<div>\n<p><span style=\"color: #000000;\">En ese contexto, surge la simbiocreaci\u00f3n, una propuesta que busca integrar las ideas de millones de j\u00f3venes y\u00a0<strong>generar proyectos de manera integral.<\/strong><\/span><\/p>\n<\/div>\n<div>\n<p><span style=\"color: #000000;\">\u201cEn un mundo donde se fomenta tanto la competencia (\u2026) resulta muy importante fomentar espacios de colaboraci\u00f3n y de integraci\u00f3n y es lo que buscamos desde la simbiocreaci\u00f3n\u201d, dice Ju\u00e1rez.<\/span><\/p>\n<\/div>\n<div>\n<p><span style=\"color: #000000;\">Henry S\u00e1nchez, l\u00edder en metodolog\u00edas de aprendizaje interactivo-digital y creador educativo en el Fab Lab Per\u00fa,profundiza la explicaci\u00f3n al ofrecer m\u00e1s detalles sobre esta colaboraci\u00f3n en el aprendizaje. \u201cDe inicio\u00a0<strong>rompemos el paradigma de los l\u00edmites\u00a0<\/strong>porque estamos acostumbrados a decir qu\u00e9 puede o no contener, en este caso, una hoja.\u00a0\u00a0Si vemos m\u00e1s all\u00e1 de las propias caracter\u00edsticas materiales del objeto, ven un panorama m\u00e1s amplio, justamente rompiendo esos m\u00e1rgenes con una infinidad de posibilidades\u201d, afirma el expositor en el Futures Week.<\/span><\/p>\n<\/div>\n<div>\n<p><span style=\"color: #000000;\">Durante el Futures Week, cuatro proyectos reunieron a makers y fabers en el FabLab de Santa Cruz. Uno de ellos se trat\u00f3 de una maceta inteligente que traduce las necesidades de las plantas en se\u00f1ales a trav\u00e9s del uso de sensores y una pantalla.<\/span><\/p>\n<p><span style=\"color: #000000;\">Buddy Plant (cuidado de plantas), es una maceta inteligente, que avisa sobre las necesidades que tiene la planta que alberga, como agua y sol, mediante una pantalla que muestra expresiones f\u00e1cilmente reconocibles por los usuarios.<\/span><\/p>\n<\/div>\n<div>\n<p><span style=\"color: #000000;\">\u201cNuestro objetivo es\u00a0<strong>ayudar a que los ni\u00f1os aprendan de manera divertida,<\/strong>\u00a0formando una conexi\u00f3n con las plantas y que aprendan sobre el cuidado que se le debe dar a la naturaleza\u201d, se\u00f1al\u00f3 Octavio Romero Cruz, voluntario del Fab Lab de Santa Cruz.<\/span><\/p>\n<\/div>\n<div>\n<p><span style=\"color: #000000;\">El concepto fundamental, el esp\u00edritu de los Fab Labs, llamados as\u00ed por la asociaci\u00f3n de las palabras Fabrication Laboratory (laboratorio de fabricaci\u00f3n, en espa\u00f1ol), es el de \u201c<strong>abrir la caja negra\u201d de la tecnolog\u00eda y\u00a0<\/strong>a trav\u00e9s de ese conocimiento,\u00a0<strong>obtener<\/strong>\u00a0las herramientas y las\u00a0<strong>oportunidades para crear.<\/strong><\/span><\/p>\n<\/div>\n<div>\n<p><span style=\"color: #000000;\">\u201cPor lo general nos han educado para consumir tecnolog\u00eda, es decir, para usar herramientas que otros han creado. Son cajas negras, es decir, que no sabemos c\u00f3mo funcionan. En el Fab Lab, es todo lo contrario, abrimos la caja y a partir de entender c\u00f3mo funciona la tecnolog\u00eda, primero,\u00a0<strong>le perdemos el miedo y podemos tener un mayor conocimiento sobre el proceso\u00a0<\/strong>del \u201cqu\u00e9\u201d, al \u201cc\u00f3mo\u201d se hacen las cosas\u201d.<\/span><iframe loading=\"lazy\" title=\"\u201cEl talento es lo m\u00e1s democr\u00e1tico de todo el mundo&quot;.\" src=\"https:\/\/www.youtube.com\/embed\/4Il3fPlRHP8\" width=\"1061\" height=\"597\" frameborder=\"0\" allowfullscreen=\"allowfullscreen\" data-mce-fragment=\"1\"><\/iframe><\/p>\n<\/div>\n<div>\n<p><span style=\"color: #000000;\"><strong>De la creatividad a la autenticidad<\/strong><\/span><\/p>\n<\/div>\n<div>\n<p><span style=\"color: #000000;\">Para el director de Fab Lab Per\u00fa, la creatividad no es exclusiva de los artistas, sino que nace de la autenticidad y de la manera de ser de cada una de las personas y que los Fab Labs son los espacios ideales para aprovecharla creando.<\/span><\/p>\n<\/div>\n<div>\n<p><span style=\"color: #000000;\">\u201cDesde mi punto de vista, la creatividad est\u00e1 asociada a la autenticidad. A veces solemos pensar que solamente los artistas, los arquitectos y los ingenieros locos son los creativos, pero en realidad\u00a0<strong>todos somos creativos en la medida en la que podamos conectarnos con nuestra autenticidad,<\/strong>\u00a0con lo que nos hace \u00fanicos y podamos expresarlo y comunicarlo vamos a poder generar cosas realmente innovadoras y creativas y un Fab Lab es un espacio ideal para ello\u201d, acot\u00f3.<\/span><\/p>\n<\/div>\n<div>\n<p><span style=\"color: #000000;\"><strong>\u00cdndice de madurez industrial<\/strong><\/span><\/p>\n<\/div>\n<div>\n<p><span style=\"color: #000000;\">Ju\u00e1rez indic\u00f3 que otra misi\u00f3n de los Fab Labs es el desarrollo industrial, para lo cual se ha elaborado un \u00edndice que permite graficar la situaci\u00f3n de las empresas y emprendimientos en la regi\u00f3n.<\/span><\/p>\n<\/div>\n<div>\n<p><span style=\"color: #000000;\">\u201cDesarrollamos una herramienta que es el \u00edndice de madurez industrial. Nos permite medir c\u00f3mo estamos entre la industria 1.0 y la industria 5.0 en Latinoam\u00e9rica. En promedio, estamos en 2,6, lo cual implica una brecha de 64 a\u00f1os, es decir, antes de que aparezcan las tecnolog\u00edas digitales y eso lo vemos en el d\u00eda a d\u00eda, la mayor\u00eda de las personas mayores no est\u00e1 familiarizada con la tecnolog\u00eda\u201d.<\/span><\/p>\n<\/div>\n<div>\n<p><span style=\"color: #000000;\">A pesar de esta realidad, Ju\u00e1rez conf\u00eda en que los Fab Labs puedan<strong>\u00a0colaborar en acortar la brecha tecnol\u00f3gica<\/strong>\u00a0para que las empresas y emprendimientos puedan dar el salto a la industria 4.0 o 5.0.<\/span><\/p>\n<\/div>\n<div>\n<p><span style=\"color: #000000;\">\u201cUn Fab Lab es el espacio ideal para interactuar con la tecnolog\u00eda aprender y recibir el apoyo de muchas personas para poder, en el caso de los emprendimientos, de las empresas, de dar el salto de la industria en las que se encuentren, a la 4.0 o a la 5.0\u201d, puntualiz\u00f3.<\/span><\/p>\n<\/div>\n<div>\n<p><span style=\"color: #000000;\"><strong>Talento joven no aprovechado<\/strong><\/span><\/p>\n<\/div>\n<div>\n<p><span style=\"color: #000000;\">Luego de constatar que m\u00e1s del 90% de los j\u00f3venes que viven en la Amazonia peruana no quiere quedarse en sus lugares de origen y que en este pulm\u00f3n verde del planeta no s\u00f3lo se est\u00e1n extinguiendo los bosques, sino tambi\u00e9n sus guardianes naturales que son los j\u00f3venes y ni\u00f1os, el Fab Lab Flotante peruano trabaja con grupos de j\u00f3venes ind\u00edgenas, mediante la aplicaci\u00f3n de herramientas que\u00a0<strong>permiten identificar el valor de su contexto,<\/strong>\u00a0para crear ideas e impactar en su medio.<\/span><\/p>\n<\/div>\n<div>\n<p><span style=\"color: #000000;\">\u201cEsto les devuelve la fe, la esperanza de volver a creer en su capacidad de innovaci\u00f3n y de impacto. En ese camino nos hemos llevado much\u00edsimas sorpresas (\u2026), porque\u00a0<strong>el talento humano est\u00e1 presente<\/strong>.\u00a0\u00a0Creo que es lo m\u00e1s democr\u00e1tico que hay en el mundo. El talento est\u00e1 en todas partes, las oportunidades no. Esa es nuestra labor desde los Fab Labs, promover la cultura de la creatividad colaborativa\u201d, reflexiona.<\/span><\/p>\n<\/div>","protected":false},"excerpt":{"rendered":"<p>Por Lily Zurita y Beatriz Cahuasa Los Fab Labs o laboratorios de fabricaci\u00f3n se constituyen en una herramienta para masificar las oportunidades creativas de los j\u00f3venes y ni\u00f1os de Latinoam\u00e9rica. Permite que \u00e9stos puedan hacer sus ideas realidad y tener un impacto en el mundo. Los Fab Labs son una red de m\u00e1s de 3.000 &hellip; <a href=\"https:\/\/unifranz.edu.bo\/pt\/carreras\/fablabs-aporta-herramientas-para-democratizar-las-oportunidades\/\">Continued<\/a><\/p>","protected":false},"author":45,"featured_media":148230,"comment_status":"open","ping_status":"open","sticky":false,"template":"","format":"standard","meta":{"_acf_changed":false,"footnotes":""},"categories":[60,35,1714,5388,2858,1782],"tags":[5456,6170,1198,5392,242],"class_list":["post-148229","post","type-post","status-publish","format-standard","has-post-thumbnail","hentry","category-blog","category-carreras","category-fablab","category-fablab-santa-cruz","category-innovacion-en-educacion","category-unifranz","tag-fab-lab","tag-fab-lab-santa-cruz","tag-herramienta","tag-laboratorio-de-fabricacion-digital","tag-unifranz"],"acf":[],"_links":{"self":[{"href":"https:\/\/unifranz.edu.bo\/pt\/wp-json\/wp\/v2\/posts\/148229","targetHints":{"allow":["GET"]}}],"collection":[{"href":"https:\/\/unifranz.edu.bo\/pt\/wp-json\/wp\/v2\/posts"}],"about":[{"href":"https:\/\/unifranz.edu.bo\/pt\/wp-json\/wp\/v2\/types\/post"}],"author":[{"embeddable":true,"href":"https:\/\/unifranz.edu.bo\/pt\/wp-json\/wp\/v2\/users\/45"}],"replies":[{"embeddable":true,"href":"https:\/\/unifranz.edu.bo\/pt\/wp-json\/wp\/v2\/comments?post=148229"}],"version-history":[{"count":2,"href":"https:\/\/unifranz.edu.bo\/pt\/wp-json\/wp\/v2\/posts\/148229\/revisions"}],"predecessor-version":[{"id":148275,"href":"https:\/\/unifranz.edu.bo\/pt\/wp-json\/wp\/v2\/posts\/148229\/revisions\/148275"}],"wp:featuredmedia":[{"embeddable":true,"href":"https:\/\/unifranz.edu.bo\/pt\/wp-json\/wp\/v2\/media\/148230"}],"wp:attachment":[{"href":"https:\/\/unifranz.edu.bo\/pt\/wp-json\/wp\/v2\/media?parent=148229"}],"wp:term":[{"taxonomy":"category","embeddable":true,"href":"https:\/\/unifranz.edu.bo\/pt\/wp-json\/wp\/v2\/categories?post=148229"},{"taxonomy":"post_tag","embeddable":true,"href":"https:\/\/unifranz.edu.bo\/pt\/wp-json\/wp\/v2\/tags?post=148229"}],"curies":[{"name":"wp","href":"https:\/\/api.w.org\/{rel}","templated":true}]}}