{"id":145937,"date":"2023-10-09T18:55:54","date_gmt":"2023-10-09T22:55:54","guid":{"rendered":"https:\/\/unifranz.edu.bo\/?p=145937"},"modified":"2023-10-11T09:49:37","modified_gmt":"2023-10-11T13:49:37","slug":"salud-mental-necesaria-para-afrontar-el-estres-tomar-decisiones-y-lograr-metas","status":"publish","type":"post","link":"https:\/\/unifranz.edu.bo\/pt\/blog\/salud-mental-necesaria-para-afrontar-el-estres-tomar-decisiones-y-lograr-metas\/","title":{"rendered":"Salud mental, necesaria para afrontar el estr\u00e9s, tomar decisiones y lograr metas"},"content":{"rendered":"<p><span style=\"color: #000000;\">Por Lily Zurita<\/span><\/p>\n<p><span style=\"font-weight: 400; color: #000000;\">No hay salud sin salud mental. El maestro Lao Tzu, uno de los fil\u00f3sofos m\u00e1s relevantes de la civilizaci\u00f3n china (VI &#8211; IV a. C.), dec\u00eda que la salud es la posesi\u00f3n m\u00e1s grande del ser humano, a prop\u00f3sito de este derecho fundamental y elemento esencial para el desarrollo personal, comunitario y socioecon\u00f3mico.<\/span><\/p>\n<p><span style=\"font-weight: 400; color: #000000;\">En un mundo cada vez m\u00e1s cambiante, preservar la salud mental y el bienestar del individuo cobran mayor relevancia y demandan el establecimiento de relaciones saludables que den forma al mundo en el que vivimos.\u00a0\u00a0<\/span><\/p>\n<p><span style=\"font-weight: 400; color: #000000;\">La salud mental es un estado de bienestar en el cual cada individuo desarrolla su potencial, afronta las tensiones de la vida, trabaja de forma productiva y fruct\u00edfera y aporta algo a su comunidad, asegura la Organizaci\u00f3n Mundial de la Salud (OMS).<\/span><\/p>\n<p><span style=\"font-weight: 400; color: #000000;\">Este martes 10 de octubre se celebra el D\u00eda Mundial de la Salud Mental a fin de crear conciencia sobre los problemas de salud mental y movilizar esfuerzos en apoyo de las personas que las padecen. Se trata de una iniciativa de la Federaci\u00f3n Mundial de la Salud Mental, con el respaldo de la OMS.\u00a0\u00a0<\/span><\/p>\n<p><span style=\"font-weight: 400; color: #000000;\">Las enfermedades de salud mental se han convertido en una epidemia silenciosa que est\u00e1 afectando a la poblaci\u00f3n mundial, con la depresi\u00f3n y la ansiedad como principales causas de discapacidad. Los trastornos mentales no distinguen edad, g\u00e9nero, nivel socioecon\u00f3mico o lugar de residencia.\u00a0<\/span><\/p>\n<p><span style=\"font-weight: 400; color: #000000;\">Las afecciones, seg\u00fan la OMS, comprenden trastornos mentales y discapacidades psicosociales, as\u00ed como otros estados mentales asociados a un alto grado de angustia, discapacidad funcional o riesgo de conducta autolesiva. Las personas que las padecen son m\u00e1s propensas a experimentar niveles m\u00e1s bajos de bienestar mental, aunque no necesariamente es as\u00ed.<\/span><\/p>\n<p><span style=\"font-weight: 400; color: #000000;\">Los datos son alarmantes. Al menos, 450 millones de personas en el mundo est\u00e1n afectadas por un problema de salud mental. La prevalencia de estos trastornos var\u00eda seg\u00fan la regi\u00f3n, pero es un problema global. Una de cada cuatro personas presenta un trastorno mental a lo largo de su vida y una persona se suicida en el mundo cada 40 segundos, aproximadamente.\u00a0<\/span><\/p>\n<p><span style=\"font-weight: 400; color: #000000;\">En Bolivia no existen datos precisos, pero en general, se observa un aumento de los problemas de salud mental debido a factores como el estr\u00e9s, la pobreza, la violencia y la falta de acceso a servicios de salud mental.<\/span><\/p>\n<p><span style=\"font-weight: 400; color: #000000;\">Los problemas de salud mental pueden afectar significativamente la calidad de vida de las personas, interfiriendo en sus relaciones, trabajo y bienestar emocional, asegura el director de la carrera de Psicolog\u00eda de la Universidad Franz Tamayo, Unifranz, James Robles.<\/span><\/p>\n<p><span style=\"font-weight: 400; color: #000000;\">\u201cPueden manifestarse a trav\u00e9s de s\u00edntomas emocionales, cognitivos y conductuales que pueden ser discapacitantes si no se tratan adecuadamente\u201d, precisa.<\/span><\/p>\n<p><span style=\"color: #000000;\"><b>Hay que cuidar la salud mental\u00a0<\/b><\/span><\/p>\n<p><span style=\"font-weight: 400; color: #000000;\">La salud mental es esencial para el bienestar general y el funcionamiento efectivo en la vida cotidiana.<\/span><\/p>\n<p><span style=\"font-weight: 400; color: #000000;\">Robles indica que \u201cun buen estado de salud mental mejora la capacidad de afrontar el estr\u00e9s, tomar decisiones, establecer relaciones saludables y lograr metas\u201d.<\/span><\/p>\n<p><span style=\"color: #000000;\"><b>Factores de riesgo<\/b><\/span><\/p>\n<p><span style=\"color: #000000;\"><span style=\"font-weight: 400;\">Los problemas de salud mental pueden <\/span><b>disminuir la calidad de vida<\/b><span style=\"font-weight: 400;\"> de una persona al afectar su bienestar emocional y su capacidad para disfrutar de las actividades cotidianas. Tambi\u00e9n pueden <\/span><b>interferir en sus relaciones interpersonales<\/b><span style=\"font-weight: 400;\">, caus\u00e1ndole conflictos, aislamiento social o dificultades para establecer relaciones saludables.<\/span><\/span><\/p>\n<p><span style=\"color: #000000;\"><span style=\"font-weight: 400;\">Las dificultades de salud mental pueden <\/span><b>influir en el rendimiento laboral o acad\u00e9mico<\/b><span style=\"font-weight: 400;\">, porque pueden provocar la disminuci\u00f3n de la concentraci\u00f3n, absentismo laboral o escolar y dificultades para cumplir con responsabilidad.<\/span><\/span><\/p>\n<p><span style=\"color: #000000;\"><span style=\"font-weight: 400;\">\u201cExiste una <\/span><b>estrecha relaci\u00f3n entre la salud mental y la salud f\u00edsica<\/b><span style=\"font-weight: 400;\">. Los problemas de salud mental no tratados pueden aumentar el riesgo de enfermedades f\u00edsicas, como enfermedades cardiovasculares, diabetes y trastornos autoinmunitarios\u201d, puntualiza el acad\u00e9mico.<\/span><\/span><\/p>\n<p><span style=\"color: #000000;\"><span style=\"font-weight: 400;\">Asimismo, las personas que sufren alg\u00fan trastorno mental pueden tener <\/span><b>dificultades para cuidar de s\u00ed mismas<\/b><span style=\"font-weight: 400;\">, lo que incluye la alimentaci\u00f3n adecuada, el ejercicio y el sue\u00f1o. En casos graves, pueden llevar a <\/span><b>pensamientos y comportamientos suicidas o autolesiones<\/b><span style=\"font-weight: 400;\">, lo que representa un riesgo significativo para la vida.<\/span><\/span><\/p>\n<p><span style=\"color: #000000;\"><span style=\"font-weight: 400;\">Para Robles la <\/span><b>predisposici\u00f3n gen\u00e9tica <\/b><span style=\"font-weight: 400;\">tambi\u00e9n<\/span> <span style=\"font-weight: 400;\">puede aumentar la probabilidad de desarrollar trastornos mentales. Adem\u00e1s, los desequilibrios qu\u00edmicos en el cerebro pueden contribuir a problemas de salud mental.<\/span><\/span><\/p>\n<p><span style=\"font-weight: 400; color: #000000;\">El psic\u00f3logo agrega que otros desencadenantes contra la salud mental son:<\/span><\/p>\n<ul>\n<li style=\"font-weight: 400;\" aria-level=\"1\"><span style=\"color: #000000;\"><span style=\"font-weight: 400;\">El <\/span><b>trauma<\/b><span style=\"font-weight: 400;\">, como abuso infantil, violencia, accidentes graves o experiencias de guerra.<\/span><\/span><\/li>\n<li style=\"font-weight: 400;\" aria-level=\"1\"><span style=\"color: #000000;\"><span style=\"font-weight: 400;\">El <\/span><b>estr\u00e9s continuo en la vida<\/b><span style=\"font-weight: 400;\">, ya sea por problemas financieros, laborales o personales, puede aumentar el riesgo de desarrollar trastornos de ansiedad, depresi\u00f3n.<\/span><\/span><\/li>\n<li style=\"font-weight: 400;\" aria-level=\"1\"><span style=\"color: #000000;\"><span style=\"font-weight: 400;\">El <\/span><b>consumo excesivo de alcohol<\/b><span style=\"font-weight: 400;\"> y drogas puede aumentar el riesgo de trastornos como la adicci\u00f3n y la depresi\u00f3n.<\/span><\/span><\/li>\n<li style=\"font-weight: 400;\" aria-level=\"1\"><span style=\"color: #000000;\"><span style=\"font-weight: 400;\">La <\/span><b>pobreza<\/b><span style=\"font-weight: 400;\">, el desempleo, la discriminaci\u00f3n, el aislamiento social y la falta de apoyo familiar.<\/span><\/span><\/li>\n<li style=\"font-weight: 400;\" aria-level=\"1\"><span style=\"color: #000000;\"><span style=\"font-weight: 400;\">Las <\/span><b>enfermedades cr\u00f3nicas<\/b><span style=\"font-weight: 400;\">, como enfermedades card\u00edacas o diabetes.<\/span><\/span><\/li>\n<li style=\"font-weight: 400;\" aria-level=\"1\"><span style=\"color: #000000;\"><span style=\"font-weight: 400;\">Los <\/span><b>antecedentes familiares<\/b><span style=\"font-weight: 400;\"> de trastornos mentales tambi\u00e9n pueden aumentar el riesgo.<\/span><\/span><\/li>\n<li style=\"font-weight: 400;\" aria-level=\"1\"><span style=\"color: #000000;\"><b>Experiencias negativas<\/b><span style=\"font-weight: 400;\"> en la infancia, como negligencia, abandono o falta de apoyo emocional.<\/span><\/span><\/li>\n<\/ul>\n<p><span style=\"color: #000000;\"><b>Falta de interacci\u00f3n social<\/b><span style=\"font-weight: 400;\"> y aislamiento pueden contribuir a la depresi\u00f3n y la ansiedad.<\/span><\/span><\/p>","protected":false},"excerpt":{"rendered":"<p>Por Lily Zurita No hay salud sin salud mental. El maestro Lao Tzu, uno de los fil\u00f3sofos m\u00e1s relevantes de la civilizaci\u00f3n china (VI &#8211; IV a. C.), dec\u00eda que la salud es la posesi\u00f3n m\u00e1s grande del ser humano, a prop\u00f3sito de este derecho fundamental y elemento esencial para el desarrollo personal, comunitario y &hellip; <a href=\"https:\/\/unifranz.edu.bo\/pt\/blog\/salud-mental-necesaria-para-afrontar-el-estres-tomar-decisiones-y-lograr-metas\/\">Continued<\/a><\/p>","protected":false},"author":45,"featured_media":145938,"comment_status":"open","ping_status":"open","sticky":false,"template":"","format":"standard","meta":{"_acf_changed":false,"footnotes":""},"categories":[60,2186,1662,2858,2194,1782],"tags":[2948,6010,3454,49,2944,242],"class_list":["post-145937","post","type-post","status-publish","format-standard","has-post-thumbnail","hentry","category-blog","category-carreras-es","category-docentes","category-innovacion-en-educacion","category-psicologia","category-unifranz","tag-carrera-de-psicologia","tag-desiciones","tag-estres","tag-medicina","tag-salud-mental","tag-unifranz"],"acf":[],"_links":{"self":[{"href":"https:\/\/unifranz.edu.bo\/pt\/wp-json\/wp\/v2\/posts\/145937","targetHints":{"allow":["GET"]}}],"collection":[{"href":"https:\/\/unifranz.edu.bo\/pt\/wp-json\/wp\/v2\/posts"}],"about":[{"href":"https:\/\/unifranz.edu.bo\/pt\/wp-json\/wp\/v2\/types\/post"}],"author":[{"embeddable":true,"href":"https:\/\/unifranz.edu.bo\/pt\/wp-json\/wp\/v2\/users\/45"}],"replies":[{"embeddable":true,"href":"https:\/\/unifranz.edu.bo\/pt\/wp-json\/wp\/v2\/comments?post=145937"}],"version-history":[{"count":2,"href":"https:\/\/unifranz.edu.bo\/pt\/wp-json\/wp\/v2\/posts\/145937\/revisions"}],"predecessor-version":[{"id":146287,"href":"https:\/\/unifranz.edu.bo\/pt\/wp-json\/wp\/v2\/posts\/145937\/revisions\/146287"}],"wp:featuredmedia":[{"embeddable":true,"href":"https:\/\/unifranz.edu.bo\/pt\/wp-json\/wp\/v2\/media\/145938"}],"wp:attachment":[{"href":"https:\/\/unifranz.edu.bo\/pt\/wp-json\/wp\/v2\/media?parent=145937"}],"wp:term":[{"taxonomy":"category","embeddable":true,"href":"https:\/\/unifranz.edu.bo\/pt\/wp-json\/wp\/v2\/categories?post=145937"},{"taxonomy":"post_tag","embeddable":true,"href":"https:\/\/unifranz.edu.bo\/pt\/wp-json\/wp\/v2\/tags?post=145937"}],"curies":[{"name":"wp","href":"https:\/\/api.w.org\/{rel}","templated":true}]}}