{"id":145497,"date":"2023-10-07T09:56:34","date_gmt":"2023-10-07T13:56:34","guid":{"rendered":"https:\/\/unifranz.edu.bo\/?p=145497"},"modified":"2023-10-09T15:52:17","modified_gmt":"2023-10-09T19:52:17","slug":"operacion-sonrisa-en-el-alto-campana-que-cambia-vidas-a-traves-de-la-solidaridad","status":"publish","type":"post","link":"https:\/\/unifranz.edu.bo\/pt\/blog\/operacion-sonrisa-en-el-alto-campana-que-cambia-vidas-a-traves-de-la-solidaridad\/","title":{"rendered":"Operaci\u00f3n Sonrisa en El Alto: campa\u00f1a que cambia vidas a trav\u00e9s de la solidaridad"},"content":{"rendered":"<p>(Ph. Eju.TV)<\/p>\n<p><span style=\"color: #000000;\">Ni\u00f1os mayores de seis meses y adultos que sufren de labio fisurado o paladar hendido podr\u00e1n ser parte de la campa\u00f1a gratuita Operaci\u00f3n Sonrisa organizada por la fundaci\u00f3n del mismo nombre. El siguiente s\u00e1bado 14 de octubre se realizar\u00e1 la preselecci\u00f3n en la Cl\u00ednica Odontol\u00f3gica de la Universidad Franz Tamayo, Unifranz, de El Alto.<\/span><\/p>\n<p><span style=\"color: #000000;\">\u201cLo que hacemos es una evaluaci\u00f3n m\u00e9dica previa a pacientes que vienen de ciudades alejadas, a fin de conocer si son aptos para someterse a la cirug\u00eda\u201d, afirm\u00f3 Cecilia Vaca, directora de la Fundaci\u00f3n Operaci\u00f3n Sonrisa. La preselecci\u00f3n estar\u00e1 a cargo de especialistas quienes determinar\u00e1n si la persona est\u00e1 en condiciones para acceder a la cirug\u00eda.<\/span><\/p>\n<p><span style=\"color: #000000;\">La evaluaci\u00f3n previa no tiene costo y la campa\u00f1a cubre los gastos de traslado del paciente seleccionado y de un acompa\u00f1ante a la ciudad de Santa cruz donde se le realizar\u00e1 la cirug\u00eda. Esta campa\u00f1a tambi\u00e9n incluye los estudios de laboratorio, estudios m\u00e9dicos para la valoraci\u00f3n final y, de ser el caso, la cirug\u00eda. Esto se debe a que no todos los pacientes son aptos para la intervenci\u00f3n, debido a otras condiciones m\u00e9dicas.<\/span><\/p>\n<p><span style=\"color: #000000;\">Para llevar adelante este proceso, un importante contingente humano compuesto por m\u00e9dicos especialistas, odont\u00f3logos, enfermeras y personal de salud trabajan para garantizar que los pacientes y sus familias reciban la mejor atenci\u00f3n posible.<\/span><\/p>\n<p><span style=\"color: #000000;\">La campa\u00f1a busca cambiar la vida de decenas de ni\u00f1os que padecen estas malformaciones, en busca de darles una mejor calidad de vida y el n\u00famero de beneficiarios de las cirug\u00edas depender\u00e1 de los resultados de las evaluaciones m\u00e9dicas.<\/span><\/p>\n<p><strong><span style=\"color: #000000;\">\u00bfCu\u00e1l es el problema?<\/span><\/strong><\/p>\n<p><span style=\"color: #000000;\">El labio fisurado y el paladar hendido son alteraciones en la formaci\u00f3n del reci\u00e9n nacido en el vientre materno. El labio fisurado ocurre cuando los tejidos que forman el labio no se cierran correctamente, mientras que el paladar hendido es una abertura en el paladar debido a un cierre incompleto.<\/span><\/p>\n<p><span style=\"color: #000000;\">Seg\u00fan especialistas, quienes aquejan estos problemas, sufren diversas dificultades para alimentarse, hablar y son vulnerables a infecciones de o\u00eddo o problemas en los dientes. Uno de 500 ni\u00f1os en el mundo nace con labio fisurado y\/o paladar hendido y uno de cada 10 ni\u00f1os que nacen con esta dolencia fallece por desnutrici\u00f3n antes de cumplir su primer a\u00f1o.<\/span><\/p>\n<p><span style=\"color: #000000;\">La campa\u00f1a comenzar\u00e1 a las 7:30 del s\u00e1bado 14 de octubre y se extender\u00e1 hasta las 16:00. Este esfuerzo es parte de la responsabilidad social empresarial y la alianza estrat\u00e9gica entre la Fundaci\u00f3n Operaci\u00f3n Sonrisa, BCP, Fundaci\u00f3n Unifranz y otras instituciones.<\/span><\/p>\n<p><strong><span style=\"color: #000000;\">Una jornada dedicada a la salud<\/span><\/strong><\/p>\n<p><span style=\"color: #000000;\">Adem\u00e1s de las evaluaciones m\u00e9dicas, la jornada incluir\u00e1 diagn\u00f3sticos y tratamientos b\u00e1sicos para el cuidado dental, en colaboraci\u00f3n con la carrera de Odontolog\u00eda de Unifranz en El Alto.<\/span><\/p>\n<p><span style=\"color: #000000;\">\u201cEs una campa\u00f1a muy importante, enmarcada en la responsabilidad social de nuestra instituci\u00f3n, a trav\u00e9s del apoyo a una importante iniciativa de la Fundaci\u00f3n Operaci\u00f3n Sonrisa\u201d, afirm\u00f3 \u00c1lvaro Ib\u00e1\u00f1ez, director de la carrera de Odontolog\u00eda de Unifranz El Alto. Aclar\u00f3 que docentes y estudiantes coadyuvar\u00e1n en la log\u00edstica como en las valoraciones.<\/span><\/p>\n<p><span style=\"color: #000000;\">Adem\u00e1s del proceso de evaluaci\u00f3n a los pacientes, la comunidad acad\u00e9mica tiene preparadas una serie de actividades para que los ni\u00f1os y sus familias que llegan desde distintos lugares del departamento tengan un tiempo de espera ameno.<\/span><\/p>\n<p><strong><span style=\"color: #000000;\">Opera\u00e7\u00e3o Sorriso<\/span><\/strong><\/p>\n<p><span style=\"color: #000000;\">Por 24 a\u00f1os se lleva adelante la campana y hasta el momento cambi\u00f3 la vida de 4.600 ni\u00f1os de todo el pa\u00eds. Ellos fueron intervenidos de forma exitosa en m\u00e1s de medio centenar de misiones y todos ellos recuperaron la sonrisa. En las cirug\u00edas participan m\u00e9dicos, especialistas voluntarios nacionales y del exterior quienes apoyan el programa a nivel mundial.<\/span><\/p>\n<p><span style=\"color: #000000;\">Si conoces a alguien que pueda beneficiarse de esta campa\u00f1a o necesitas m\u00e1s informaci\u00f3n, puedes comunicarte a los tel\u00e9fonos m\u00f3viles 79036056 \u2013 76342007. Tu ayuda y apoyo pueden cambiar vidas y devolver sonrisas.<\/span><\/p>","protected":false},"excerpt":{"rendered":"<p>(Ph. Eju.TV) Ni\u00f1os mayores de seis meses y adultos que sufren de labio fisurado o paladar hendido podr\u00e1n ser parte de la campa\u00f1a gratuita Operaci\u00f3n Sonrisa organizada por la fundaci\u00f3n del mismo nombre. El siguiente s\u00e1bado 14 de octubre se realizar\u00e1 la preselecci\u00f3n en la Cl\u00ednica Odontol\u00f3gica de la Universidad Franz Tamayo, Unifranz, de El &hellip; <a href=\"https:\/\/unifranz.edu.bo\/pt\/blog\/operacion-sonrisa-en-el-alto-campana-que-cambia-vidas-a-traves-de-la-solidaridad\/\">Continued<\/a><\/p>","protected":false},"author":25,"featured_media":145498,"comment_status":"open","ping_status":"open","sticky":false,"template":"","format":"standard","meta":{"_acf_changed":false,"footnotes":""},"categories":[60],"tags":[],"class_list":["post-145497","post","type-post","status-publish","format-standard","has-post-thumbnail","hentry","category-blog"],"acf":[],"_links":{"self":[{"href":"https:\/\/unifranz.edu.bo\/pt\/wp-json\/wp\/v2\/posts\/145497","targetHints":{"allow":["GET"]}}],"collection":[{"href":"https:\/\/unifranz.edu.bo\/pt\/wp-json\/wp\/v2\/posts"}],"about":[{"href":"https:\/\/unifranz.edu.bo\/pt\/wp-json\/wp\/v2\/types\/post"}],"author":[{"embeddable":true,"href":"https:\/\/unifranz.edu.bo\/pt\/wp-json\/wp\/v2\/users\/25"}],"replies":[{"embeddable":true,"href":"https:\/\/unifranz.edu.bo\/pt\/wp-json\/wp\/v2\/comments?post=145497"}],"version-history":[{"count":2,"href":"https:\/\/unifranz.edu.bo\/pt\/wp-json\/wp\/v2\/posts\/145497\/revisions"}],"predecessor-version":[{"id":145575,"href":"https:\/\/unifranz.edu.bo\/pt\/wp-json\/wp\/v2\/posts\/145497\/revisions\/145575"}],"wp:featuredmedia":[{"embeddable":true,"href":"https:\/\/unifranz.edu.bo\/pt\/wp-json\/wp\/v2\/media\/145498"}],"wp:attachment":[{"href":"https:\/\/unifranz.edu.bo\/pt\/wp-json\/wp\/v2\/media?parent=145497"}],"wp:term":[{"taxonomy":"category","embeddable":true,"href":"https:\/\/unifranz.edu.bo\/pt\/wp-json\/wp\/v2\/categories?post=145497"},{"taxonomy":"post_tag","embeddable":true,"href":"https:\/\/unifranz.edu.bo\/pt\/wp-json\/wp\/v2\/tags?post=145497"}],"curies":[{"name":"wp","href":"https:\/\/api.w.org\/{rel}","templated":true}]}}