{"id":144984,"date":"2023-10-06T14:54:34","date_gmt":"2023-10-06T18:54:34","guid":{"rendered":"https:\/\/unifranz.edu.bo\/?p=144984"},"modified":"2023-10-07T12:56:45","modified_gmt":"2023-10-07T16:56:45","slug":"marketing-solidario-estudiante-de-unifranz-apoya-la-entrega-de-prostesis-a-bajos-costos","status":"publish","type":"post","link":"https:\/\/unifranz.edu.bo\/pt\/branding\/marketing-solidario-estudiante-de-unifranz-apoya-la-entrega-de-prostesis-a-bajos-costos\/","title":{"rendered":"Marketing solidario, estudiante de Unifranz apoya la entrega de pr\u00f3tesis a bajos costos"},"content":{"rendered":"<p><span style=\"color: #000000;\">Voluntariados y campa\u00f1as solidarias marcaron la vida de Hugo Salazar. Al cursar el sexto semestre de la carrera de Publicidad y Marketing en Unifranz Santa Cruz decidi\u00f3 continuar su vocaci\u00f3n y se integr\u00f3 a una startup que fabrica pr\u00f3tesis. Ahora, venden estos art\u00edculos al 4% del precio de mercado, una forma de Marketing Solidario en beneficio de la poblaci\u00f3n.<\/span><\/p>\n<p><span style=\"color: #000000;\">La base del proyecto es el marketing solidario, una herramienta para captar fondos por una causa social. En este caso, la fabricaci\u00f3n de pr\u00f3tesis de bajo costo para miembros superiores accesibles a personas de escasos recursos. Uno de estos equipos cuesta alrededor de 200 d\u00f3lares, s\u00f3lo un 4% de lo que demandar\u00eda una b\u00e1sica en el mercado boliviano. Esta forma de campa\u00f1a ayuda a una parte de la sociedad y consigue atraer a aquellas personas que se sientan identificadas con esta causa.<\/span><\/p>\n<p><span style=\"color: #000000;\">Hugo se desempe\u00f1a como encargado de marketing de \u201cCREO Pr\u00f3tesis\u201d y desde su espacio laborar logr\u00f3 combinar sus dos pasiones: su trabajo y el sentido de ayuda social. Las personas beneficiadas acceden a una mejor calidad de vida porque pueden volver a escribir, conducir un veh\u00edculo o tomar cualquier objeto.<\/span><\/p>\n<p><span style=\"color: #000000;\">Los conocimientos adquiridos en su formaci\u00f3n profesional los aplica en distintas campa\u00f1as publicitarias en medios tradicionales y digitales para difundir la labor que realiza la startup al punto de que personas de El Salvador, Guatemala, M\u00e9xico, Colombia y Ecuador mejoraron su calidad de vida con las pr\u00f3tesis.<\/span><\/p>\n<p><span style=\"color: #000000;\">\u201cObtenemos las medidas espec\u00edficas para cada uno de los pacientes y para ello usamos la t\u00e9cnica de la fotogrametr\u00eda. Los datos los empleamos para elaborar un modelo 3D con el que dise\u00f1amos la pr\u00f3tesis a medida exacta. Una vez terminado el dise\u00f1o, lo exportamos el archivo e iniciamos con la impresi\u00f3n. Nuestro objetivo es llegar a las personas de bajos recursos para ayudarlos a tener mejor calidad de vida\u201d, indic\u00f3 Salazar.<\/span><\/p>\n<p><span style=\"color: #000000;\">El joven de 21 a\u00f1os se siente motivado con el trabajo que realiza, pues ayuda a cambiar la vida de las personas. \u201cMe siento muy feliz de ser parte del equipo que genera una esperanza a las personas que perdieron una mano o hasta el brazo completo. La universidad nos forma como profesionales con valores y, siento que estoy cumpliendo con lo que me ense\u00f1an y me encamino hacia donde quiero llegar\u201d.<\/span><\/p>\n<p><span style=\"color: #000000;\">En Bolivia, una pr\u00f3tesis b\u00e1sica de miembro superior cuesta aproximadamente 5.000 d\u00f3lares, una pr\u00f3tesis mec\u00e1nica se la vende a 10.000 d\u00f3lares y una con tecnolog\u00eda bi\u00f3nica puede llegar a valer 16.000 d\u00f3lares en adelante. Hugo asegura que el prop\u00f3sito de fabricar pr\u00f3tesis personalizadas a muy bajos costos y de alta calidad es ayudar a las personas porque tienen un costo que oscila entre los 200 a 300 d\u00f3lares, dependiendo del paciente.<\/span><\/p>\n<p><span style=\"color: #000000;\">Seg\u00fan datos del Sistema de Informaci\u00f3n del Programa de Registro \u00danico Nacional de Personas con Discapacidad (Siprunpcd) del 2019; en Bolivia existen 95.884 discapacitados, de los cuales el 38% tiene discapacidad f\u00edsica-motora.<\/span><\/p>\n<p><span style=\"color: #000000;\">La Universidad Franz Tamayo aplica la metodolog\u00eda \u201caprende haciendo\u201d en la formaci\u00f3n de sus profesionales desde el primer semestre de la carrera. Los j\u00f3venes realizan proyectos fuera del aula para poner en pr\u00e1ctica lo que aprendieron en su desarrollo acad\u00e9mico. Al mismo tiempo, desarrolla programas y proyectos que fortalecen los valores de los estudiantes, mismos que tienen el objetivo de formarlos como profesionales \u00edntegros, solidarios y de clase mundial.<\/span><\/p>\n<p><img loading=\"lazy\" decoding=\"async\" class=\"alignnone wp-image-144986 size-full\" src=\"https:\/\/unifranz.edu.bo\/wp-content\/uploads\/2023\/10\/WhatsApp-Image-2023-10-06-at-14.38.31.jpeg\" alt=\"\" width=\"881\" height=\"580\" srcset=\"https:\/\/unifranz.edu.bo\/wp-content\/uploads\/2023\/10\/WhatsApp-Image-2023-10-06-at-14.38.31.jpeg 881w, https:\/\/unifranz.edu.bo\/wp-content\/uploads\/2023\/10\/WhatsApp-Image-2023-10-06-at-14.38.31-300x198.jpeg 300w, https:\/\/unifranz.edu.bo\/wp-content\/uploads\/2023\/10\/WhatsApp-Image-2023-10-06-at-14.38.31-768x506.jpeg 768w, https:\/\/unifranz.edu.bo\/wp-content\/uploads\/2023\/10\/WhatsApp-Image-2023-10-06-at-14.38.31-18x12.jpeg 18w\" sizes=\"auto, (max-width: 881px) 100vw, 881px\" \/><\/p>\n<p><span style=\"color: #000000;\"><strong>Emprende Ideas 2023<\/strong><\/span><\/p>\n<p><span style=\"color: #000000;\">La Fundaci\u00f3n Samuel Doria Medina Arana llev\u00f3 adelante la octava versi\u00f3n del \u201cEmprende Ideas\u201d. El concurso reconoce y apoya a los emprendimientos ya establecidos que demuestren m\u00e1s potencial de mercado y posibilidades de convertirse en empresas exitosas.<\/span><\/p>\n<p><span style=\"color: #000000;\">La fundaci\u00f3n seleccion\u00f3, en una primera instancia, a 100 proyectos de todo el pa\u00eds y entre ellos eligi\u00f3 a los 15 mejores entre los que se encuentran CREO Pr\u00f3tesis. El reconocimiento se realiz\u00f3 en la ciudad de La Paz, en el piso 40 del Green Tower, donde asistieron Hugo Salazar y el equipo completo de la startup.<\/span><\/p>\n<p><span style=\"color: #000000;\">\u201cNos sentimos muy contentos de ver que seguimos creciendo. Tenemos un objetivo claro y es ayudar a los dem\u00e1s. El estar entre los 15 mejores emprendimientos del pa\u00eds, nos motiva a seguir trabajando para seguir creciendo y ayudando a cambiar vidas\u201d, expres\u00f3 el estudiante.<\/span><\/p>","protected":false},"excerpt":{"rendered":"<p>Voluntariados y campa\u00f1as solidarias marcaron la vida de Hugo Salazar. Al cursar el sexto semestre de la carrera de Publicidad y Marketing en Unifranz Santa Cruz decidi\u00f3 continuar su vocaci\u00f3n y se integr\u00f3 a una startup que fabrica pr\u00f3tesis. Ahora, venden estos art\u00edculos al 4% del precio de mercado, una forma de Marketing Solidario en &hellip; <a href=\"https:\/\/unifranz.edu.bo\/pt\/branding\/marketing-solidario-estudiante-de-unifranz-apoya-la-entrega-de-prostesis-a-bajos-costos\/\">Continued<\/a><\/p>","protected":false},"author":33,"featured_media":144985,"comment_status":"open","ping_status":"open","sticky":false,"template":"","format":"standard","meta":{"_acf_changed":false,"footnotes":""},"categories":[2576,60,51,2858,1690,2184],"tags":[5968,5966,5058,5964,104,43,184],"class_list":["post-144984","post","type-post","status-publish","format-standard","has-post-thumbnail","hentry","category-unifranz-santa-cruz","category-blog","category-branding","category-innovacion-en-educacion","category-marketing","category-publicidad-y-marketing","tag-creo-protesis","tag-marketing-solidario","tag-protesis","tag-protesis-ortopedicas","tag-publicidad-y-marketing","tag-santa-cruz","tag-solidaridad"],"acf":[],"_links":{"self":[{"href":"https:\/\/unifranz.edu.bo\/pt\/wp-json\/wp\/v2\/posts\/144984","targetHints":{"allow":["GET"]}}],"collection":[{"href":"https:\/\/unifranz.edu.bo\/pt\/wp-json\/wp\/v2\/posts"}],"about":[{"href":"https:\/\/unifranz.edu.bo\/pt\/wp-json\/wp\/v2\/types\/post"}],"author":[{"embeddable":true,"href":"https:\/\/unifranz.edu.bo\/pt\/wp-json\/wp\/v2\/users\/33"}],"replies":[{"embeddable":true,"href":"https:\/\/unifranz.edu.bo\/pt\/wp-json\/wp\/v2\/comments?post=144984"}],"version-history":[{"count":2,"href":"https:\/\/unifranz.edu.bo\/pt\/wp-json\/wp\/v2\/posts\/144984\/revisions"}],"predecessor-version":[{"id":145620,"href":"https:\/\/unifranz.edu.bo\/pt\/wp-json\/wp\/v2\/posts\/144984\/revisions\/145620"}],"wp:featuredmedia":[{"embeddable":true,"href":"https:\/\/unifranz.edu.bo\/pt\/wp-json\/wp\/v2\/media\/144985"}],"wp:attachment":[{"href":"https:\/\/unifranz.edu.bo\/pt\/wp-json\/wp\/v2\/media?parent=144984"}],"wp:term":[{"taxonomy":"category","embeddable":true,"href":"https:\/\/unifranz.edu.bo\/pt\/wp-json\/wp\/v2\/categories?post=144984"},{"taxonomy":"post_tag","embeddable":true,"href":"https:\/\/unifranz.edu.bo\/pt\/wp-json\/wp\/v2\/tags?post=144984"}],"curies":[{"name":"wp","href":"https:\/\/api.w.org\/{rel}","templated":true}]}}