{"id":144599,"date":"2023-10-04T12:04:27","date_gmt":"2023-10-04T16:04:27","guid":{"rendered":"https:\/\/unifranz.edu.bo\/?p=144599"},"modified":"2023-10-11T18:15:45","modified_gmt":"2023-10-11T22:15:45","slug":"inteligencia","status":"publish","type":"post","link":"https:\/\/unifranz.edu.bo\/pt\/la-paz\/inteligencia\/","title":{"rendered":"Abogados empresariales y la formalizaci\u00f3n de emprendimientos, bases para los negocios corporativos"},"content":{"rendered":"<ul>\n<li><span style=\"color: #000000;\"><span style=\"font-weight: 400;\">La formalizaci\u00f3n de los emprendimientos y la relaci\u00f3n entre el <\/span><i><span style=\"font-weight: 400;\">management<\/span><\/i><span style=\"font-weight: 400;\"> (gesti\u00f3n empresarial) con los asuntos jur\u00eddicos en el \u00e1mbito corporativo fueron los ejes centrales que destacaron los expertos reunidos en la Segunda Jornada de Inteligencia Jur\u00eddica en Negocios Corporativos que se organiz\u00f3 en la Universidad Franz Tamayo, Unifranz. El evento, fue dise\u00f1ado para que los estudiantes puedan aprender y conectarse con destacadas figuras del mundo empresarial y legal.\u00a0<\/span><\/span><\/li>\n<\/ul>\n<p><span style=\"font-weight: 400; color: #000000;\">\u201cLa formalizaci\u00f3n de los negocios es crucial para acceder a beneficios legales, impositivos y bancarios. Cuando los negocios son formales, est\u00e1n protegidos por la ley y pueden aprovechar las ventajas fiscales. Tambi\u00e9n pueden acceder a servicios bancarios y cr\u00e9ditos, lo que contribuye a su crecimiento sostenible\u201d, declar\u00f3 Annette Shirley Escobar, docente de la carrera de Derecho de Unifranz La Paz.\u00a0<\/span><\/p>\n<p><span style=\"color: #000000;\">Se presentaron oradores con una amplia experiencia en el campo empresarial y legal quienes compartieron sus visiones y experiencias como Lic. Arnaldo Montero, ex presidente de la C\u00e1mara Junior Bolivia; Rosario Aguilar, empresaria y dise\u00f1adora de Alta Costura; Dr. Ismael Franco Asesor legal de Startups Bolivia; Lic. Hern\u00e1n Solares Vicepresidente de Recursos Humanos Del Banco Mercantil Santa Cruz; Pamy Quezada, Gerente General de Alexander Coffe; Samuel Doria Medina, empresario; Igor Vucsanovich, Gerente General del centro de Arbitraje y Conciliaci\u00f3n de la C\u00e1mara Nacional de Comercio; Fernando Miranda, Abogado Corporativo autor e Investigador; y Gabriela Strauss, CEO y Fundadora de Mujeres al Volante.<\/span><\/p>\n<p><span style=\"font-weight: 400; color: #000000;\">Carlos Molina, director de la carrera de Ingenier\u00eda Comercial, destac\u00f3 la importancia de la legalizaci\u00f3n de los emprendimientos sin importar su tama\u00f1o. \u201cDesde el sector de los peque\u00f1os emprendimientos, la formalizaci\u00f3n permite ser m\u00e1s atractivos a los inversores tanto extranjeros como nacionales. (Este trabajo se puede llevar adelante) con el apoyo de gremios como la C\u00e1mara Nacional de Comercio (CNC) o C\u00e1maras Regionales\u201d.<\/span><\/p>\n<p><span style=\"font-weight: 400; color: #000000;\">Alberto Salamanca, director de la carrera de Derecho, destac\u00f3 la evoluci\u00f3n del rol del abogado empresarial en el siglo XXI. \u201cLa inteligencia jur\u00eddica como la inteligencia comercial se combinan en la gesti\u00f3n de los negocios corporativos. Esto implica que los abogados empresariales deben ser parte integral del equipo comercial y empresarial, deben contribuir a la toma de decisiones y a la b\u00fasqueda de soluciones en las \u00e1reas jur\u00eddicas y corporativas\u201d.<\/span><\/p>\n<p><span style=\"font-weight: 400; color: #000000;\">La Segunda Jornada de Inteligencia Jur\u00eddica en Negocios Corporativos demostr\u00f3 la importancia de la colaboraci\u00f3n entre la gesti\u00f3n empresarial y el derecho. Esta sinergia entre ambas disciplinas se convirti\u00f3 en un activo valioso en la toma de decisiones y la b\u00fasqueda de soluciones. Los abogados empresariales deben adquirir conocimientos no s\u00f3lo en derecho, sino en gesti\u00f3n empresarial y otras especialidades para impulsar el \u00e9xito de las empresas.<\/span><\/p>\n<p>&nbsp;<\/p>\n<p><span style=\"font-weight: 400; color: #000000;\"><img loading=\"lazy\" decoding=\"async\" class=\"wp-image-146312 alignleft\" src=\"https:\/\/unifranz.edu.bo\/wp-content\/uploads\/2023\/10\/6-52-300x183.jpg\" alt=\"\" width=\"233\" height=\"142\" srcset=\"https:\/\/unifranz.edu.bo\/wp-content\/uploads\/2023\/10\/6-52-300x183.jpg 300w, https:\/\/unifranz.edu.bo\/wp-content\/uploads\/2023\/10\/6-52-1024x625.jpg 1024w, https:\/\/unifranz.edu.bo\/wp-content\/uploads\/2023\/10\/6-52-768x469.jpg 768w, https:\/\/unifranz.edu.bo\/wp-content\/uploads\/2023\/10\/6-52-1536x938.jpg 1536w, https:\/\/unifranz.edu.bo\/wp-content\/uploads\/2023\/10\/6-52-18x12.jpg 18w, https:\/\/unifranz.edu.bo\/wp-content\/uploads\/2023\/10\/6-52.jpg 1965w\" sizes=\"auto, (max-width: 233px) 100vw, 233px\" \/><\/span><\/p>\n<p><img loading=\"lazy\" decoding=\"async\" class=\"wp-image-144603 alignleft\" src=\"https:\/\/unifranz.edu.bo\/wp-content\/uploads\/2023\/10\/12-20-300x183.jpg\" alt=\"\" width=\"232\" height=\"141\" srcset=\"https:\/\/unifranz.edu.bo\/wp-content\/uploads\/2023\/10\/12-20-300x183.jpg 300w, https:\/\/unifranz.edu.bo\/wp-content\/uploads\/2023\/10\/12-20-1024x625.jpg 1024w, https:\/\/unifranz.edu.bo\/wp-content\/uploads\/2023\/10\/12-20-768x469.jpg 768w, https:\/\/unifranz.edu.bo\/wp-content\/uploads\/2023\/10\/12-20-1536x938.jpg 1536w, https:\/\/unifranz.edu.bo\/wp-content\/uploads\/2023\/10\/12-20-18x12.jpg 18w, https:\/\/unifranz.edu.bo\/wp-content\/uploads\/2023\/10\/12-20.jpg 1965w\" sizes=\"auto, (max-width: 232px) 100vw, 232px\" \/> <img loading=\"lazy\" decoding=\"async\" class=\"wp-image-144605 alignleft\" src=\"https:\/\/unifranz.edu.bo\/wp-content\/uploads\/2023\/10\/4-63-300x183.jpg\" alt=\"\" width=\"236\" height=\"144\" srcset=\"https:\/\/unifranz.edu.bo\/wp-content\/uploads\/2023\/10\/4-63-300x183.jpg 300w, https:\/\/unifranz.edu.bo\/wp-content\/uploads\/2023\/10\/4-63-1024x625.jpg 1024w, https:\/\/unifranz.edu.bo\/wp-content\/uploads\/2023\/10\/4-63-768x469.jpg 768w, https:\/\/unifranz.edu.bo\/wp-content\/uploads\/2023\/10\/4-63-1536x938.jpg 1536w, https:\/\/unifranz.edu.bo\/wp-content\/uploads\/2023\/10\/4-63-18x12.jpg 18w, https:\/\/unifranz.edu.bo\/wp-content\/uploads\/2023\/10\/4-63.jpg 1965w\" sizes=\"auto, (max-width: 236px) 100vw, 236px\" \/> <img loading=\"lazy\" decoding=\"async\" class=\"wp-image-144606 alignnone\" src=\"https:\/\/unifranz.edu.bo\/wp-content\/uploads\/2023\/10\/4-62-300x194.jpg\" alt=\"\" width=\"237\" height=\"154\" srcset=\"https:\/\/unifranz.edu.bo\/wp-content\/uploads\/2023\/10\/4-62-300x194.jpg 300w, https:\/\/unifranz.edu.bo\/wp-content\/uploads\/2023\/10\/4-62-1024x664.jpg 1024w, https:\/\/unifranz.edu.bo\/wp-content\/uploads\/2023\/10\/4-62-768x498.jpg 768w, https:\/\/unifranz.edu.bo\/wp-content\/uploads\/2023\/10\/4-62-1536x996.jpg 1536w, https:\/\/unifranz.edu.bo\/wp-content\/uploads\/2023\/10\/4-62-18x12.jpg 18w, https:\/\/unifranz.edu.bo\/wp-content\/uploads\/2023\/10\/4-62.jpg 1851w\" sizes=\"auto, (max-width: 237px) 100vw, 237px\" \/><\/p>","protected":false},"excerpt":{"rendered":"<p>La formalizaci\u00f3n de los emprendimientos y la relaci\u00f3n entre el management (gesti\u00f3n empresarial) con los asuntos jur\u00eddicos en el \u00e1mbito corporativo fueron los ejes centrales que destacaron los expertos reunidos en la Segunda Jornada de Inteligencia Jur\u00eddica en Negocios Corporativos que se organiz\u00f3 en la Universidad Franz Tamayo, Unifranz. El evento, fue dise\u00f1ado para que &hellip; <a href=\"https:\/\/unifranz.edu.bo\/pt\/la-paz\/inteligencia\/\">Continued<\/a><\/p>","protected":false},"author":27,"featured_media":146311,"comment_status":"open","ping_status":"open","sticky":false,"template":"","format":"standard","meta":{"_acf_changed":false,"footnotes":""},"categories":[60,1950,2186,5922,5238,318,2604,1886,1004,45,27,29,1782],"tags":[198,39,174,210,1422,248,268,41,242],"class_list":["post-144599","post","type-post","status-publish","format-standard","has-post-thumbnail","hentry","category-blog","category-calidad-academica","category-carreras-es","category-ciudadania","category-comercio","category-competencias","category-contaduria-publica-es","category-derecho","category-estudiantes","category-eventos","category-la-paz","category-noticias","category-unifranz","tag-administracion-de-empresas","tag-derecho","tag-ingenieria-comercial","tag-innovacion","tag-innovacion-en-educacion","tag-internacionalizacion","tag-investigacion","tag-la-paz","tag-unifranz"],"acf":[],"_links":{"self":[{"href":"https:\/\/unifranz.edu.bo\/pt\/wp-json\/wp\/v2\/posts\/144599","targetHints":{"allow":["GET"]}}],"collection":[{"href":"https:\/\/unifranz.edu.bo\/pt\/wp-json\/wp\/v2\/posts"}],"about":[{"href":"https:\/\/unifranz.edu.bo\/pt\/wp-json\/wp\/v2\/types\/post"}],"author":[{"embeddable":true,"href":"https:\/\/unifranz.edu.bo\/pt\/wp-json\/wp\/v2\/users\/27"}],"replies":[{"embeddable":true,"href":"https:\/\/unifranz.edu.bo\/pt\/wp-json\/wp\/v2\/comments?post=144599"}],"version-history":[{"count":7,"href":"https:\/\/unifranz.edu.bo\/pt\/wp-json\/wp\/v2\/posts\/144599\/revisions"}],"predecessor-version":[{"id":146325,"href":"https:\/\/unifranz.edu.bo\/pt\/wp-json\/wp\/v2\/posts\/144599\/revisions\/146325"}],"wp:featuredmedia":[{"embeddable":true,"href":"https:\/\/unifranz.edu.bo\/pt\/wp-json\/wp\/v2\/media\/146311"}],"wp:attachment":[{"href":"https:\/\/unifranz.edu.bo\/pt\/wp-json\/wp\/v2\/media?parent=144599"}],"wp:term":[{"taxonomy":"category","embeddable":true,"href":"https:\/\/unifranz.edu.bo\/pt\/wp-json\/wp\/v2\/categories?post=144599"},{"taxonomy":"post_tag","embeddable":true,"href":"https:\/\/unifranz.edu.bo\/pt\/wp-json\/wp\/v2\/tags?post=144599"}],"curies":[{"name":"wp","href":"https:\/\/api.w.org\/{rel}","templated":true}]}}