{"id":144569,"date":"2023-10-03T17:59:23","date_gmt":"2023-10-03T21:59:23","guid":{"rendered":"https:\/\/unifranz.edu.bo\/?p=144569"},"modified":"2023-10-03T17:59:23","modified_gmt":"2023-10-03T21:59:23","slug":"tecnologia-bim-marca-eficiencia-en-el-diseno-construccion-y-mantenimiento-de-los-edificios","status":"publish","type":"post","link":"https:\/\/unifranz.edu.bo\/pt\/blog\/tecnologia-bim-marca-eficiencia-en-el-diseno-construccion-y-mantenimiento-de-los-edificios\/","title":{"rendered":"Tecnolog\u00eda BIM marca eficiencia en el dise\u00f1o, construcci\u00f3n y mantenimiento de los edificios"},"content":{"rendered":"<p><span style=\"color: #000000;\">La tecnolog\u00eda BIM (Modelado de informaci\u00f3n de Construcci\u00f3n, por sus siglas en ingl\u00e9s) permitir\u00e1 a los arquitectos representar de forma digital el proyecto, optimizar el proceso de construcci\u00f3n e incluso su mantenimiento. Esta nueva metodolog\u00eda de educaci\u00f3n profesional arranca en la Universidad Franz Tamayo, Unifranz, tras el convenio suscrito con el Colegio de Arquitectos de Bolivia.<\/span><\/p>\n<p><span style=\"color: #000000;\">\u201cTenemos un d\u00e9ficit en Bolivia que no se da en otros pa\u00edses de nuestro entorno. Se necesitan especialistas, lamentablemente no los tenemos. Este es uno de los principales factores por los cu\u00e1les estamos firmando este convenio; para capacitar a nuestra gente, de tal manera que cuando necesitemos especialistas no tengamos que traerlos de otros pa\u00edses\u201d, declar\u00f3 Rim Safar Sakkal, presidente del Colegio de Arquitectos de Bolivia.<\/span><\/p>\n<p><span style=\"color: #000000;\">La tecnolog\u00eda BIM es la base para transformar la arquitectura, ingenier\u00eda y construcci\u00f3n a una era tecnol\u00f3gica. Este tipo de modelado administra toda la informaci\u00f3n de un proyecto desde su dise\u00f1o hasta su conclusi\u00f3n e incluso mantenimiento a fin de evitar la p\u00e9rdida de recursos en el proceso de edificaci\u00f3n o eludir costos innecesarios en futuras remodelaciones.<\/span><\/p>\n<p><span style=\"color: #000000;\">Adem\u00e1s, con el modelado BIM se consigue una mejor gesti\u00f3n de datos a trav\u00e9s de software din\u00e1mico de modelado de edificios en tres dimensiones y en tiempo real. Se basa en un modelo inteligente e impulsado por una plataforma que se encuentra en la nube porque integra datos estructurados y multidisciplinarios para generar una representaci\u00f3n digital del inmueble durante todo su ciclo de vida.<\/span><\/p>\n<p><img loading=\"lazy\" decoding=\"async\" class=\"alignnone wp-image-144573 size-large\" src=\"https:\/\/unifranz.edu.bo\/wp-content\/uploads\/2023\/10\/DSC_1596-1024x683.jpg\" alt=\"\" width=\"1024\" height=\"683\" srcset=\"https:\/\/unifranz.edu.bo\/wp-content\/uploads\/2023\/10\/DSC_1596-1024x683.jpg 1024w, https:\/\/unifranz.edu.bo\/wp-content\/uploads\/2023\/10\/DSC_1596-300x200.jpg 300w, https:\/\/unifranz.edu.bo\/wp-content\/uploads\/2023\/10\/DSC_1596-768x512.jpg 768w, https:\/\/unifranz.edu.bo\/wp-content\/uploads\/2023\/10\/DSC_1596-1536x1024.jpg 1536w, https:\/\/unifranz.edu.bo\/wp-content\/uploads\/2023\/10\/DSC_1596-2048x1365.jpg 2048w, https:\/\/unifranz.edu.bo\/wp-content\/uploads\/2023\/10\/DSC_1596-18x12.jpg 18w\" sizes=\"auto, (max-width: 1024px) 100vw, 1024px\" \/><\/p>\n<p><span style=\"color: #000000;\">El objetivo del convenio permitir\u00e1 actualizar y tener arquitectos con especialidades que atiendan las necesidades de habitad de los bolivianos. La alianza pretende generar cursos de postgrado brindados por especialistas de ambas instituciones.<\/span><\/p>\n<p><span style=\"color: #000000;\">Safar asegura que, con las especialidades en postgrado que se brinden a los arquitectos, se generar\u00e1n mayores fuentes de empleo porque la demanda en Bolivia requiere especialistas en planificaci\u00f3n, innovaci\u00f3n tecnol\u00f3gica, BIM y en t\u00e9cnicas constructivas.<\/span><\/p>\n<p><span style=\"color: #000000;\"><strong>\u00bfC\u00f3mo nace el proyecto?<\/strong><\/span><\/p>\n<p><span style=\"color: #000000;\">Las especialidades surgen a partir de la necesidad que tiene cada ciudad. \u201cNo es lo mismo un especialista que estudia en Chile, pues en ese pa\u00eds se dedicaron mucho a atender problemas s\u00edsmicos y de inundaciones. Nosotros, en cambio, tenemos otros tipos de problemas que resolver. Por lo tanto, tenemos que especializarnos en esas \u00e1reas de inter\u00e9s\u201d, dijo Safar.<\/span><\/p>\n<p><span style=\"color: #000000;\">Desde una perspectiva internacional, Gabriel Garc\u00eda, director de la carrera de Arquitectura de Unifranz Santa Cruz, resalta la importancia de formar profesionales que cumplan las exigencias que el mundo actual requiere.<\/span><\/p>\n<p><span style=\"color: #000000;\">\u201cLo importante es que nuestros profesionales se capaciten y que tengamos nuevos arquitectos con la calidad acad\u00e9mica que todos esperamos. Las ciudades del mundo entero necesitan profesionales bien preparados, actualizados con las nuevas tecnolog\u00edas y con la innovaci\u00f3n que debe existir\u201d.<\/span><\/p>\n<p><span style=\"color: #000000;\">Esta propuesta responde a la innovaci\u00f3n en el proceso de educaci\u00f3n, uno de los pilares de la universidad, porque permite crear nuevos m\u00e9todos, sistemas, maneras de pensar, dise\u00f1ar y de crear nuestras ciudades. \u201cEs importante considerar y detectar cu\u00e1les son las necesidades que tenemos en Bolivia y trabajar en ellas, capacitando a nuestros arquitectos a trav\u00e9s de postgrados que les permita especializarse y dar soluciones a las diferentes dificultades de cada regi\u00f3n\u201d, acot\u00f3 Garc\u00eda.<\/span><\/p>\n<p><img loading=\"lazy\" decoding=\"async\" class=\"alignnone wp-image-144575 size-large\" src=\"https:\/\/unifranz.edu.bo\/wp-content\/uploads\/2023\/10\/DSC_1538-1024x683.jpg\" alt=\"\" width=\"1024\" height=\"683\" srcset=\"https:\/\/unifranz.edu.bo\/wp-content\/uploads\/2023\/10\/DSC_1538-1024x683.jpg 1024w, https:\/\/unifranz.edu.bo\/wp-content\/uploads\/2023\/10\/DSC_1538-300x200.jpg 300w, https:\/\/unifranz.edu.bo\/wp-content\/uploads\/2023\/10\/DSC_1538-768x512.jpg 768w, https:\/\/unifranz.edu.bo\/wp-content\/uploads\/2023\/10\/DSC_1538-1536x1024.jpg 1536w, https:\/\/unifranz.edu.bo\/wp-content\/uploads\/2023\/10\/DSC_1538-2048x1365.jpg 2048w, https:\/\/unifranz.edu.bo\/wp-content\/uploads\/2023\/10\/DSC_1538-18x12.jpg 18w\" sizes=\"auto, (max-width: 1024px) 100vw, 1024px\" \/><\/p>\n<p><span style=\"color: #000000;\"><strong>La necesidad de una nueva ley de urbanismo<\/strong><\/span><\/p>\n<p><span style=\"color: #000000;\">Ambas instituciones se comprometen a impulsar una ley de urbanismo que incorpore una visi\u00f3n de desarrollo desde la arquitectura y el urbanismo. Para alcanzar este objetivo trabajar\u00e1n en proyectos, capacitaciones e investigaciones a fin de contribuir con proyectos innovadores para el departamento y el pa\u00eds.<\/span><\/p>\n<p><span style=\"color: #000000;\">Por ejemplo, hace mucho tiempo que la poblaci\u00f3n cruce\u00f1a sufre de las inundaciones de sus calles en \u00e9poca de lluvias. Las familias deben buscar asilo en lugares alternativos hasta que el agua descienda y pueden retornar a sus hogares.<\/span><\/p>\n<p><span style=\"color: #000000;\">\u201cEl problema de nuestra ciudad es que es muy llana. Se hizo un plan de drenaje hace como 20 a\u00f1os y lamentablemente no se ejecut\u00f3, seguramente porque no hay los recursos econ\u00f3micos. La Alcald\u00eda cruce\u00f1a debe ejecutar pol\u00edtica t\u00e9cnica estableciendo una gama de prioridades que beneficie el bienestar de los cruce\u00f1os\u201d, afirm\u00f3 Safar.<\/span><\/p>\n<p><span style=\"color: #000000;\">Esta y otras problem\u00e1ticas como el estudio de dise\u00f1o innovador en infraestructuras de la ciudad ser\u00e1n parte de las primeras investigaciones que iniciar\u00e1n de manera colaborativa Unifranz y el Colegio de Arquitectos.<\/span><\/p>","protected":false},"excerpt":{"rendered":"<p>La tecnolog\u00eda BIM (Modelado de informaci\u00f3n de Construcci\u00f3n, por sus siglas en ingl\u00e9s) permitir\u00e1 a los arquitectos representar de forma digital el proyecto, optimizar el proceso de construcci\u00f3n e incluso su mantenimiento. Esta nueva metodolog\u00eda de educaci\u00f3n profesional arranca en la Universidad Franz Tamayo, Unifranz, tras el convenio suscrito con el Colegio de Arquitectos de &hellip; <a href=\"https:\/\/unifranz.edu.bo\/pt\/blog\/tecnologia-bim-marca-eficiencia-en-el-diseno-construccion-y-mantenimiento-de-los-edificios\/\">Continued<\/a><\/p>","protected":false},"author":33,"featured_media":144572,"comment_status":"open","ping_status":"open","sticky":false,"template":"","format":"standard","meta":{"_acf_changed":false,"footnotes":""},"categories":[2576,1884,60,2582,2858,1636,2646],"tags":[428,5920,43,5918,434],"class_list":["post-144569","post","type-post","status-publish","format-standard","has-post-thumbnail","hentry","category-unifranz-santa-cruz","category-arquitectura","category-blog","category-diseno-arquitectonico","category-innovacion-en-educacion","category-investigacion","category-transformadores-del-futuro","tag-arquitectura","tag-colegio-de-arquitectos-de-bolivia","tag-santa-cruz","tag-tecnologia-bim","tag-urbanismo"],"acf":[],"_links":{"self":[{"href":"https:\/\/unifranz.edu.bo\/pt\/wp-json\/wp\/v2\/posts\/144569","targetHints":{"allow":["GET"]}}],"collection":[{"href":"https:\/\/unifranz.edu.bo\/pt\/wp-json\/wp\/v2\/posts"}],"about":[{"href":"https:\/\/unifranz.edu.bo\/pt\/wp-json\/wp\/v2\/types\/post"}],"author":[{"embeddable":true,"href":"https:\/\/unifranz.edu.bo\/pt\/wp-json\/wp\/v2\/users\/33"}],"replies":[{"embeddable":true,"href":"https:\/\/unifranz.edu.bo\/pt\/wp-json\/wp\/v2\/comments?post=144569"}],"version-history":[{"count":1,"href":"https:\/\/unifranz.edu.bo\/pt\/wp-json\/wp\/v2\/posts\/144569\/revisions"}],"predecessor-version":[{"id":144577,"href":"https:\/\/unifranz.edu.bo\/pt\/wp-json\/wp\/v2\/posts\/144569\/revisions\/144577"}],"wp:featuredmedia":[{"embeddable":true,"href":"https:\/\/unifranz.edu.bo\/pt\/wp-json\/wp\/v2\/media\/144572"}],"wp:attachment":[{"href":"https:\/\/unifranz.edu.bo\/pt\/wp-json\/wp\/v2\/media?parent=144569"}],"wp:term":[{"taxonomy":"category","embeddable":true,"href":"https:\/\/unifranz.edu.bo\/pt\/wp-json\/wp\/v2\/categories?post=144569"},{"taxonomy":"post_tag","embeddable":true,"href":"https:\/\/unifranz.edu.bo\/pt\/wp-json\/wp\/v2\/tags?post=144569"}],"curies":[{"name":"wp","href":"https:\/\/api.w.org\/{rel}","templated":true}]}}