{"id":144269,"date":"2023-09-28T07:49:06","date_gmt":"2023-09-28T11:49:06","guid":{"rendered":"https:\/\/unifranz.edu.bo\/?p=144269"},"modified":"2023-09-28T07:49:06","modified_gmt":"2023-09-28T11:49:06","slug":"futures-week-2023-jovenes-demandan-compromiso-medioambiental-para-vivir-en-una-santa-cruz-del-futuro","status":"publish","type":"post","link":"https:\/\/unifranz.edu.bo\/pt\/blog\/futures-week-2023-jovenes-demandan-compromiso-medioambiental-para-vivir-en-una-santa-cruz-del-futuro\/","title":{"rendered":"Futures Week\u00ae 2023: j\u00f3venes demandan compromiso medioambiental para vivir en una Santa Cruz del futuro"},"content":{"rendered":"<p><span style=\"font-weight: 400; color: #000000;\">El main event del Futures Week\u00ae 2023 de Santa Cruz sirvi\u00f3 de escenario para que los j\u00f3venes demandaran, con el ejemplo, mayor cuidado ambiental a la ciudadan\u00eda. Este espacio se abri\u00f3 a los estudiantes para que se conviertan en una fuente de inspiraci\u00f3n y, en un ambiente de co-creaci\u00f3n con expertos nacionales e internacionales, den vida a ideas disruptivas a fin de hallar soluciones a los problemas que enfrenta el planeta.<\/span><\/p>\n<p><span style=\"font-weight: 400; color: #000000;\">\u201cLa \u00fanica opci\u00f3n es actuar de inmediato y aportar de manera activa con todas las personas que sea posible\u201d, dijo Luciano Antelo, el activista que ya cuenta con dos libros en defensa del medio ambiente y quien pide cambiar la mentalidad de los ciudadanos con peque\u00f1as acciones.\u00a0<\/span><\/p>\n<p><span style=\"font-weight: 400; color: #000000;\">\u201cSalimos con amigos y ellos se compraron un refresco, papas fritas y galletas todos con envases de pl\u00e1stico. Al poco tiempo, los botan a la calle y creen que no afectar\u00e1 al planeta. Si pensaran diferente los ocho mil millones de ciudadanos del planeta tendr\u00edamos 24 mil millones de pl\u00e1sticos menos. Nuestra \u00fanica alternativa es tener conciencia; atacar el punto de inicio\u201d, afirm\u00f3.<\/span><\/p>\n<p><span style=\"font-weight: 400;\"><span style=\"color: #000000;\">\u00bfQu\u00e9 hacer? El adolescente plante\u00f3 tres tareas para la ciudadan\u00eda: Primero, reciclar la basura y separarla por inorg\u00e1nica y org\u00e1nica. Esta \u00faltima ayudar\u00eda a hacer compost, ideal para abono de las plantas y \u00e1reas verdes. La segunda es adoptar un \u00e1rbol porque ya es<\/span> <span style=\"color: #000000;\">insuficiente con plantar uno; y plantar especies florales que permitan la polinizaci\u00f3n; y la tercera es cuidar el agua con tareas simples como colocar un balde en la ducha y reutilizarla despu\u00e9s en inodoros o limpieza.\u00a0<\/span><\/span><\/p>\n<p><span style=\"font-weight: 400; color: #000000;\">El Futures Week\u00ae atraves\u00f3 su tercera jornada y hasta el momento reuni\u00f3 a expertos bolivianos y extranjeros quienes reflexionaron en torno a la Inteligencia Artificial en la educaci\u00f3n; y el FabLab flotante en la Amazon\u00eda como su impacto en el desarrollo sostenible. Luego se introdujeron al panel \u201cSanta Cruz frente al Futuro\u201d del que particip\u00f3 Antelo y lanz\u00f3 una serie de reflexiones para cambiar los h\u00e1bitos de las personas.\u00a0<\/span><\/p>\n<p><span style=\"font-weight: 400; color: #000000;\">Ver\u00f3nica \u00c1greda, presidenta del Nodo Bolivia del Millennium Project y rectora de la Universidad Franz Tamayo, Unifranz, asegur\u00f3 que este evento es uno de los pocos en los que se consigui\u00f3 empoderar a los j\u00f3venes que \u201cinspiran\u201d como lo hizo Luciano Antelo. \u201cSimplemente decidi\u00f3 dejar de desear y so\u00f1ar para pasar a la acci\u00f3n\u201d, destac\u00f3.\u00a0<\/span><\/p>\n<p><span style=\"font-weight: 400; color: #000000;\">\u201cHa llegado el momento de acelerar el paso y pasar a la acci\u00f3n. La tarea parece ser dura y compleja. J\u00f3venes como Luciano nos dicen que hicimos mal la tarea si \u00e9ste es el mundo que les estamos heredando; pero ellos est\u00e1n dispuestos a tomar la posta\u201d, afirm\u00f3.<\/span><\/p>\n<p><span style=\"font-weight: 400; color: #000000;\">Este a\u00f1o, por primera vez, el Futures Week\u00ae se realiz\u00f3 de forma simult\u00e1nea en La Paz y Santa Cruz porque \u201cm\u00e1s que nunca necesitamos una Bolivia unida\u201d, precis\u00f3 \u00c1greda. \u201cDesafiamos a los j\u00f3venes a co-crear ciudades amigables y sustentables hacia el a\u00f1o 2030 porque ellos tienen toda la fuerza, energ\u00eda, talento, creatividad que nos inspira y nos anima a seguir adelante\u201d.<\/span><\/p>\n<figure id=\"attachment_144271\" aria-describedby=\"caption-attachment-144271\" style=\"width: 759px\" class=\"wp-caption aligncenter\"><img loading=\"lazy\" decoding=\"async\" class=\"wp-image-144271\" src=\"https:\/\/unifranz.edu.bo\/wp-content\/uploads\/2023\/09\/photo_2023-09-27_19-23-32-300x225.jpg\" alt=\"\" width=\"759\" height=\"569\" srcset=\"https:\/\/unifranz.edu.bo\/wp-content\/uploads\/2023\/09\/photo_2023-09-27_19-23-32-300x225.jpg 300w, https:\/\/unifranz.edu.bo\/wp-content\/uploads\/2023\/09\/photo_2023-09-27_19-23-32-1024x768.jpg 1024w, https:\/\/unifranz.edu.bo\/wp-content\/uploads\/2023\/09\/photo_2023-09-27_19-23-32-768x576.jpg 768w, https:\/\/unifranz.edu.bo\/wp-content\/uploads\/2023\/09\/photo_2023-09-27_19-23-32-16x12.jpg 16w, https:\/\/unifranz.edu.bo\/wp-content\/uploads\/2023\/09\/photo_2023-09-27_19-23-32.jpg 1280w\" sizes=\"auto, (max-width: 759px) 100vw, 759px\" \/><figcaption id=\"caption-attachment-144271\" class=\"wp-caption-text\"><em><span style=\"color: #000000;\">Ver\u00f3nica \u00c1greda, presidenta del Nodo Bolivia del Millennium Project y rectora de Unifranz.<\/span><\/em><\/figcaption><\/figure>\n<p><span style=\"color: #000000;\"><b>Santa Cruz frente al futuro<\/b><\/span><\/p>\n<p><span style=\"font-weight: 400; color: #000000;\">La innovaci\u00f3n social y de impacto, la huella de la humanidad, el cambio de paradigma, el desarrollo empresarial, la educaci\u00f3n del futuro y el rol de la sociedad civil caracterizaron al panel: Santa Cruz frente al Futuro. Estos campos entretejen perfectamente los espacios para la co-creaci\u00f3n de una urbe amigable y sustentable con miras al 2030.\u00a0<\/span><\/p>\n<p><span style=\"font-weight: 400; color: #000000;\">Estos son los pilares para tener impacto positivo en la construcci\u00f3n de ciudades amigables y sustentables que van desde los laboratorios de aceleraci\u00f3n que est\u00e1n enfocados en el desarrollo hasta proyectos disruptivos para alcanzar los Objetivos de Desarrollo Sostenible (ODS).\u00a0\u00a0<\/span><\/p>\n<p><span style=\"font-weight: 400; color: #000000;\">Diego Su\u00e1rez, jefe de Aceleraci\u00f3n del Programa de las Naciones Unidas para el Desarrollo (PNUD) Bolivia, asegur\u00f3 que en los laboratorios que ellos manejan identifican a los j\u00f3venes, emprendedores y mujeres como parte clave de las soluciones. \u201cExploramos datos que no son convencionales o tradicionales (\u2026), tratamos de acelerar el impacto en peque\u00f1a escala, con pruebas con j\u00f3venes y mujeres. Si el experimento funciona, llega a ser escalado\u201d.\u00a0<\/span><\/p>\n<p><span style=\"font-weight: 400; color: #000000;\">El coordinador del Programa ONU H\u00e1bitat en Bolivia, Sergio Blanco, considera que la huella ambiental nace del crecimiento de las ciudades, de la poblaci\u00f3n y de las actividades del ser humano, pero lleg\u00f3 el momento de plantear nuevas pol\u00edticas de consumo.\u00a0\u00a0<\/span><\/p>\n<p><span style=\"font-weight: 400; color: #000000;\">\u201cEfectivamente, hay una huella (que afecta al medio ambiente) que la humanidad dej\u00f3 sobre el planeta. Las ciudades, los asentamientos humanos concentran una gran parte de esa pisada que hace que machaquemos a la naturaleza\u201d.\u00a0<\/span><\/p>\n<p><span style=\"font-weight: 400; color: #000000;\">Para ONU H\u00e1bitat la urbanizaci\u00f3n puede ser una respuesta para reducir la huella ambiental, pero tambi\u00e9n para ser m\u00e1s eficaces a la hora de proveer, de dar calidad de vida a la poblaci\u00f3n y para generar entornos de prosperidad econ\u00f3mica.\u00a0<\/span><\/p>\n<p><span style=\"font-weight: 400; color: #000000;\">Dennise Hurtado, directora de la CAINCO, asegura que da la sensaci\u00f3n de que estamos pagando el precio del progreso y del desarrollo y que la sociedad est\u00e1 desafiada a encontrar soluciones.\u00a0\u00a0<\/span><\/p>\n<p><span style=\"font-weight: 400; color: #000000;\">\u201cEl desaf\u00edo es c\u00f3mo hablamos de progreso, c\u00f3mo hablamos de sostenibilidad, c\u00f3mo hablamos de cuidar a las futuras generaciones, pero tambi\u00e9n c\u00f3mo llegamos a los 85 a\u00f1os con esperanza de vida, pero vivos, con buenas emociones y cuidando las tradiciones que nos van a acompa\u00f1ar\u201d.<\/span><\/p>\n<p><span style=\"color: #000000;\"><b>Latinoam\u00e9rica al 2050<\/b><\/span><\/p>\n<p><span style=\"color: #000000;\"><span style=\"font-weight: 400;\">En el Main Event tambi\u00e9n <\/span><span style=\"font-weight: 400;\">se present\u00f3 el <\/span><span style=\"font-weight: 400;\">libro \u201cLatinoam\u00e9rica 2050: Retos, escenarios y acciones\u201d que se inspir\u00f3 en los 15 temas propuestos por el Millennium Project. En cada uno de ellos plantea hip\u00f3tesis del futuro de la regi\u00f3n desde los escenarios ideales hasta aquellos catastr\u00f3ficos a los que se podr\u00eda arribar por la inacci\u00f3n.<\/span><\/span><\/p>\n<p><span style=\"font-weight: 400; color: #000000;\">\u201cHay tres escenarios: uno posible, otro deseable y el catastr\u00f3fico hacia el 2050. Son 48 factores con 144 hip\u00f3tesis en los que damos vida a los diferentes escenarios. Por ejemplo, en el primero deseamos una Latinoam\u00e9rica como gran crisol para la humanidad, nuevas alianzas y ecosistemas; el segundo como un crisol de conquistas; y, el tercero catastr\u00f3fico muestra una regi\u00f3n devastada, un crisol de tiran\u00eda opresi\u00f3n, y migraci\u00f3n\u201d, declar\u00f3 Guillermo G\u00e1ndara, miembro del Nodo M\u00e9xico y uno de los tres autores del texto junto con Concepci\u00f3n Olavarrieta y Jorge M\u00e1ttar.\u00a0<\/span><\/p>\n<p><span style=\"font-weight: 400; color: #000000;\">En la primera parte, el texto recoge el an\u00e1lisis hist\u00f3rico, el diagn\u00f3stico actual y la reflexi\u00f3n sobre lo que se deber\u00eda cambiar. Tambi\u00e9n contempla visiones sobre los riesgos de la inacci\u00f3n; incluso, nuevos horizontes en caso de emprender acciones para mitigar los da\u00f1os a tiempo y emprender el camino hacia los futuros deseables. En la segunda parte, los autores proyectan y analizan de forma integral los 15 retos de la regi\u00f3n para lanzar tres visiones mencionadas por el autor.\u00a0<\/span><\/p>","protected":false},"excerpt":{"rendered":"<p>El main event del Futures Week\u00ae 2023 de Santa Cruz sirvi\u00f3 de escenario para que los j\u00f3venes demandaran, con el ejemplo, mayor cuidado ambiental a la ciudadan\u00eda. Este espacio se abri\u00f3 a los estudiantes para que se conviertan en una fuente de inspiraci\u00f3n y, en un ambiente de co-creaci\u00f3n con expertos nacionales e internacionales, den &hellip; <a href=\"https:\/\/unifranz.edu.bo\/pt\/blog\/futures-week-2023-jovenes-demandan-compromiso-medioambiental-para-vivir-en-una-santa-cruz-del-futuro\/\">Continued<\/a><\/p>","protected":false},"author":45,"featured_media":144270,"comment_status":"open","ping_status":"open","sticky":false,"template":"","format":"standard","meta":{"_acf_changed":false,"footnotes":""},"categories":[60,2186,2566,2554,2858,2388,3856,2126,1782],"tags":[5868,332,164,270,2004,4104,1832,242],"class_list":["post-144269","post","type-post","status-publish","format-standard","has-post-thumbnail","hentry","category-blog","category-carreras-es","category-docente","category-futures-week-es","category-innovacion-en-educacion","category-jovenes","category-medioambiente","category-ods","category-unifranz","tag-copromiso-medioambiental","tag-futures-week","tag-jovenes","tag-medio-ambiente","tag-ods","tag-pacto-global","tag-pnud","tag-unifranz"],"acf":[],"_links":{"self":[{"href":"https:\/\/unifranz.edu.bo\/pt\/wp-json\/wp\/v2\/posts\/144269","targetHints":{"allow":["GET"]}}],"collection":[{"href":"https:\/\/unifranz.edu.bo\/pt\/wp-json\/wp\/v2\/posts"}],"about":[{"href":"https:\/\/unifranz.edu.bo\/pt\/wp-json\/wp\/v2\/types\/post"}],"author":[{"embeddable":true,"href":"https:\/\/unifranz.edu.bo\/pt\/wp-json\/wp\/v2\/users\/45"}],"replies":[{"embeddable":true,"href":"https:\/\/unifranz.edu.bo\/pt\/wp-json\/wp\/v2\/comments?post=144269"}],"version-history":[{"count":1,"href":"https:\/\/unifranz.edu.bo\/pt\/wp-json\/wp\/v2\/posts\/144269\/revisions"}],"predecessor-version":[{"id":144272,"href":"https:\/\/unifranz.edu.bo\/pt\/wp-json\/wp\/v2\/posts\/144269\/revisions\/144272"}],"wp:featuredmedia":[{"embeddable":true,"href":"https:\/\/unifranz.edu.bo\/pt\/wp-json\/wp\/v2\/media\/144270"}],"wp:attachment":[{"href":"https:\/\/unifranz.edu.bo\/pt\/wp-json\/wp\/v2\/media?parent=144269"}],"wp:term":[{"taxonomy":"category","embeddable":true,"href":"https:\/\/unifranz.edu.bo\/pt\/wp-json\/wp\/v2\/categories?post=144269"},{"taxonomy":"post_tag","embeddable":true,"href":"https:\/\/unifranz.edu.bo\/pt\/wp-json\/wp\/v2\/tags?post=144269"}],"curies":[{"name":"wp","href":"https:\/\/api.w.org\/{rel}","templated":true}]}}