{"id":144067,"date":"2023-09-27T09:21:54","date_gmt":"2023-09-27T13:21:54","guid":{"rendered":"https:\/\/unifranz.edu.bo\/?p=144067"},"modified":"2023-09-27T09:21:54","modified_gmt":"2023-09-27T13:21:54","slug":"futures-week-inicia-en-santa-cruz-con-propuestas-para-convertirla-en-una-ciudad-amigable-y-libre-de-contaminacion","status":"publish","type":"post","link":"https:\/\/unifranz.edu.bo\/pt\/blog\/futures-week-inicia-en-santa-cruz-con-propuestas-para-convertirla-en-una-ciudad-amigable-y-libre-de-contaminacion\/","title":{"rendered":"Futures Week\u00ae inicia en Santa Cruz con propuestas para convertirla en una ciudad amigable y libre de contaminaci\u00f3n"},"content":{"rendered":"<p><span style=\"color: #000000;\">Estudiantes de universidades y colegios reunidos en el Futures Week\u00ae de Santa Cruz concentraron su debate a reducir la contaminaci\u00f3n de las aguas y construir ciudades m\u00e1s amigables con sistemas para que los conductores puedan identificar parqueos libres. La semana del futuro se desarrolla de forma simult\u00e1nea en La Paz y representa un llamado a la acci\u00f3n en temas como el medio ambiente, trabajo, ciudades, educaci\u00f3n y salud.<\/span><\/p>\n<p><span style=\"color: #000000;\">\u201cTrabajamos en un proceso de co-dise\u00f1o y co-creaci\u00f3n con los j\u00f3venes para identificar los retos que se deben cumplir con relaci\u00f3n a los ejes que propone el Futures Week\u00ae este a\u00f1o. Adem\u00e1s, desarrollamos posibles soluciones con la idea de tener prototipos para dar soluciones a problem\u00e1ticas del futuro\u201d, explic\u00f3 Santiago Fuentemilla, l\u00edder del grupo de investigaci\u00f3n de aprendizaje futuro e instructor del Fab Lab Academy de Barcelona, Espa\u00f1a.<\/span><\/p>\n<p><span style=\"color: #000000;\">El profesional llev\u00f3 adelante una capacitaci\u00f3n a makers (j\u00f3venes innovadores que crean con tecnolog\u00eda) y que son integrantes del Fab Lab Santa Cruz. En la oportunidad, los estudiantes identificaron que la contaminaci\u00f3n es una de las principales problem\u00e1ticas en la ciudad y dieron propuestas iniciales para dar soluciones.<\/span><\/p>\n<p><span style=\"color: #000000;\">Naci\u00f3 la propuesta de crear un filtro para purificar aguas contaminadas para que de esta manera las \u00e1reas rurales cuenten con agua potable. Tambi\u00e9n, propusieron una red de sensores de bajo costo para disminuir los recorridos que hacen los autos buscando parqueo en la ciudad. Adem\u00e1s, propusieron una aplicaci\u00f3n educativa para ni\u00f1os tengan el h\u00e1bito por el cultivo y cuidado de plantas.<\/span><\/p>\n<p><span style=\"color: #000000;\">Sus voces son escuchadas en la sexta versi\u00f3n del Futures Week\u00ae, organizado por la Universidad Franz Tamayo, Unifranz. El martes se llevaron adelante exposiciones magistrales, debates, workshops, simbiocreaciones, charlas inspiradoras con la ferviente participaci\u00f3n de j\u00f3venes l\u00edderes con el objetivo de transformar el futuro.<\/span><\/p>\n<p><img loading=\"lazy\" decoding=\"async\" class=\"alignnone wp-image-144072 size-large\" src=\"https:\/\/unifranz.edu.bo\/wp-content\/uploads\/2023\/09\/FW-SCZ-_DSC00081-1024x791.jpg\" alt=\"\" width=\"1024\" height=\"791\" srcset=\"https:\/\/unifranz.edu.bo\/wp-content\/uploads\/2023\/09\/FW-SCZ-_DSC00081-1024x791.jpg 1024w, https:\/\/unifranz.edu.bo\/wp-content\/uploads\/2023\/09\/FW-SCZ-_DSC00081-300x232.jpg 300w, https:\/\/unifranz.edu.bo\/wp-content\/uploads\/2023\/09\/FW-SCZ-_DSC00081-768x593.jpg 768w, https:\/\/unifranz.edu.bo\/wp-content\/uploads\/2023\/09\/FW-SCZ-_DSC00081-1536x1187.jpg 1536w, https:\/\/unifranz.edu.bo\/wp-content\/uploads\/2023\/09\/FW-SCZ-_DSC00081-2048x1582.jpg 2048w, https:\/\/unifranz.edu.bo\/wp-content\/uploads\/2023\/09\/FW-SCZ-_DSC00081-16x12.jpg 16w\" sizes=\"auto, (max-width: 1024px) 100vw, 1024px\" \/><\/p>\n<p>&nbsp;<\/p>\n<p><span style=\"color: #000000;\">El evento evalu\u00f3 el cumplimiento de los Objetivos de Desarrollo Sostenible (ODS), un trabajo que estuvo a cargo de Diego Su\u00e1rez, jefe de experimentaci\u00f3n &#8211; Laboratorio de Aceleraci\u00f3n del Programa de Naciones Unidas para el Desarrollo (PNUD) Bolivia. El experto manifest\u00f3 su preocupaci\u00f3n por que, hasta el momento, s\u00f3lo se avanz\u00f3 un 15% para alcanzar los objetivos hasta el 2030.<\/span><\/p>\n<p><span style=\"color: #000000;\">\u201cSon 17 objetivos, 169 metas y 231 indicadores que tenemos para la Agenda 2030. Para abordar estos objetivos se crearon cuatro dimensiones: las personas, la prosperidad, el planeta y la paz, sin olvidar los derechos humanos y la igualdad de g\u00e9nero. Estamos al 15% de la trayectoria al 2030, es alarmante, s\u00ed. Unifranz hizo un giro con el Futures Week\u00ae, que es un gran ejemplo de empoderar a los j\u00f3venes para que puedan crear y tener este sistema transformacional en sus cabezas. Todo lo que hagan debe generar un cambio hacia adelante\u201d, manifest\u00f3 Su\u00e1rez.<\/span><\/p>\n<p><span style=\"color: #000000;\">En el acto de inauguraci\u00f3n, Carlos Dabdoub, vicerrector de Unifranz Santa Cruz, resalt\u00f3 la importancia de trabajar de manera colaborativa junto a la juventud cruce\u00f1a para alcanzar los objetivos.<\/span><\/p>\n<p><span style=\"color: #000000;\">\u201cProgramamos la semana del futuro para nuestros j\u00f3venes. Por sexto a\u00f1o, Unifranz realiza el Futures Week\u00ae; un espacio democr\u00e1tico, de an\u00e1lisis, de co-creaci\u00f3n y de dise\u00f1o de fabricaci\u00f3n digital que nos llevar\u00e1n hacia el futuro que tanto queremos\u00bb.<\/span><\/p>\n<p><span style=\"color: #000000;\"><strong>La simbiocreaci\u00f3n, aliada de la transformaci\u00f3n que necesita el mundo<\/strong><\/span><\/p>\n<p><span style=\"color: #000000;\">Grace Karim Schwan, creadora y coordinadora de simbiocreaci\u00f3n y, Diana Di Tolla, especialista en innovaci\u00f3n, emprendimiento y gestora de proyectos 4.0, llegaron desde el Fab Lab Per\u00fa para hablar de la importancia de trabajar de manera integrada.<\/span><\/p>\n<p><span style=\"color: #000000;\">\u201cLa simbiocreaci\u00f3n es una metodolog\u00eda de innovaci\u00f3n colaborativa generada para que podamos co-crear con diferentes personas, donde todas las ideas puedan tener el mismo valor y se logre conformar una s\u00faper idea integrada de forma colaborativa\u201d, asegur\u00f3 Di Tolla.<\/span><\/p>\n<p><img loading=\"lazy\" decoding=\"async\" class=\"alignnone wp-image-144070 size-large\" src=\"https:\/\/unifranz.edu.bo\/wp-content\/uploads\/2023\/09\/FW-SCZ-DSC_04081-1024x525.jpg\" alt=\"\" width=\"1024\" height=\"525\" srcset=\"https:\/\/unifranz.edu.bo\/wp-content\/uploads\/2023\/09\/FW-SCZ-DSC_04081-1024x525.jpg 1024w, https:\/\/unifranz.edu.bo\/wp-content\/uploads\/2023\/09\/FW-SCZ-DSC_04081-300x154.jpg 300w, https:\/\/unifranz.edu.bo\/wp-content\/uploads\/2023\/09\/FW-SCZ-DSC_04081-768x394.jpg 768w, https:\/\/unifranz.edu.bo\/wp-content\/uploads\/2023\/09\/FW-SCZ-DSC_04081-1536x788.jpg 1536w, https:\/\/unifranz.edu.bo\/wp-content\/uploads\/2023\/09\/FW-SCZ-DSC_04081-2048x1050.jpg 2048w, https:\/\/unifranz.edu.bo\/wp-content\/uploads\/2023\/09\/FW-SCZ-DSC_04081-18x9.jpg 18w\" sizes=\"auto, (max-width: 1024px) 100vw, 1024px\" \/><\/p>\n<p><span style=\"color: #000000;\">Ambas pusieron al p\u00fablico presente en el auditorio a trabajar en equipo. Junto con una herramienta digital, todos se conectaron y brindaron una propuesta que d\u00e9 soluci\u00f3n a los ejes tem\u00e1ticos del Futures Week\u00ae. Al tener todos los aportes, establecieron una propuesta integral. Con esta actividad, lograron que el p\u00fablico comprenda de mejor manera la importancia de aplicar la simbiocreaci\u00f3n en el proceso de cumplir los ODS.<\/span><\/p>\n<p><span style=\"color: #000000;\">\u201cLos momentos donde hablamos de tecnolog\u00edas \u00e1giles, de metodolog\u00edas donde buscamos la participaci\u00f3n de todos. La simbiocreaci\u00f3n une las ideas de todos para solucionar los problemas del mundo\u201d, acot\u00f3 Schwan.<\/span><\/p>\n<p><span style=\"color: #000000;\"><strong>Una jornada llena de aprendizaje<\/strong><\/span><\/p>\n<p><span style=\"color: #000000;\">Alejandro Zegarra, vicerrector adjunto de Unifranz Santa Cruz, dijo que el primer d\u00eda del Futures Week 2023, logr\u00f3 reunir a j\u00f3venes, docentes y profesionales de todo tipo que sienten la necesidad de trabajar por un mejor futuro para todos.<\/span><\/p>\n<p><span style=\"color: #000000;\">\u201cVivimos este primer d\u00eda con mucho entusiasmo. Todos los asistentes han participado como co-creadores proponiendo soluciones a los problemas reales que vive la ciudad. Y es aqu\u00ed donde vemos la importancia de estos espacios, donde la juventud alza su voz y pueden capacitarse para seguir trabajando y creando soluciones que deben ser consideradas por los gobiernos\u201d.<\/span><\/p>","protected":false},"excerpt":{"rendered":"<p>Estudiantes de universidades y colegios reunidos en el Futures Week\u00ae de Santa Cruz concentraron su debate a reducir la contaminaci\u00f3n de las aguas y construir ciudades m\u00e1s amigables con sistemas para que los conductores puedan identificar parqueos libres. La semana del futuro se desarrolla de forma simult\u00e1nea en La Paz y representa un llamado a &hellip; <a href=\"https:\/\/unifranz.edu.bo\/pt\/blog\/futures-week-inicia-en-santa-cruz-con-propuestas-para-convertirla-en-una-ciudad-amigable-y-libre-de-contaminacion\/\">Continued<\/a><\/p>","protected":false},"author":33,"featured_media":144069,"comment_status":"open","ping_status":"open","sticky":false,"template":"","format":"standard","meta":{"_acf_changed":false,"footnotes":""},"categories":[2576,60,5038,2554,2472,1864,2858,1636,2646,1782],"tags":[4106,5864,332,647,2004,1832,43],"class_list":["post-144067","post","type-post","status-publish","format-standard","has-post-thumbnail","hentry","category-unifranz-santa-cruz","category-blog","category-ciencia","category-futures-week-es","category-futures-week","category-futuro","category-innovacion-en-educacion","category-investigacion","category-transformadores-del-futuro","category-unifranz","tag-agenda-2030","tag-contaminacion-en-santa-cruz","tag-futures-week","tag-latinoamerica","tag-ods","tag-pnud","tag-santa-cruz"],"acf":[],"_links":{"self":[{"href":"https:\/\/unifranz.edu.bo\/pt\/wp-json\/wp\/v2\/posts\/144067","targetHints":{"allow":["GET"]}}],"collection":[{"href":"https:\/\/unifranz.edu.bo\/pt\/wp-json\/wp\/v2\/posts"}],"about":[{"href":"https:\/\/unifranz.edu.bo\/pt\/wp-json\/wp\/v2\/types\/post"}],"author":[{"embeddable":true,"href":"https:\/\/unifranz.edu.bo\/pt\/wp-json\/wp\/v2\/users\/33"}],"replies":[{"embeddable":true,"href":"https:\/\/unifranz.edu.bo\/pt\/wp-json\/wp\/v2\/comments?post=144067"}],"version-history":[{"count":1,"href":"https:\/\/unifranz.edu.bo\/pt\/wp-json\/wp\/v2\/posts\/144067\/revisions"}],"predecessor-version":[{"id":144073,"href":"https:\/\/unifranz.edu.bo\/pt\/wp-json\/wp\/v2\/posts\/144067\/revisions\/144073"}],"wp:featuredmedia":[{"embeddable":true,"href":"https:\/\/unifranz.edu.bo\/pt\/wp-json\/wp\/v2\/media\/144069"}],"wp:attachment":[{"href":"https:\/\/unifranz.edu.bo\/pt\/wp-json\/wp\/v2\/media?parent=144067"}],"wp:term":[{"taxonomy":"category","embeddable":true,"href":"https:\/\/unifranz.edu.bo\/pt\/wp-json\/wp\/v2\/categories?post=144067"},{"taxonomy":"post_tag","embeddable":true,"href":"https:\/\/unifranz.edu.bo\/pt\/wp-json\/wp\/v2\/tags?post=144067"}],"curies":[{"name":"wp","href":"https:\/\/api.w.org\/{rel}","templated":true}]}}