{"id":144044,"date":"2023-09-26T11:47:09","date_gmt":"2023-09-26T15:47:09","guid":{"rendered":"https:\/\/unifranz.edu.bo\/?p=144044"},"modified":"2023-10-09T20:55:54","modified_gmt":"2023-10-10T00:55:54","slug":"construir-una-autoestima-positiva-es-clave-para-superar-la-inseguridad-de-los-hijos","status":"publish","type":"post","link":"https:\/\/unifranz.edu.bo\/pt\/blog\/construir-una-autoestima-positiva-es-clave-para-superar-la-inseguridad-de-los-hijos\/","title":{"rendered":"Construir una autoestima positiva es clave para superar la inseguridad de los hijos"},"content":{"rendered":"<div>\n<p><span style=\"color: #000000;\"><i>Alejandro naci\u00f3 en \u2018cuna de oro\u2019, como dir\u00edan sus abuelos. Sus pap\u00e1s no se mezquinaron en darle todos sus gustos, ropa de marca, juguetes de moda y estudios en uno de los mejores colegios de la ciudad.<\/i><\/span><\/p>\n<\/div>\n<div>\n<p><span style=\"color: #000000;\"><i>Sin embargo, a medida que iba creciendo, empez\u00f3 a mostrar problemas de adaptaci\u00f3n, principalmente en el colegio, situaci\u00f3n que era inadvertida por sus pap\u00e1s. Los maestros vieron actitudes ego\u00edstas, dificultades para la interacci\u00f3n con el resto de los ni\u00f1os y miedo cuando le tocaba exponer proyecto de aula. Su timidez la transmit\u00eda con agresividad y violencia.<\/i><\/span><\/p>\n<\/div>\n<div>\n<p><span style=\"color: #000000;\"><i>A sus 25 a\u00f1os, luego de visitar a un profesional por los problemas de agresividad que ten\u00eda, el psic\u00f3logo le diagnostic\u00f3 \u201cinseguridad\u201d y que ten\u00eda que iniciar terapia para revertir esa situaci\u00f3n que lo estaba perjudicando en sus relaciones personales y laborales.<\/i><\/span><\/p>\n<\/div>\n<div>\n<p><span style=\"color: #000000;\">Al respecto, Sandra Vargas Fern\u00e1ndez, docente de la carrera de Psicolog\u00eda de la Universidad Franz Tamayo, Unifranz, asegura que los padres deben observar el desempe\u00f1o de sus hijos, desde muy peque\u00f1os, en cada una de las actividades que realizan, considerar su grado de independencia, de acuerdo a la edad, c\u00f3mo reaccionan al fracaso, c\u00f3mo enfrentan actividades novedosas y cu\u00e1l es la retroalimentaci\u00f3n que \u00e9l mismo se realiza.<\/span><\/p>\n<\/div>\n<div>\n<p><span style=\"color: #000000;\">\u201cS\u00f3lo as\u00ed se podr\u00e1 observar la confianza que tienen en s\u00ed mismo ya sea en sus acciones o en los propios comentarios que vierte sobre su misma persona, situaciones que deben ir acompa\u00f1adas de una constante comunicaci\u00f3n familiar, sobre todo los padres\u201d, explica la<\/span> <span style=\"color: #000000;\">experta.<\/span><\/p>\n<\/div>\n<div>\n<figure><img loading=\"lazy\" decoding=\"async\" src=\"https:\/\/static.eldeber.com.bo\/\/Files\/Sizes\/2023\/9\/26\/unifranz-_1141416140_763x300.jpg\" alt=\"Unifranz \" width=\"976\" height=\"549\" \/><figcaption>\n<p style=\"text-align: center;\"><em><span style=\"color: #000000;\">La inseguridad en el ni\u00f1o afecta en su proceso de aprendizaje<\/span><\/em><\/p>\n<\/figcaption><\/figure>\n<\/div>\n<div>\n<p><span style=\"color: #000000;\"><b style=\"letter-spacing: 0.02em;\">Caracter\u00edsticas de los ni\u00f1os inseguros<\/b><\/span><\/p>\n<\/div>\n<div>\n<p><span style=\"color: #000000;\">Los ni\u00f1os inseguros, como es el caso de Alejandro, presentan algunas caracter\u00edsticas comunes que los padres podr\u00edan identificar f\u00e1cilmente:<\/span><\/p>\n<\/div>\n<div>\n<p><span style=\"color: #000000;\">\u2022 Muestra una baja autoestima<\/span><\/p>\n<\/div>\n<div>\n<p><span style=\"color: #000000;\">\u2022 Falta de confianza en s\u00ed mismo<\/span><\/p>\n<\/div>\n<div>\n<p><span style=\"color: #000000;\">\u2022 Sentimientos de inferioridad<\/span><\/p>\n<\/div>\n<div>\n<p><span style=\"color: #000000;\">\u2022 Dificultad para reconocer sus logros<\/span><\/p>\n<\/div>\n<div>\n<p><span style=\"color: #000000;\">\u2022 Dificultad para establecer y mantener una comunicaci\u00f3n asertiva<\/span><\/p>\n<\/div>\n<div>\n<p><span style=\"color: #000000;\">\u2022 Problemas para mantener una postura y mirada adecuada al momento de mantener una relaci\u00f3n interpersonal<\/span><\/p>\n<\/div>\n<div>\n<p><span style=\"color: #000000;\">Para Vargas, existen otros aspectos que pueden manifestarse en comportamientos desde una excesiva timidez, donde el ni\u00f1o puede privarse de la participaci\u00f3n social por temor a equivocarse, avergonzarse y no saber manejar dicha situaci\u00f3n, hasta comportamientos agresivos y de constante defensa, con sentimientos de inferioridad enmascarados en conductas que demuestran superioridad.<\/span><\/p>\n<\/div>\n<div>\n<p><span style=\"color: #000000;\"><b>Causas y s\u00edntomas de la inseguridad en los ni\u00f1os<\/b><\/span><\/p>\n<\/div>\n<div>\n<p><span style=\"color: #000000;\">Los sentimientos de inseguridad en los ni\u00f1os provienen, por lo general, de la educaci\u00f3n y estilo de crianza a la cual se encuentran sometidos, debido a que, durante el desarrollo, se va alimentando su autoestima y se vivencia experiencias en las que pueden fracasar o tener \u00e9xito.<\/span><\/p>\n<\/div>\n<div>\n<p><span style=\"color: #000000;\">Sin embargo, la forma en que esas experiencias son retroalimentadas por los primeros cuidadores, los padres y todo el entorno familiar, es fundamental para fortalecer la autoestima de uno y por ende desarrollar mayor confianza.<\/span><\/p>\n<\/div>\n<div>\n<p><span style=\"color: #000000;\">La sobreprotecci\u00f3n, la excesiva exigencia, comparaciones constantes, \u00e9nfasis solamente en los errores y otros comportamientos, no le permiten al ni\u00f1o descubrir sus fortalezas y potencialidades y solo alimentan su inseguridad.<\/span><\/p>\n<\/div>\n<div><\/div>\n<div><\/div>\n<div><\/div>\n<div>\n<figure><img loading=\"lazy\" decoding=\"async\" src=\"https:\/\/static.eldeber.com.bo\/\/Files\/Sizes\/2023\/9\/26\/unifranz-_1141437312_763x300.png\" alt=\"Unifranz \" width=\"976\" height=\"549\" \/><figcaption><\/figcaption><\/figure>\n<\/div>\n<div>\n<p>&nbsp;<\/p>\n<\/div>\n<div>\n<p><span style=\"color: #000000;\"><b>\u00bfC\u00f3mo enfrentar esta situaci\u00f3n?<\/b><\/span><\/p>\n<\/div>\n<div>\n<p><span style=\"color: #000000;\">Para ayudar a los hijos a que vayan adquiriendo mayor seguridad en s\u00ed mismos es importante el acompa\u00f1amiento y retroalimentaci\u00f3n positiva y constructiva a las diferentes situaciones o experiencias que vive.<\/span><\/p>\n<\/div>\n<div>\n<p><span style=\"color: #000000;\">El objetivo es que el ni\u00f1o reconozca sus fortalezas y debilidades y que, pese a eso, sea capaz de lograr cosas, alcanzar objetivos y sentirse satisfecho consigo mismo en su desempe\u00f1o.<\/span><\/p>\n<\/div>\n<div>\n<p><span style=\"color: #000000;\">Momentos de frustraci\u00f3n -seg\u00fan la docente- puede haber, el que aprenda a expresarlo es de suma importancia, para luego analizar los aspectos positivos e ir construyendo una autoestima positiva basada en hechos reales.<\/span><\/p>\n<\/div>\n<div>\n<p><span style=\"color: #000000;\"><b>La inseguridad afecta el aprendizaje del ni\u00f1o y futuras relaciones<\/b><\/span><\/p>\n<\/div>\n<div>\n<p><span style=\"color: #000000;\">La inseguridad en el ni\u00f1o afecta en su proceso de aprendizaje, ya que no logra visualizar los resultados alcanzados por su propio<\/span> <span style=\"color: #000000;\">esfuerzo, debido a que sus expresiones siempre ser\u00e1n negativas o en b\u00fasqueda de aprobaci\u00f3n constante del maestro.<\/span><\/p>\n<\/div>\n<div>\n<p><span style=\"color: #000000;\">El temor a equivocarse no le permite disfrutar de un aprendizaje constructivo y participativo, evitando que demuestre todo su potencial y llevando a que haya calificaciones que no reflejen su real desempe\u00f1o acad\u00e9mico.<i><\/i><\/span><\/p>\n<\/div>\n<div>\n<p><span style=\"color: #000000;\">La inseguridad en el ni\u00f1o, tambi\u00e9n afecta en las relaciones que establece donde se podr\u00e1 observar comportamientos de sometimiento, excesiva timidez y pasividad.<\/span><\/p>\n<\/div>\n<div>\n<p><span style=\"color: #000000;\">\u201cSu baja autoestima, lo har\u00e1 sentirse inferior dej\u00e1ndose llevar por el sentimiento de que los dem\u00e1s son mejores que uno, as\u00ed como sus decisiones. Por otro lado, se podr\u00eda presentar conductas agresivas utilizadas como defensa, donde el querer demostrar superioridad f\u00edsica, podr\u00eda enmascarar su inseguridad\u201d, dice la acad\u00e9mica.<\/span><\/p>\n<\/div>\n<div>\n<p><span style=\"color: #000000;\">Tomar conciencia del rol que juegan la familia y el sistema educativo en la formaci\u00f3n personal de un ni\u00f1o, ya que una palabras mal dicha o mal interpretada puede marcar toda la vida de una persona, llevando consigo sentimientos de inferioridad e inseguridad que no permitir\u00e1n descubrir sus potencialidades y celebrar sus logros de manera adecuada.<\/span><\/p>\n<\/div>\n<div><\/div>\n<div><\/div>\n<div>\n<div class=\"related\"><\/div>\n<\/div>","protected":false},"excerpt":{"rendered":"<p>Alejandro naci\u00f3 en \u2018cuna de oro\u2019, como dir\u00edan sus abuelos. Sus pap\u00e1s no se mezquinaron en darle todos sus gustos, ropa de marca, juguetes de moda y estudios en uno de los mejores colegios de la ciudad. Sin embargo, a medida que iba creciendo, empez\u00f3 a mostrar problemas de adaptaci\u00f3n, principalmente en el colegio, situaci\u00f3n &hellip; <a href=\"https:\/\/unifranz.edu.bo\/pt\/blog\/construir-una-autoestima-positiva-es-clave-para-superar-la-inseguridad-de-los-hijos\/\">Continued<\/a><\/p>","protected":false},"author":45,"featured_media":144045,"comment_status":"open","ping_status":"open","sticky":false,"template":"","format":"standard","meta":{"_acf_changed":false,"footnotes":""},"categories":[60],"tags":[5850,2948,506,240,5848,5852,242],"class_list":["post-144044","post","type-post","status-publish","format-standard","has-post-thumbnail","hentry","category-blog","tag-autoestima","tag-carrera-de-psicologia","tag-ninos","tag-psicologia","tag-seguridad","tag-superar-la-inseguridad","tag-unifranz"],"acf":[],"_links":{"self":[{"href":"https:\/\/unifranz.edu.bo\/pt\/wp-json\/wp\/v2\/posts\/144044","targetHints":{"allow":["GET"]}}],"collection":[{"href":"https:\/\/unifranz.edu.bo\/pt\/wp-json\/wp\/v2\/posts"}],"about":[{"href":"https:\/\/unifranz.edu.bo\/pt\/wp-json\/wp\/v2\/types\/post"}],"author":[{"embeddable":true,"href":"https:\/\/unifranz.edu.bo\/pt\/wp-json\/wp\/v2\/users\/45"}],"replies":[{"embeddable":true,"href":"https:\/\/unifranz.edu.bo\/pt\/wp-json\/wp\/v2\/comments?post=144044"}],"version-history":[{"count":1,"href":"https:\/\/unifranz.edu.bo\/pt\/wp-json\/wp\/v2\/posts\/144044\/revisions"}],"predecessor-version":[{"id":144046,"href":"https:\/\/unifranz.edu.bo\/pt\/wp-json\/wp\/v2\/posts\/144044\/revisions\/144046"}],"wp:featuredmedia":[{"embeddable":true,"href":"https:\/\/unifranz.edu.bo\/pt\/wp-json\/wp\/v2\/media\/144045"}],"wp:attachment":[{"href":"https:\/\/unifranz.edu.bo\/pt\/wp-json\/wp\/v2\/media?parent=144044"}],"wp:term":[{"taxonomy":"category","embeddable":true,"href":"https:\/\/unifranz.edu.bo\/pt\/wp-json\/wp\/v2\/categories?post=144044"},{"taxonomy":"post_tag","embeddable":true,"href":"https:\/\/unifranz.edu.bo\/pt\/wp-json\/wp\/v2\/tags?post=144044"}],"curies":[{"name":"wp","href":"https:\/\/api.w.org\/{rel}","templated":true}]}}