{"id":144019,"date":"2023-09-25T23:09:00","date_gmt":"2023-09-26T03:09:00","guid":{"rendered":"https:\/\/unifranz.edu.bo\/?p=144019"},"modified":"2023-09-26T14:43:49","modified_gmt":"2023-09-26T18:43:49","slug":"futures-week-2023-inicia-con-la-presentacion-del-libro-latinoamerica-2050","status":"publish","type":"post","link":"https:\/\/unifranz.edu.bo\/pt\/blog\/futures-week-2023-inicia-con-la-presentacion-del-libro-latinoamerica-2050\/","title":{"rendered":"Futures Week\u00ae 2023 inicia con la presentaci\u00f3n del Libro Latinoam\u00e9rica 2050, un llamado a la acci\u00f3n"},"content":{"rendered":"<p><span style=\"color: #000000;\"><span style=\"font-weight: 400;\">El Futures Week<\/span><span style=\"font-weight: 400;\">\u00ae, la semana del futuro, comenz\u00f3 en La Paz con la presentaci\u00f3n del <\/span><span style=\"font-weight: 400;\">libro \u201cLatinoam\u00e9rica 2050: Retos, escenarios y acciones\u201d. El texto se inspira en los 15 retos globales del Millennium Project, un think-tank global de estudios de futuros para que los j\u00f3venes abracen causas y estas se conviertan en proyectos \u201cpotentes\u201d para avanzar.<\/span><\/span><\/p>\n<p><span style=\"font-weight: 400; color: #000000;\">\u201cEl libro nos da el diagn\u00f3stico que hicieron los expertos sobre los escenarios posibles y lo entregan a los j\u00f3venes como insumo porque ellos deben saber qu\u00e9 est\u00e1 pasando, c\u00f3mo estamos y cu\u00e1les son los escenarios futuros\u201d, afirm\u00f3 Ver\u00f3nica \u00c1greda, presidenta del Nodo Bolivia del Millennium Project y rectora de la Universidad Franz Tamayo, Unifranz, en la presentaci\u00f3n del libro que se realiz\u00f3 en la Alcald\u00eda de La Paz.<\/span><\/p>\n<p><span style=\"font-weight: 400; color: #000000;\">\u201cNo es un informe m\u00e1s\u201d es un llamado a la acci\u00f3n a los l\u00edderes latinoamericanos para asegurar cambios estructurales, innovadores y transformadores en los \u00e1mbitos: econ\u00f3mico, pol\u00edtico, social y medioambiental. Agreda reflexion\u00f3 en torno a la importancia que las pol\u00edticas p\u00fablicas emerjan desde los mismos j\u00f3venes, que son quienes vivir\u00e1n el futuro y son responsables de su construcci\u00f3n.<\/span><\/p>\n<p><span style=\"font-weight: 400; color: #000000;\">La publicaci\u00f3n fue presentada con la participaci\u00f3n de autoridades nacionales y locales, cooperaci\u00f3n internacional e invitados especiales, marcando el inicio de la semana del futuro donde los j\u00f3venes l\u00edderes de universidades y colegios se encuentran con los mayores investigadores, acad\u00e9micos, innovadores, planificadores y dise\u00f1adores de pol\u00edticas p\u00fablicas del mundo. Entre ambos grupos crear\u00e1n un espacio de\u00a0 \u201csimbiocreaci\u00f3n\u201d \u2013 creatividad exponencial\u2013 para co-crear, reflexionar y dise\u00f1ar prototipos tecnol\u00f3gicos y de fabricaci\u00f3n digital que den luz a propuestas innovadoras con impacto social, de cara al 2030.<\/span><\/p>\n<p><span style=\"font-weight: 400; color: #000000;\">Guillermo G\u00e1ndara, investigador prospectivista, uno de los tres autores del libro y profesor titular en el Tecnol\u00f3gico de Monterrey (M\u00e9xico), explica que se analizaron temas como el cambio clim\u00e1tico, el agua, la mujer, la energ\u00eda, la ciencia y tecnolog\u00eda la salud, la educaci\u00f3n, la democracia. \u201cHay crisis de \u00e9tica, de valores; y en ella est\u00e1 toda la corrupci\u00f3n\u201d, precis\u00f3.\u00a0<\/span><\/p>\n<p><span style=\"font-weight: 400; color: #000000;\">El autor, entreg\u00f3 el libro a los j\u00f3venes para que sirva de base en sus proyectos de escenarios del futuro: \u201cen este libro, los 15 restos se establecen como una herramienta para imaginar el futuro y establecer prioridades en el presente. Demuestra c\u00f3mo los l\u00edderes pueden asumir acciones para un beneficio colectivo\u201d.<\/span><\/p>\n<p><span style=\"font-weight: 400; color: #000000;\">El texto recoge la experiencia de Natalya, una pace\u00f1a que se fue a estudiar al Tecnol\u00f3gico de Monterrey (TEC) y se convirti\u00f3 en una activista en defensa del medio ambiente. Lo propio sucedi\u00f3 con Luciano Antelo, un cruce\u00f1o que a sus 14 a\u00f1os ya escribi\u00f3 dos libros sobre el mismo tema. \u201c(Estas experiencias) nos muestra cu\u00e1les son los caminos; y c\u00f3mo los j\u00f3venes abrazan estas causas, las convierten en proyectos potentes para avanzar. No podemos estar de brazos cruzados\u201d, agreg\u00f3 la rectora.<\/span><\/p>\n<p><span style=\"font-weight: 400; color: #000000;\">En el documento se plantean \u201cposibles\u201d futuros y define cu\u00e1l es el mejor camino.\u00a0 \u201cDe no hacer nada puede empeorar la situaci\u00f3n\u201d. Al final del texto se lanzan una serie de recomendaciones para encauzar el futuro atendiendo los problemas.<\/span><\/p>\n<p><span style=\"font-weight: 400; color: #000000;\">\u201cEl futuro no est\u00e1 escrito y estos horizontes pudieran ser mucho m\u00e1s amplios (\u2026). A partir de un ecosistema innovador, seamos capaces de transformar la realidad presente hacia un futuro m\u00e1s promisorio para las generaciones venideras (\u2026)\u201d, \u00b4puntualiz\u00f3<\/span><\/p>\n<p><span style=\"font-weight: 400; color: #000000;\">El documento, adem\u00e1s, pregunta si los gobiernos latinoamericanos est\u00e1n dise\u00f1ando e implementando nuevas pol\u00edticas prospectivas, acciones conjuntas con visiones y compromisos \u00e9ticos, innovadores, productivos, transformadores y rentables a corto, mediano y largo plazos en un momento en que la Inteligencia Artificial (IA) est\u00e1 acelerando el desarrollo.<\/span><\/p>\n<p><span style=\"font-weight: 400; color: #000000;\">\u201cNo basta con ver c\u00f3mo vamos, en qu\u00e9 estamos perdiendo o en qu\u00e9 estamos ganando (\u2026). La indiferencia puede ser m\u00e1s devastadora que la violencia, pero tambi\u00e9n est\u00e1 esta mirada positiva de qu\u00e9 puede pasar si todos nos ponemos manos a la obra y empezamos a asumir compromisos, a actuar de manera participativa, a desarrollar proyectos y apostar por nuestro objetivo\u201d, agreg\u00f3 la rectora de Unifranz.<\/span><\/p>\n<p><iframe loading=\"lazy\" title=\"YouTube video player\" src=\"https:\/\/www.youtube.com\/embed\/Zl9ER2G6oqI?si=GESkYdHipt3Tc8c_\" width=\"560\" height=\"315\" frameborder=\"0\" allowfullscreen=\"allowfullscreen\"><\/iframe><br \/>\n<span style=\"color: #000000;\"><b>\u00bfQu\u00e9 contiene el libro?<\/b><\/span><\/p>\n<p><span style=\"font-weight: 400; color: #000000;\">En la primera parte el libro recoge el an\u00e1lisis hist\u00f3rico, el diagn\u00f3stico actual y la reflexi\u00f3n sobre lo que se deber\u00eda cambiar. Tambi\u00e9n contempla visiones sobre los riesgos de la inacci\u00f3n; incluso, nuevos horizontes en caso de emprender acciones para mitigar los da\u00f1os a tiempo y emprender el camino hacia los futuros deseables.<\/span><\/p>\n<p><span style=\"font-weight: 400; color: #000000;\">En la segunda parte, los autores proyectan y analizan de forma integral los 15 retos de la regi\u00f3n para lanzar tres visiones: Un escenario deseable; otro posible; y el tercero como catastr\u00f3fico con una \u201cLatinoam\u00e9rica devastada\u201d. En este \u00faltimo caso, un lugar donde la tiran\u00eda, la opresi\u00f3n, la destrucci\u00f3n de los recursos sea una realidad.<\/span><\/p>\n<p><span style=\"font-weight: 400; color: #000000;\">En este cap\u00edtulo, el libro presenta los \u201cfactores clave\u201d de este an\u00e1lisis y uno de ellos est\u00e1 relacionado a la deforestaci\u00f3n. En el planteamiento sobre \u201cdeseable\u201d, refleja c\u00f3mo Latinoam\u00e9rica reducir\u00eda los da\u00f1os al medio ambiente con la adopci\u00f3n de pol\u00edticas para contener la tala ilegal de \u00e1rboles.<\/span><\/p>\n<p><span style=\"font-weight: 400; color: #000000;\">Respecto a lo \u201cposible\u201d, los bosques se reducen por la tibieza para controlar a estos grupos delictivos de tala ilegal; y el \u201ccatastr\u00f3fico\u201d ser\u00e1 aquel donde se intensifica la tala, se causan severos da\u00f1os a todos los ecosistemas y al clima global.\u00a0<\/span><\/p>\n<p><span style=\"font-weight: 400; color: #000000;\">La Red Iberoamericana de Investigaci\u00f3n Prospectiva del Millennium Project (RIBER) fue el espacio de reflexi\u00f3n en el que se gest\u00f3 este proyecto. Vio sus inicios en el encuentro de la red en Cali, Colombia en 2017 y se consolid\u00f3 en Santa Cruz de la Sierra, en la Universidad Franz Tamayo, Unifranz, en el encuentro global de Millennium Project y RIBER y el lanzamiento de Futures Week\u00ae y 2030 Construyendo Futuros\u00ae en 2018.\u00a0<\/span><\/p>\n<p><span style=\"color: #000000;\"><b>La crisis es una oportunidad para el desarrollo sostenible<\/b><\/span><\/p>\n<p><span style=\"font-weight: 400; color: #000000;\">Para Marcelo Arroyo, economista senior del Programa de las Naciones Unidas para el Desarrollo en Bolivia (PNUD), los tiempos de incertidumbre y de alta complejidad que vive la regi\u00f3n la coloca frente a un proceso lento de recuperaci\u00f3n econ\u00f3mica, pero tambi\u00e9n de presiones sobre el planeta y de vulnerabilidad.<\/span><\/p>\n<p><span style=\"font-weight: 400; color: #000000;\">Parad\u00f3jicamente, todo tiempo de crisis es una ventana de oportunidad y de inflexi\u00f3n que permite innovar, crear y construir. Los desaf\u00edos para el desarrollo sostenible hoy constituyen una agenda urgente que permitir\u00e1n visualizar la regi\u00f3n a futuro.\u00a0<\/span><\/p>\n<p><span style=\"font-weight: 400; color: #000000;\">\u201cBolivia goza del denominado bono demogr\u00e1fico. La poblaci\u00f3n en edad productiva en el pa\u00eds bordea el 63% del total, que nos muestra la importancia del capital humano (\u2026), para generar desarrollo a partir de la innovaci\u00f3n, la creaci\u00f3n y la implementaci\u00f3n de la tecnolog\u00eda y la b\u00fasqueda de soluciones que permitan afrontar estos retos\u201d, puntualiz\u00f3<\/span><\/p>\n<p><span style=\"font-weight: 400; color: #000000;\">Finalmente, la primera autoridad edil de la ciudad, Iv\u00e1n Arias, dijo que se debe mirar el futuro del mundo que vamos a tener. \u201cAm\u00e9rica Latina tiene espacio para todos y mi pa\u00eds tambi\u00e9n tiene espacio para todos (\u2026)\u201d.<\/span><\/p>\n<p><span style=\"font-weight: 400; color: #000000;\">En Futures Week 2023, la semana del futuro, es un evento impulsado por Unifranz, el Nodo Bolivia del Millennium Project, el PNUD en Bolivia, Pacto Global, Gobierno Aut\u00f3nomo Municipal de La Paz, el Gobierno Aut\u00f3nomo Departamental de Santa Cruz,\u00a0 entre otros.<\/span><\/p>\n<figure id=\"attachment_144021\" aria-describedby=\"caption-attachment-144021\" style=\"width: 780px\" class=\"wp-caption aligncenter\"><img loading=\"lazy\" decoding=\"async\" class=\"wp-image-144021\" src=\"https:\/\/unifranz.edu.bo\/wp-content\/uploads\/2023\/09\/IMG_3238-300x200.jpg\" alt=\"\" width=\"780\" height=\"520\" srcset=\"https:\/\/unifranz.edu.bo\/wp-content\/uploads\/2023\/09\/IMG_3238-300x200.jpg 300w, https:\/\/unifranz.edu.bo\/wp-content\/uploads\/2023\/09\/IMG_3238-1024x684.jpg 1024w, https:\/\/unifranz.edu.bo\/wp-content\/uploads\/2023\/09\/IMG_3238-768x513.jpg 768w, https:\/\/unifranz.edu.bo\/wp-content\/uploads\/2023\/09\/IMG_3238-1536x1026.jpg 1536w, https:\/\/unifranz.edu.bo\/wp-content\/uploads\/2023\/09\/IMG_3238-2048x1368.jpg 2048w, https:\/\/unifranz.edu.bo\/wp-content\/uploads\/2023\/09\/IMG_3238-18x12.jpg 18w\" sizes=\"auto, (max-width: 780px) 100vw, 780px\" \/><figcaption id=\"caption-attachment-144021\" class=\"wp-caption-text\"><span style=\"color: #000000;\"><em>Libro \u201cLatinoam\u00e9rica 2050: Retos, escenarios y acciones\u201d<\/em><\/span><\/figcaption><\/figure>\n<p>&nbsp;<\/p>","protected":false},"excerpt":{"rendered":"<p>El Futures Week\u00ae, la semana del futuro, comenz\u00f3 en La Paz con la presentaci\u00f3n del libro \u201cLatinoam\u00e9rica 2050: Retos, escenarios y acciones\u201d. El texto se inspira en los 15 retos globales del Millennium Project, un think-tank global de estudios de futuros para que los j\u00f3venes abracen causas y estas se conviertan en proyectos \u201cpotentes\u201d para &hellip; <a href=\"https:\/\/unifranz.edu.bo\/pt\/blog\/futures-week-2023-inicia-con-la-presentacion-del-libro-latinoamerica-2050\/\">Continued<\/a><\/p>","protected":false},"author":45,"featured_media":144020,"comment_status":"open","ping_status":"open","sticky":false,"template":"","format":"standard","meta":{"_acf_changed":false,"footnotes":""},"categories":[60,2554,1864,2858,1608,5838,1782],"tags":[5842,332,5682,334,248,41,5840,432,4104,1832,3568,5844,242],"class_list":["post-144019","post","type-post","status-publish","format-standard","has-post-thumbnail","hentry","category-blog","category-futures-week-es","category-futuro","category-innovacion-en-educacion","category-internacionalizacion","category-simbiocreacion","category-unifranz","tag-alcandia-de-la-paz","tag-futures-week","tag-futures-week-2023","tag-futuro","tag-internacionalizacion","tag-la-paz","tag-latinoamerica-2050","tag-libro","tag-pacto-global","tag-pnud","tag-pnud-bolivia","tag-semana-del-futuro","tag-unifranz"],"acf":[],"_links":{"self":[{"href":"https:\/\/unifranz.edu.bo\/pt\/wp-json\/wp\/v2\/posts\/144019","targetHints":{"allow":["GET"]}}],"collection":[{"href":"https:\/\/unifranz.edu.bo\/pt\/wp-json\/wp\/v2\/posts"}],"about":[{"href":"https:\/\/unifranz.edu.bo\/pt\/wp-json\/wp\/v2\/types\/post"}],"author":[{"embeddable":true,"href":"https:\/\/unifranz.edu.bo\/pt\/wp-json\/wp\/v2\/users\/45"}],"replies":[{"embeddable":true,"href":"https:\/\/unifranz.edu.bo\/pt\/wp-json\/wp\/v2\/comments?post=144019"}],"version-history":[{"count":2,"href":"https:\/\/unifranz.edu.bo\/pt\/wp-json\/wp\/v2\/posts\/144019\/revisions"}],"predecessor-version":[{"id":144050,"href":"https:\/\/unifranz.edu.bo\/pt\/wp-json\/wp\/v2\/posts\/144019\/revisions\/144050"}],"wp:featuredmedia":[{"embeddable":true,"href":"https:\/\/unifranz.edu.bo\/pt\/wp-json\/wp\/v2\/media\/144020"}],"wp:attachment":[{"href":"https:\/\/unifranz.edu.bo\/pt\/wp-json\/wp\/v2\/media?parent=144019"}],"wp:term":[{"taxonomy":"category","embeddable":true,"href":"https:\/\/unifranz.edu.bo\/pt\/wp-json\/wp\/v2\/categories?post=144019"},{"taxonomy":"post_tag","embeddable":true,"href":"https:\/\/unifranz.edu.bo\/pt\/wp-json\/wp\/v2\/tags?post=144019"}],"curies":[{"name":"wp","href":"https:\/\/api.w.org\/{rel}","templated":true}]}}