{"id":143668,"date":"2023-09-18T23:01:54","date_gmt":"2023-09-19T03:01:54","guid":{"rendered":"https:\/\/unifranz.edu.bo\/?p=143668"},"modified":"2023-09-18T23:01:54","modified_gmt":"2023-09-19T03:01:54","slug":"psicologia-de-la-interculturalidad-diferencias-culturales","status":"publish","type":"post","link":"https:\/\/unifranz.edu.bo\/pt\/blog\/psicologia-de-la-interculturalidad-diferencias-culturales\/","title":{"rendered":"\u201cPsicolog\u00eda de la interculturalidad\u201d, la rama que estudia las conductas racistas por diferencias culturales"},"content":{"rendered":"<div>\n<p><span style=\"color: #000000;\">Pese a que Bolivia destaca por ser un pa\u00eds acogedor, se denuncian algunos hechos en los que se ejercen conductas racistas y xen\u00f3fobas en contra de migrantes que tomaron las calles para lograr sustento econ\u00f3mico, trabajando o realizando diversas actividades. La mayor\u00eda de las denuncias, de acuerdo a datos del 2022 de la Defensor\u00eda del Pueblo, corresponden a migrantes venezolanos o connacionales \u201cllegados\u201d del \u00e1rea rural.<\/span><\/p>\n<\/div>\n<div>\n<p><span style=\"color: #000000;\">De enero a junio de 2022 se registraron 3.945 denuncias relacionadas a la vulneraci\u00f3n de los derechos de personas en situaci\u00f3n de movilidad humana. El informe de la Defensor\u00eda del Pueblo da cuenta que, del total, 1.597 corresponden a mujeres y 2.340 a varones y 8 al colectivo LGBTIQ+.<\/span><\/p>\n<\/div>\n<div>\n<p><span style=\"color: #000000;\">En el caso de algunas escuelas se reportan denuncias de bullying y acoso por parte de sus compa\u00f1eros, padres o maestros. Estas conductas racistas se hacen m\u00e1s evidentes en la \u201cterrible\u201d explotaci\u00f3n laboral, con doble o triple jornada de trabajo, inequitativo salario o acoso sexual. Estos factores llevan a las v\u00edctimas a una profunda depresi\u00f3n, estr\u00e9s y ansiedad.<\/span><\/p>\n<\/div>\n<div>\n<p><span style=\"color: #000000;\">En junio pasado, en Estados Unidos, tres nicarag\u00fcenses migrantes se suicidaron y provocaron alarma entre las autoridades que decidieron poner atenci\u00f3n en el S\u00edndrome del Migrante o de Ulises, \u201cproceso de duelo\u201d que sufre la mayor\u00eda de los migrantes que cambian de pa\u00eds, porque al dejar atr\u00e1s su familia, costumbres y cultura, se ven frente a la presi\u00f3n de una nueva vida.<\/span><\/p>\n<\/div>\n<div>\n<p><span style=\"color: #000000;\">Ante este escenario, expertos de la salud mental han visto la necesidad de poner una alerta en los pa\u00edses de acogida para abordar el problema a trav\u00e9s de pol\u00edticas p\u00fablicas que promuevan la interculturalidad como un beneficio compartido, donde estos encuentros culturales se vean como el enriquecimiento cultural y no un fen\u00f3meno invasivo.<\/span><\/p>\n<\/div>\n<div>\n<p><span style=\"color: #000000;\">Al respecto, Tatiana Aguilar Torrico, docente de la carrera de Psicolog\u00eda de la Universidad Franz Tamayo, Unifranz, indica que ha surgido una rama nueva de la psicolog\u00eda que se denomina \u201cpsicolog\u00eda de la interculturalidad\u201d, que tiene como objeto de estudio las conductas humanas en interacci\u00f3n y entre diferentes culturas.<\/span><\/p>\n<\/div>\n<div>\n<p><span style=\"color: #000000;\">\u201cAl enfocarse en el estudio de los procesos psicol\u00f3gicos y las din\u00e1micas que ocurren en los encuentros entre personas de diferentes culturas, la psicolog\u00eda de la interculturalidad se centra en comprender c\u00f3mo las diferencias culturales influyen en la forma en que las personas piensan y act\u00faan\u201d, explica Aguilar, doctora en Econom\u00eda Social.<\/span><\/p>\n<\/div>\n<div><\/div>\n<div>\n<figure><img loading=\"lazy\" decoding=\"async\" src=\"https:\/\/static.eldeber.com.bo\/\/Files\/Sizes\/2023\/9\/16\/unifranz-_1996450687_763x300.jpg\" alt=\"unifranz \" width=\"976\" height=\"549\" \/><figcaption>\n<p style=\"text-align: center;\"><span style=\"color: #000000;\"><em>La psicolog\u00eda de la interculturalidad tiene un universo de posibilidades para la investigaci\u00f3n<\/em><\/span><\/p>\n<\/figcaption><\/figure>\n<\/div>\n<div>\n<p><span style=\"color: #000000;\"><b>Pluriculturalidad, multiculturalidad e interculturalidad no son lo mismo<\/b><\/span><\/p>\n<\/div>\n<div>\n<p><span style=\"color: #000000;\">\u25cf La pluriculturalidad da cuenta de la diversidad cultural sin establecer de forma espec\u00edfica las relaciones de poder que se establecen entre las diferentes culturas.<\/span><\/p>\n<\/div>\n<div>\n<p><span style=\"color: #000000;\">\u25cf La multiculturalidad, si bien parte del reconocimiento y el respeto de la diversidad cultural en un territorio pluricultural, no pone atenci\u00f3n en las caracter\u00edsticas o la calidad que se establecen en su interrelaci\u00f3n.<\/span><\/p>\n<\/div>\n<div>\n<p><span style=\"color: #000000;\">\u25cf La interculturalidad hace referencia a la convivencia de los distintos colectivos culturales. Se caracteriza por la reciprocidad y el valor del \u201cotro\u201d diferente, traspasa el horizonte del reconocimiento y se cimienta en una interacci\u00f3n horizontal.<\/span><\/p>\n<\/div>\n<div>\n<p><span style=\"color: #000000;\">La psicolog\u00eda de la interculturalidad pone en acci\u00f3n la intervenci\u00f3n en los colectivos culturales, tanto con m\u00e9todos de investigaci\u00f3n, dise\u00f1os de intervenci\u00f3n para la prevenci\u00f3n del racismo y la xenofobia, como con herramientas para la resoluci\u00f3n de conflictos, contextos culturales diversos y la atenci\u00f3n cl\u00ednica de los colectivos culturales e individuales.<\/span><\/p>\n<\/div>\n<div>\n<p><span style=\"color: #000000;\">\u201cEs una rama que promete mucho para los futuros profesionales de la psicolog\u00eda y va en ascenso ya que la movilidad humana cada vez es un fen\u00f3meno masivo a nivel global y tiende a incrementarse, a ra\u00edz del cambio clim\u00e1tico, el desempleo, los conflictos armados, problemas pol\u00edticos y otros asociados\u201d, agrega Aguilar.<\/span><\/p>\n<\/div>\n<div>\n<p><span style=\"color: #000000;\"><b>Racismo y xenofobia tampoco son lo mismo<\/b><\/span><\/p>\n<\/div>\n<div>\n<p><span style=\"color: #000000;\">El racismo y la xenofobia son dos conceptos relacionados, pero distintos entre s\u00ed. El racismo se refiere a la discriminaci\u00f3n, prejuicio o trato desigual basado en la raza de una persona o de un colectivo de personas. Implica creencias y actitudes negativas hacia ciertos grupos raciales, as\u00ed como la perpetuaci\u00f3n de estereotipos e ideolog\u00eda que reproduce la idea de superioridad de un grupo \u00e9tnico sobre<\/span> <span style=\"color: #000000;\">otros por caracter\u00edsticas f\u00edsicas, idiom\u00e1ticas, creencias o religi\u00f3n.<\/span><\/p>\n<\/div>\n<div>\n<p><span style=\"color: #000000;\">En tanto, la xenofobia se pone de manifiesto a trav\u00e9s de conductas de miedo, recelo o desconfianza respecto a personas extranjeras o forasteras, vale decir aquellas no nativas en el mismo territorio.<\/span><\/p>\n<\/div>\n<div>\n<p><span style=\"color: #000000;\">Aguilar puntualiza que \u201cel impacto del racismo y la xenofobia no puede analizarse de la misma manera entre hombres, mujeres y poblaci\u00f3n LGTB, porque tiene sus propias connotaciones en raz\u00f3n de g\u00e9nero y diversidad sexual\u201d.<\/span><\/p>\n<\/div>\n<div>\n<p><span style=\"color: #000000;\">Tanto el racismo como la xenofobia tienen su origen en un problema social que a la larga tiende a convertirse en problema psicosocial, porque tienen sus ra\u00edces en las relaciones de poder de un colectivo cultural sobre otro.\u00a0<\/span><\/p>\n<\/div>\n<div>\n<p><span style=\"color: #000000;\">\u201cToda la tensi\u00f3n de poder deriva y suele convertirse en problema psicosocial que se traduce en violencia psicol\u00f3gica, agresi\u00f3n f\u00edsica, sexual, violencia simb\u00f3lica, violencia estatal, econ\u00f3mica, de g\u00e9nero, tecnol\u00f3gica, laboral y su intervenci\u00f3n requiere la perspectiva interseccional y con perspectiva de g\u00e9nero y generacional, tambi\u00e9n\u201d, indica Aguilar.<\/span><\/p>\n<\/div>\n<div>\n<p><span style=\"color: #000000;\">La interculturalidad no es una problem\u00e1tica\u00a0<i>per se<\/i>, por el contrario, se fundamenta en la relaci\u00f3n horizontal que podr\u00eda promoverse desde las pol\u00edticas sociales y las pol\u00edticas culturales, hacia una sana convivencia que logre nutrir de manera mutua a las sociedades desde la perspectiva cultural y que a su vez genere sus propias sinergias en los \u00e1mbitos social y econ\u00f3mico.<\/span><\/p>\n<\/div>\n<div>\n<p><span style=\"color: #000000;\">Entre la poblaci\u00f3n migrante en Bolivia, como es el caso de los venezolanos, hay mujeres y hombres profesionales de vasta experiencia, que est\u00e1n vendiendo dulces o pintando las calles de las principales urbes del pa\u00eds, que aguardan una oportunidad para trabajar.<\/span><\/p>\n<\/div>\n<div>\n<p><span style=\"color: #000000;\">En ese contexto, la psicolog\u00eda de la interculturalidad tiene un universo de posibilidades para la investigaci\u00f3n desde las conductas de los colectivos culturales y los individuos. Sin embargo, hace falta la generaci\u00f3n de conocimiento a partir de la investigaci\u00f3n y la experiencia de la migraci\u00f3n venezolana en Bolivia, lo cual dar\u00eda luces a la generaci\u00f3n de pol\u00edticas de apoyo humanitario y el dise\u00f1o de pol\u00edticas p\u00fablicas nacionales, finaliza la experta.<\/span><\/p>\n<\/div>\n<div><\/div>\n<div><\/div>\n<div>\n<div class=\"related\"><\/div>\n<\/div>","protected":false},"excerpt":{"rendered":"<p>Pese a que Bolivia destaca por ser un pa\u00eds acogedor, se denuncian algunos hechos en los que se ejercen conductas racistas y xen\u00f3fobas en contra de migrantes que tomaron las calles para lograr sustento econ\u00f3mico, trabajando o realizando diversas actividades. La mayor\u00eda de las denuncias, de acuerdo a datos del 2022 de la Defensor\u00eda del &hellip; <a href=\"https:\/\/unifranz.edu.bo\/pt\/blog\/psicologia-de-la-interculturalidad-diferencias-culturales\/\">Continued<\/a><\/p>","protected":false},"author":45,"featured_media":143669,"comment_status":"open","ping_status":"open","sticky":false,"template":"","format":"standard","meta":{"_acf_changed":false,"footnotes":""},"categories":[60,5338,2858,2194,1878,1782],"tags":[5740,5742,5738,240,4524,242],"class_list":["post-143668","post","type-post","status-publish","format-standard","has-post-thumbnail","hentry","category-blog","category-inclusion","category-innovacion-en-educacion","category-psicologia","category-salud","category-unifranz","tag-conductas","tag-conductas-racistas","tag-interculturalidad","tag-psicologia","tag-racismo","tag-unifranz"],"acf":[],"_links":{"self":[{"href":"https:\/\/unifranz.edu.bo\/pt\/wp-json\/wp\/v2\/posts\/143668","targetHints":{"allow":["GET"]}}],"collection":[{"href":"https:\/\/unifranz.edu.bo\/pt\/wp-json\/wp\/v2\/posts"}],"about":[{"href":"https:\/\/unifranz.edu.bo\/pt\/wp-json\/wp\/v2\/types\/post"}],"author":[{"embeddable":true,"href":"https:\/\/unifranz.edu.bo\/pt\/wp-json\/wp\/v2\/users\/45"}],"replies":[{"embeddable":true,"href":"https:\/\/unifranz.edu.bo\/pt\/wp-json\/wp\/v2\/comments?post=143668"}],"version-history":[{"count":1,"href":"https:\/\/unifranz.edu.bo\/pt\/wp-json\/wp\/v2\/posts\/143668\/revisions"}],"predecessor-version":[{"id":143670,"href":"https:\/\/unifranz.edu.bo\/pt\/wp-json\/wp\/v2\/posts\/143668\/revisions\/143670"}],"wp:featuredmedia":[{"embeddable":true,"href":"https:\/\/unifranz.edu.bo\/pt\/wp-json\/wp\/v2\/media\/143669"}],"wp:attachment":[{"href":"https:\/\/unifranz.edu.bo\/pt\/wp-json\/wp\/v2\/media?parent=143668"}],"wp:term":[{"taxonomy":"category","embeddable":true,"href":"https:\/\/unifranz.edu.bo\/pt\/wp-json\/wp\/v2\/categories?post=143668"},{"taxonomy":"post_tag","embeddable":true,"href":"https:\/\/unifranz.edu.bo\/pt\/wp-json\/wp\/v2\/tags?post=143668"}],"curies":[{"name":"wp","href":"https:\/\/api.w.org\/{rel}","templated":true}]}}