{"id":143521,"date":"2023-09-16T00:14:10","date_gmt":"2023-09-16T04:14:10","guid":{"rendered":"https:\/\/unifranz.edu.bo\/?p=143521"},"modified":"2023-09-16T00:14:10","modified_gmt":"2023-09-16T04:14:10","slug":"revista-juridica-unifranz","status":"publish","type":"post","link":"https:\/\/unifranz.edu.bo\/pt\/blog\/revista-juridica-unifranz\/","title":{"rendered":"Revista jur\u00eddica Unifranz, un aporte al debate y una puerta a nuevas investigaciones\u00a0"},"content":{"rendered":"<p><span style=\"color: #000000;\">Por Luis Escobar<\/span><\/p>\n<p><span style=\"font-weight: 400; color: #000000;\">La Revista Jur\u00eddica de la Universidad Franz Tamayo, Unifranz, cumpli\u00f3 su quinto n\u00famero y en este tiempo se posicion\u00f3 como el centro de debate sobre en temas de historia del pensamiento pol\u00edtico y teor\u00eda del Estado que se aplican en la actualidad; y tambi\u00e9n se convirti\u00f3 en un espacio donde nacen ideas para futuras investigaciones.\u00a0<\/span><\/p>\n<p><span style=\"font-weight: 400; color: #000000;\">\u201cLos art\u00edculos son elaborados por estudiantes que trabajan de forma individual o grupal en base a temas de historia del pensamiento pol\u00edtico y teor\u00eda del Estado. Por ejemplo, toman un autor, un libro, o el pensamiento de un personaje y en funci\u00f3n a ello ensayan un art\u00edculo con contenido jur\u00eddico. En el texto, se analiza la obra, su influencia y c\u00f3mo se aplica al derecho en la actualidad\u201d, declar\u00f3 Alberto Salamanca, director de la carrera de Derecho Unifranz La Paz.\u00a0<\/span><\/p>\n<p><span style=\"font-weight: 400; color: #000000;\">La Revista Jur\u00eddica naci\u00f3 poco antes de la pandemia de la mano de la docente Andrea G\u00f3mez y retorn\u00f3 con las libertades de movilidad de las personas. Desde el 2021 se edita un n\u00famero cada semestre y hasta la fecha se lleg\u00f3 al quinto ejemplar. Su presentaci\u00f3n f\u00edsica y virtual permiti\u00f3 llegar a m\u00e1s personas.\u00a0<\/span><\/p>\n<p><span style=\"font-weight: 400; color: #000000;\">Salamanca asegur\u00f3 que la revista abarca materias en las que se motiva a los estudiantes a llevar adelante investigaciones jur\u00eddicas. Luego de una rigurosa revisi\u00f3n de contenido y lenguaje se las publica en el documento.<\/span><\/p>\n<p><span style=\"font-weight: 400; color: #000000;\">Tambi\u00e9n se presentaron art\u00edculos que sirvieron de base para futuras investigaciones que, incluso, se convirtieron en trabajos dirigidos y proyectos con posibilidad de ejecuci\u00f3n como sucedi\u00f3 con un tema de derecho ambiental.\u00a0<\/span><\/p>\n<p><span style=\"font-weight: 400; color: #000000;\">\u201cEste texto permiti\u00f3 a la autora acceder a una pasant\u00eda en el ministerio de Medio Ambiente y Agua. La idea que postul\u00f3 la pudo desarrollar en esta repartici\u00f3n estatal porque estaba en relaci\u00f3n a generar programas y planes de estudio para j\u00f3venes de secundaria, en especial para \u00faltimos cursos. El ensayo lo convirti\u00f3 en un trabajo dirigido que al final lo defendi\u00f3. No s\u00f3lo recibi\u00f3 felicitaciones del ministerio, sino, del tribunal que la evalu\u00f3\u201d, afirm\u00f3.<\/span><\/p>\n<p><span style=\"font-weight: 400; color: #000000;\">Para el director de la carrera de Derecho, este documento se convirti\u00f3 en un aporte al debate y una relaci\u00f3n m\u00e1s cercana con el mundo laboral porque los art\u00edculos se presentan en seminarios en los que participan jueces, fiscales y abogados. Los profesionales comentan algunos de los trabajos, los complementan y, en ocasiones, ellos mismos presentan sus investigaciones a la revista. Este c\u00edrculo cre\u00f3 una interacci\u00f3n con los estudiantes.\u00a0<\/span><\/p>\n<p><span style=\"font-weight: 400; color: #000000;\">Producto de estos art\u00edculos se generaron encuentros cient\u00edficos de investigaci\u00f3n jur\u00eddica y el siguiente a desarrollarse ser\u00e1 entre el 28 y 29 de septiembre. \u201cEn este vamos a presentar la producci\u00f3n de las investigaciones que derivan de los art\u00edculos de la revista\u201d, precis\u00f3 Salamanca.<\/span><\/p>\n<p><span style=\"font-weight: 400; color: #000000;\">El semestre pasado se trabaj\u00f3 con la materia de procedimiento civil que elabor\u00f3 un manual o gu\u00eda de c\u00f3mo desarrollar cada uno de los pasos en este tipo de procesos y fue uno de los productos m\u00e1s demandados. En los siguientes n\u00fameros motivar\u00e1n a una mayor producci\u00f3n intelectual para desarrollar m\u00e1s contenido.<\/span><\/p>\n<p><span style=\"font-weight: 400; color: #000000;\">\u201cEl impacto fue positivo porque cuando nos visitan estudiantes de otras universidades y colegios les gusta ver esta producci\u00f3n intelectual que se est\u00e1 desarrollando la carrera. Adem\u00e1s, los docentes de otras materias motivan desarrollar m\u00e1s actividades. El Colegio de Abogados felicit\u00f3 este proyecto porque pudo analizarlo en la directiva\u201d, dijo Salamanca.<\/span><\/p>\n<figure id=\"attachment_143523\" aria-describedby=\"caption-attachment-143523\" style=\"width: 679px\" class=\"wp-caption aligncenter\"><img loading=\"lazy\" decoding=\"async\" class=\"wp-image-143523\" src=\"https:\/\/unifranz.edu.bo\/wp-content\/uploads\/2023\/09\/MG_8860-01-300x168.jpeg\" alt=\"\" width=\"679\" height=\"380\" srcset=\"https:\/\/unifranz.edu.bo\/wp-content\/uploads\/2023\/09\/MG_8860-01-300x168.jpeg 300w, https:\/\/unifranz.edu.bo\/wp-content\/uploads\/2023\/09\/MG_8860-01-1024x574.jpeg 1024w, https:\/\/unifranz.edu.bo\/wp-content\/uploads\/2023\/09\/MG_8860-01-768x431.jpeg 768w, https:\/\/unifranz.edu.bo\/wp-content\/uploads\/2023\/09\/MG_8860-01-1536x862.jpeg 1536w, https:\/\/unifranz.edu.bo\/wp-content\/uploads\/2023\/09\/MG_8860-01-2048x1149.jpeg 2048w, https:\/\/unifranz.edu.bo\/wp-content\/uploads\/2023\/09\/MG_8860-01-18x10.jpeg 18w\" sizes=\"auto, (max-width: 679px) 100vw, 679px\" \/><figcaption id=\"caption-attachment-143523\" class=\"wp-caption-text\"><\/em><\/span> <span style=\"color: #000000;\"><em>Alberto Salamanca, director de la carrera de Derecho Unifranz La Paz.<\/em><\/span><\/figcaption><\/figure>\n<p>&nbsp;<\/p>","protected":false},"excerpt":{"rendered":"<p>Por Luis Escobar La Revista Jur\u00eddica de la Universidad Franz Tamayo, Unifranz, cumpli\u00f3 su quinto n\u00famero y en este tiempo se posicion\u00f3 como el centro de debate sobre en temas de historia del pensamiento pol\u00edtico y teor\u00eda del Estado que se aplican en la actualidad; y tambi\u00e9n se convirti\u00f3 en un espacio donde nacen ideas &hellip; <a href=\"https:\/\/unifranz.edu.bo\/pt\/blog\/revista-juridica-unifranz\/\">Continued<\/a><\/p>","protected":false},"author":45,"featured_media":143522,"comment_status":"open","ping_status":"open","sticky":false,"template":"","format":"standard","meta":{"_acf_changed":false,"footnotes":""},"categories":[60,2186,1886,2566,5098,2858,4280,1782],"tags":[130,39,268,3758,5710,242],"class_list":["post-143521","post","type-post","status-publish","format-standard","has-post-thumbnail","hentry","category-blog","category-carreras-es","category-derecho","category-docente","category-etica","category-innovacion-en-educacion","category-justicia","category-unifranz","tag-debate","tag-derecho","tag-investigacion","tag-justicia","tag-revista-juridica","tag-unifranz"],"acf":[],"_links":{"self":[{"href":"https:\/\/unifranz.edu.bo\/pt\/wp-json\/wp\/v2\/posts\/143521","targetHints":{"allow":["GET"]}}],"collection":[{"href":"https:\/\/unifranz.edu.bo\/pt\/wp-json\/wp\/v2\/posts"}],"about":[{"href":"https:\/\/unifranz.edu.bo\/pt\/wp-json\/wp\/v2\/types\/post"}],"author":[{"embeddable":true,"href":"https:\/\/unifranz.edu.bo\/pt\/wp-json\/wp\/v2\/users\/45"}],"replies":[{"embeddable":true,"href":"https:\/\/unifranz.edu.bo\/pt\/wp-json\/wp\/v2\/comments?post=143521"}],"version-history":[{"count":1,"href":"https:\/\/unifranz.edu.bo\/pt\/wp-json\/wp\/v2\/posts\/143521\/revisions"}],"predecessor-version":[{"id":143524,"href":"https:\/\/unifranz.edu.bo\/pt\/wp-json\/wp\/v2\/posts\/143521\/revisions\/143524"}],"wp:featuredmedia":[{"embeddable":true,"href":"https:\/\/unifranz.edu.bo\/pt\/wp-json\/wp\/v2\/media\/143522"}],"wp:attachment":[{"href":"https:\/\/unifranz.edu.bo\/pt\/wp-json\/wp\/v2\/media?parent=143521"}],"wp:term":[{"taxonomy":"category","embeddable":true,"href":"https:\/\/unifranz.edu.bo\/pt\/wp-json\/wp\/v2\/categories?post=143521"},{"taxonomy":"post_tag","embeddable":true,"href":"https:\/\/unifranz.edu.bo\/pt\/wp-json\/wp\/v2\/tags?post=143521"}],"curies":[{"name":"wp","href":"https:\/\/api.w.org\/{rel}","templated":true}]}}