{"id":142997,"date":"2023-09-13T22:57:44","date_gmt":"2023-09-14T02:57:44","guid":{"rendered":"https:\/\/unifranz.edu.bo\/?p=142997"},"modified":"2023-09-13T22:57:44","modified_gmt":"2023-09-14T02:57:44","slug":"book-profesional-de-disenadores","status":"publish","type":"post","link":"https:\/\/unifranz.edu.bo\/pt\/blog\/book-profesional-de-disenadores\/","title":{"rendered":"Book profesional de dise\u00f1adores: c\u00f3mo construir un pasaporte al mundo laboral"},"content":{"rendered":"<div>\n<p><span style=\"color: #000000;\">Encontrar trabajo en estos tiempos se ha convertido en un arte. D\u00eda a d\u00eda, nuevos profesionales buscan su inserci\u00f3n laboral; sin embargo, el reducido mercado de trabajo hace que esta competencia sea feroz y frustrante.<\/span><\/p>\n<\/div>\n<div>\n<p><span style=\"color: #000000;\">Pensar estrat\u00e9gicamente y preocuparse en los detalles son pormenores que deben ser tomados en cuenta por los nuevos profesionales de carreras creativas, como es el dise\u00f1o gr\u00e1fico, ya que todas las etapas, desde la producci\u00f3n del\u00a0<i>book<\/i>\u00a0(portafolio) hasta su difusi\u00f3n, inciden en las posibilidades de conseguir la tan a\u00f1orada vacancia.<\/span><\/p>\n<\/div>\n<div>\n<p><span style=\"color: #000000;\">Dise\u00f1adores que est\u00e1n concentrados en la b\u00fasqueda de un puesto de trabajo, deben tomar en cuenta los\u00a0<i>tips\u00a0<\/i>de la responsable del \u00e1rea de dise\u00f1o gr\u00e1fico de la Direcci\u00f3n de Marketing de la Universidad Franz Tamayo, Unifranz, Madeleine Churme sobre c\u00f3mo construir un\u00a0<i>book<\/i>\u00a0exitoso.<\/span><\/p>\n<\/div>\n<div>\n<p><span style=\"color: #000000;\"><b>\u00bfQu\u00e9 es el\u00a0<i>book<\/i>?<\/b><\/span><\/p>\n<\/div>\n<div>\n<p><span style=\"color: #000000;\">\u201cEl\u00a0<i>book<\/i>\u00a0es el reflejo tangible de nuestra pasi\u00f3n, creatividad y habilidades en un universo donde las im\u00e1genes, tipograf\u00edas y colores cobran vida para contar historias cautivadoras\u201d, dice Churme.<\/span><\/p>\n<\/div>\n<div>\n<p><span style=\"color: #000000;\">El objetivo principal de un\u00a0<i>book<\/i>\u00a0es mostrar las habilidades, la experiencia y el estilo del dise\u00f1ador o del equipo para atraer a clientes potenciales, empleadores o colaboradores en el campo de la publicidad y el dise\u00f1o.<\/span><\/p>\n<\/div>\n<div>\n<p><span style=\"color: #000000;\">En esencia, el\u00a0<i>book<\/i>\u00a0o portafolio es una ventana al alma creativa del dise\u00f1ador. Es un compendio cuidadosamente curado de sus trabajos m\u00e1s destacados que demuestra su capacidad para transformar ideas en im\u00e1genes, conceptos en experiencias visuales y desaf\u00edos en soluciones est\u00e9ticamente impactantes.<\/span><\/p>\n<\/div>\n<div>\n<p><span style=\"color: #000000;\">En resumen, para Churme, \u201cel\u00a0<i>book<\/i>\u00a0es el pasaporte al mundo laboral\u201d. Es, pues, la carta de presentaci\u00f3n que habla de su capacidad para inspirar, innovar y superar expectativas.<\/span><\/p>\n<\/div>\n<div>\n<p><span style=\"color: #000000;\"><b>D\u00f3nde crear portafolios de dise\u00f1o<\/b><\/span><\/p>\n<\/div>\n<div>\n<p><span style=\"color: #000000;\">Crear un\u00a0<i>book\u00a0<\/i>no es dif\u00edcil. Se lo puede hacer en l\u00ednea o de forma f\u00edsica, dependiendo de las preferencias y prop\u00f3sito del dise\u00f1ador, adem\u00e1s de tener en cuenta el tipo de empresa al que est\u00e1 postulando.<\/span><\/p>\n<\/div>\n<div>\n<p><span style=\"color: #000000;\">Entre otros, la joven dise\u00f1adora sugiere:<\/span><\/p>\n<\/div>\n<div>\n<p><span style=\"color: #000000;\"><b>\u2022 Sitio web personal:\u00a0<\/b>la creaci\u00f3n de un sitio web personalizado para mostrar sus creaciones, es una de las opciones m\u00e1s vers\u00e1tiles y ampliamente utilizadas.<b><\/b><\/span><\/p>\n<\/div>\n<div>\n<p><span style=\"color: #000000;\"><b>\u2022 Plataformas de dise\u00f1o en l\u00ednea:\u00a0<\/b>Behance y Dribbble permiten crear un perfil y subir proyectos para que otros profesionales y posibles empleadores los vean.<b><\/b><\/span><\/p>\n<\/div>\n<div>\n<p><span style=\"color: #000000;\"><b>\u2022 Redes sociales profesionales:\u00a0<\/b>plataformas como Instagram o Pinterest pueden utilizarse para mostrar su trabajo y conectarlo con otros profesionales del dise\u00f1o.<\/span><b><\/b><\/p>\n<\/div>\n<div>\n<p><b>\u2022 <span style=\"color: #000000;\">Servicios de creaci\u00f3n de portafolios en l\u00ednea:\u00a0<\/span><\/b><span style=\"color: #000000;\">existen servicios dedicados a la creaci\u00f3n de portafolios en l\u00ednea. Estos servicios suelen ofrecer plantillas y herramientas espec\u00edficas para dise\u00f1adores.<b><\/b><\/span><\/p>\n<\/div>\n<div>\n<p><span style=\"color: #000000;\"><b>Elementos que debe tener un\u00a0<i>book<\/i>\u00a0de dise\u00f1o<\/b><\/span><\/p>\n<\/div>\n<div>\n<p><span style=\"color: #000000;\"><b>\u2022 Muestra de trabajos anteriores:\u00a0<\/b>como campa\u00f1as publicitarias, dise\u00f1os de identidad de marca, material impreso, dise\u00f1o de sitios web, animaciones o ilustraciones, entre otros. Estos ejemplos demuestran la versatilidad y las habilidades del dise\u00f1ador.<b><\/b><\/span><\/p>\n<\/div>\n<div>\n<p><span style=\"color: #000000;\"><b>\u2022 Variedad y calidad:<\/b>\u00a0incorporar proyectos que muestren la amplitud de las capacidades del dise\u00f1ador. Los trabajos deben ser de alta calidad y representar lo mejor de su creatividad y ejecuci\u00f3n.<b><\/b><\/span><\/p>\n<\/div>\n<div>\n<p><span style=\"color: #000000;\"><b>\u2022 Organizaci\u00f3n:\u00a0<\/b>el book debe ser presentado de forma coherente. Puede estar en formato f\u00edsico o digital (a menudo en l\u00ednea) y debe ser f\u00e1cil de navegar para que los reclutado-res de capital humano puedan explorar los proyectos de manera efectiva.<b><\/b><\/span><\/p>\n<\/div>\n<div>\n<p><span style=\"color: #000000;\"><b>\u2022 Breve descripci\u00f3n:\u00a0<\/b>cada proyecto debe ir acompa\u00f1ado de una breve descripci\u00f3n que explique el contexto, el objetivo y la estrategia detr\u00e1s del dise\u00f1o. Esto ayuda al reclutador a comprender la historia y el prop\u00f3sito de cada proyecto. De preferencia debe ser breve y conciso.<b><\/b><\/span><\/p>\n<\/div>\n<div>\n<p><span style=\"color: #000000;\"><b>\u2022 Evoluci\u00f3n creativa:\u00a0<\/b>a veces, es \u00fatil mostrar la evoluci\u00f3n de un proyecto a lo largo de su desarrollo. Esto puede incluir bocetos iniciales, conceptos intermedios y la versi\u00f3n final, lo que demuestra c\u00f3mo se lleg\u00f3 al resultado final.<b><\/b><\/span><\/p>\n<\/div>\n<div>\n<p><span style=\"color: #000000;\"><b>\u2022 Actualizaci\u00f3n continua:\u00a0<\/b>un book de dise\u00f1o gr\u00e1fico es una herramienta en constante evo-luci\u00f3n. Los dise\u00f1adores suelen agregar nuevos trabajos a medida que avanzan en sus carreras y desarrollan nuevas habilidades.<b><\/b><\/span><\/p>\n<\/div>\n<div>\n<p><span style=\"color: #000000;\"><b>\u2022 Estilo personal:\u00a0<\/b>algunos dise\u00f1adores tienen un enfoque espec\u00edfico, ya sea minimalista, colorido o vintage, que se refleja en su trabajo.<b><\/b><\/span><\/p>\n<\/div>\n<div><\/div>\n<div>\n<div><span style=\"color: #000000;\"><b>\u200b<\/b><\/span><\/p>\n<figure><span style=\"color: #000000;\"><img loading=\"lazy\" decoding=\"async\" src=\"https:\/\/static.eldeber.com.bo\/\/Files\/Sizes\/2023\/9\/12\/unifranz-_1909965547_763x300.jpg\" alt=\"unifranz \" width=\"976\" height=\"549\" \/><\/span><figcaption>\n<p style=\"text-align: center;\"><em><span style=\"color: #000000;\">Los dise\u00f1adores que est\u00e1n buscando trabajo pueden utilizar la narrativa visual para contar una historia sobre su evoluci\u00f3n<\/span><\/em><\/p>\n<\/figcaption><\/figure>\n<\/div>\n<\/div>\n<div><\/div>\n<div>\n<p><span style=\"color: #000000;\"><b>Pasos b\u00e1sicos para crear un\u00a0<i>book<\/i><\/b><\/span><\/p>\n<\/div>\n<div>\n<p><span style=\"color: #000000;\">En la creaci\u00f3n de\u00a0<i>book\u00a0<\/i>profesional tambi\u00e9n se tiene que tomar en cuenta:<\/span><\/p>\n<\/div>\n<div>\n<p><span style=\"color: #000000;\"><b>\u2022 Portada impactante:\u00a0<\/b>la primera impresi\u00f3n es crucial. Una portada atractiva y profesional captar\u00e1 la atenci\u00f3n inmediata del reclutador. El dise\u00f1ador puede utilizar una de sus mejo-res creaciones para la portada o crear una portada espec\u00edfica.<b><\/b><\/span><\/p>\n<\/div>\n<div>\n<p><span style=\"color: #000000;\"><b>\u2022 Breve introducci\u00f3n personal:\u00a0<\/b>debe resumir qui\u00e9n es como dise\u00f1ador, sus habilidades claves y su enfoque en el dise\u00f1o gr\u00e1fico. Eso ayuda a conocer su estilo y experiencia.<b><\/b><\/span><\/p>\n<\/div>\n<div>\n<p><span style=\"color: #000000;\"><b>\u2022 Informaci\u00f3n de contacto:\u00a0<\/b>debe ser clara y actualizada para que los interesados puedan comunicarse con el dise\u00f1ador.<b><\/b><\/span><\/p>\n<\/div>\n<div>\n<p><span style=\"color: #000000;\"><b>Apps gratuitos que facilitan la creaci\u00f3n de\u00a0<i>books<\/i><\/b><\/span><\/p>\n<\/div>\n<div>\n<p><span style=\"color: #000000;\"><b>\u2022 Adobe Portfolio:\u00a0<\/b>esta herramienta de Adobe Creative Cloud est\u00e1 dise\u00f1ada espec\u00edfica-mente para crear portafolios en l\u00ednea. Ofrece integraci\u00f3n con otras aplicaciones de Ado-be y una amplia variedad de plantillas personalizables.<b><\/b><\/span><\/p>\n<\/div>\n<div>\n<p><span style=\"color: #000000;\"><b>\u2022 Wix:\u00a0<\/b>es una plataforma de creaci\u00f3n de sitios web que incluye una funci\u00f3n de portafolio. Ofrece muchas plantillas de dise\u00f1o y opciones de personalizaci\u00f3n, lo que lo convierte en una opci\u00f3n vers\u00e1til para crear books en l\u00ednea.<b><\/b><\/span><\/p>\n<\/div>\n<div>\n<p><span style=\"color: #000000;\"><b>\u2022 Behance:\u00a0<\/b>plataforma de Adobe que permite a los creativos mostrar su trabajo en l\u00ednea.<b><\/b><\/span><\/p>\n<\/div>\n<div>\n<p><span style=\"color: #000000;\"><b>Narrativa visual<\/b><\/span><\/p>\n<\/div>\n<div>\n<p><span style=\"color: #000000;\">Churme asegura que una narrativa visual con prop\u00f3sito implica pensar en c\u00f3mo los proyectos fluyen y se relacionan entre s\u00ed en su presentaci\u00f3n.<\/span><\/p>\n<\/div>\n<div>\n<p><span style=\"color: #000000;\">\u201cUna narrativa visual bien pensada no s\u00f3lo agrega un toque estil\u00edstico a tu\u00a0<i>book<\/i>, sino que tambi\u00e9n muestra tu habilidad para pensar de manera estrat\u00e9gica y creativa en la presentaci\u00f3n de tus proyectos\u201d, agrega.<\/span><\/p>\n<\/div>\n<div>\n<p><span style=\"color: #000000;\">Los dise\u00f1adores que est\u00e1n buscando trabajo pueden utilizar la narrativa visual para contar una historia sobre su evoluci\u00f3n, sus intereses o su enfoque en proyectos espec\u00edficos, lo que puede hacer que su\u00a0<i>book<\/i>\u00a0sea m\u00e1s memorable y atractivo para los ejecutivos que buscan incorporar a sus empresas, profesionales creativos y disruptivos.<\/span><\/p>\n<\/div>\n<div><\/div>\n<div><\/div>\n<div>\n<div class=\"related\"><\/div>\n<\/div>","protected":false},"excerpt":{"rendered":"<p>Encontrar trabajo en estos tiempos se ha convertido en un arte. D\u00eda a d\u00eda, nuevos profesionales buscan su inserci\u00f3n laboral; sin embargo, el reducido mercado de trabajo hace que esta competencia sea feroz y frustrante. Pensar estrat\u00e9gicamente y preocuparse en los detalles son pormenores que deben ser tomados en cuenta por los nuevos profesionales de &hellip; <a href=\"https:\/\/unifranz.edu.bo\/pt\/blog\/book-profesional-de-disenadores\/\">Continued<\/a><\/p>","protected":false},"author":45,"featured_media":142998,"comment_status":"open","ping_status":"open","sticky":false,"template":"","format":"standard","meta":{"_acf_changed":false,"footnotes":""},"categories":[60,2186,2314,2516,1862,2858,1782],"tags":[5684,3096,4642,5686,242],"class_list":["post-142997","post","type-post","status-publish","format-standard","has-post-thumbnail","hentry","category-blog","category-carreras-es","category-diseno-grafico","category-diseno-grafico-y-produccion-crossmedia","category-educacion","category-innovacion-en-educacion","category-unifranz","tag-book","tag-carrera-de-diseno-grafico-y-produccion-crossmedia","tag-disenadores","tag-pasaporte-al-mundo","tag-unifranz"],"acf":[],"_links":{"self":[{"href":"https:\/\/unifranz.edu.bo\/pt\/wp-json\/wp\/v2\/posts\/142997","targetHints":{"allow":["GET"]}}],"collection":[{"href":"https:\/\/unifranz.edu.bo\/pt\/wp-json\/wp\/v2\/posts"}],"about":[{"href":"https:\/\/unifranz.edu.bo\/pt\/wp-json\/wp\/v2\/types\/post"}],"author":[{"embeddable":true,"href":"https:\/\/unifranz.edu.bo\/pt\/wp-json\/wp\/v2\/users\/45"}],"replies":[{"embeddable":true,"href":"https:\/\/unifranz.edu.bo\/pt\/wp-json\/wp\/v2\/comments?post=142997"}],"version-history":[{"count":1,"href":"https:\/\/unifranz.edu.bo\/pt\/wp-json\/wp\/v2\/posts\/142997\/revisions"}],"predecessor-version":[{"id":143000,"href":"https:\/\/unifranz.edu.bo\/pt\/wp-json\/wp\/v2\/posts\/142997\/revisions\/143000"}],"wp:featuredmedia":[{"embeddable":true,"href":"https:\/\/unifranz.edu.bo\/pt\/wp-json\/wp\/v2\/media\/142998"}],"wp:attachment":[{"href":"https:\/\/unifranz.edu.bo\/pt\/wp-json\/wp\/v2\/media?parent=142997"}],"wp:term":[{"taxonomy":"category","embeddable":true,"href":"https:\/\/unifranz.edu.bo\/pt\/wp-json\/wp\/v2\/categories?post=142997"},{"taxonomy":"post_tag","embeddable":true,"href":"https:\/\/unifranz.edu.bo\/pt\/wp-json\/wp\/v2\/tags?post=142997"}],"curies":[{"name":"wp","href":"https:\/\/api.w.org\/{rel}","templated":true}]}}