{"id":142642,"date":"2023-09-08T16:02:22","date_gmt":"2023-09-08T20:02:22","guid":{"rendered":"https:\/\/unifranz.edu.bo\/?p=142642"},"modified":"2023-09-12T22:59:44","modified_gmt":"2023-09-13T02:59:44","slug":"de-zurdo-a-diestro-forzado-cambio-que-deja-traumas-y-otras-secuelas","status":"publish","type":"post","link":"https:\/\/unifranz.edu.bo\/pt\/blog\/de-zurdo-a-diestro-forzado-cambio-que-deja-traumas-y-otras-secuelas\/","title":{"rendered":"De zurdo a diestro forzado, cambio que deja traumas y otras secuelas"},"content":{"rendered":"<div>\n<p><span style=\"color: #000000;\">Por Lily Zurita<\/span><\/p>\n<p><span style=\"color: #000000;\">Desde muy peque\u00f1a, Mariana mostr\u00f3 una tendencia a utilizar su mano izquierda para realizar algunas cosas b\u00e1sicas, como agarrar la fruta o la cucharilla. Cuando entr\u00f3 a la escuela e inici\u00f3 el aprendizaje de la escritura quiso hacer lo mismo, pero su padre, hombre de campo que pensaba que ser zurdo era una discapacidad, no la dej\u00f3. Le amarraba su mano izquierda hacia atr\u00e1s y la obligaba a escribir con la derecha.<\/span><\/p>\n<\/div>\n<div>\n<p><span style=\"color: #000000;\">Mariana, a la fuerza, es diestra y, con el pasar de los a\u00f1os, tiene que sopesar con algunas dificultades, como la falta de fuerza en sus brazos o, cuando juega racquet, cambiar la raqueta de mano seg\u00fan el lado al que va la pelota.<\/span><\/p>\n<\/div>\n<div>\n<p><span style=\"color: #000000;\">Cristofer Ortiz, docente de la carrera de Psicolog\u00eda de la Universidad Franz Tamayo, Unifranz, asegura que cuando se frustra la tendencia natural de una persona a ser zurda, como suced\u00eda en el pasado debido a presiones culturales y sociales, se pueden producir efectos emocionales y neuropsicol\u00f3gicos.<\/span><\/p>\n<\/div>\n<div>\n<p><span style=\"color: #000000;\">\u201cEsto se conoce como forzamiento de diestros y ha sido m\u00e1s com\u00fan en algunas sociedades a lo largo de la historia\u201d, dice el acad\u00e9mico.<\/span><\/p>\n<\/div>\n<div>\n<p><span style=\"color: #000000;\">Algunas consecuencias de este forzamiento podr\u00edan ser:<\/span><\/p>\n<\/div>\n<div>\n<p><span style=\"color: #000000;\">\u2022 La confusi\u00f3n y la dificultad en la realizaci\u00f3n de tareas cotidianas, debido a que el cerebro est\u00e1 naturalmente cableado para preferir la mano izquierda, y cambiar esa preferencia puede generar descoordinaci\u00f3n y dificultades motoras.<\/span><\/p>\n<\/div>\n<div>\n<p><span style=\"color: #000000;\">\u2022 Estr\u00e9s emocional y ansiedad en la persona, ya que se le est\u00e1 obligando a realizar acciones contrarias a su naturaleza.<\/span><\/p>\n<\/div>\n<div>\n<p><span style=\"color: #000000;\">\u2022 Efectos negativos en la autoestima y la autoimagen.<\/span><\/p>\n<\/div>\n<div>\n<p><span style=\"color: #000000;\">Ortiz indica que \u201caunque el cerebro es bastante pl\u00e1stico y puede adaptarse en cierta medida, esta adaptaci\u00f3n puede no ser tan eficiente como la organizaci\u00f3n natural de la lateralidad\u201d.<\/span><\/p>\n<\/div>\n<div><\/div>\n<div>\n<figure><img loading=\"lazy\" decoding=\"async\" class=\"aligncenter\" src=\"https:\/\/static.eldeber.com.bo\/\/Files\/Sizes\/2023\/9\/7\/unifranz_1521252000_763x300.jpg\" alt=\"unifranz\" width=\"976\" height=\"549\" \/><figcaption>\n<p style=\"text-align: center;\"><span style=\"color: #000000;\">Los zurdos a menudo destacan en la generaci\u00f3n de m\u00faltiples soluciones<\/span><\/p>\n<\/figcaption><\/figure>\n<\/div>\n<div>\n<p><span style=\"color: #000000;\"><b>Por qu\u00e9 una persona es zurda<\/b><\/span><\/p>\n<\/div>\n<div>\n<p><span style=\"color: #000000;\">La lateralidad cerebral, es decir, la preferencia por usar un lado del cuerpo sobre el otro, est\u00e1 influenciada por una combinaci\u00f3n de factores gen\u00e9ticos y ambientales.<\/span><\/p>\n<\/div>\n<div>\n<p><span style=\"color: #000000;\">La tendencia a ser zurdo o diestro parece estar relacionada en parte con la herencia gen\u00e9tica, pero no se ha identificado un \u00fanico gen que determina la lateralidad.<\/span><\/p>\n<\/div>\n<div>\n<p><span style=\"color: #000000;\">La lateralizaci\u00f3n cerebral se desarrolla en el \u00fatero y se establece en gran medida durante la gestaci\u00f3n, con el hemisferio cerebral izquierdo controlando la mano derecha en la mayor\u00eda de las personas diestras y el hemisferio cerebral derecho controlando la mano izquierda en algunos zurdos.<\/span><\/p>\n<\/div>\n<div>\n<p><span style=\"color: #000000;\">\u201cSer zurdo significa que una persona tiene una preferencia natural por usar su mano izquierda en lugar de la derecha para realizar tareas cotidianas. Esto se debe a una mayor dominancia del hemisferio cerebral derecho en el control motor en los zurdos\u201d, indica el docente universitario.<\/span><\/p>\n<\/div>\n<div>\n<p><span style=\"color: #000000;\">En los zurdos, el hemisferio cerebral derecho suele estar m\u00e1s involucrado en el control de la motricidad fina y la coordinaci\u00f3n motora. Ser zurdo no tiene una connotaci\u00f3n negativa ni positiva en s\u00ed misma; simplemente es una variaci\u00f3n natural de la lateralidad.<\/span><\/p>\n<\/div>\n<div>\n<p><span style=\"color: #000000;\"><b>El zurdo tiene algunas ventajas<\/b><\/span><\/p>\n<\/div>\n<div>\n<p><span style=\"color: #000000;\">Los zurdos no son necesariamente \u00abespeciales\u00bb en el sentido de ser diferentes en su esencia, pero presentan una serie de caracter\u00edsticas interesantes desde una perspectiva neuropsicol\u00f3gica.<\/span><\/p>\n<\/div>\n<div>\n<p><span style=\"color: #000000;\">Algunas de estas caracter\u00edsticas incluyen una mayor prevalencia en campos art\u00edsticos y creativos, as\u00ed como una posible ventaja en ciertas tareas cognitivas relacionadas con la creatividad y la resoluci\u00f3n de problemas.<\/span><\/p>\n<\/div>\n<div>\n<p><span style=\"color: #000000;\">Las personas zurdas -seg\u00fan Ortiz- no desarrollan necesariamente habilidades inherentes diferentes de las personas diestras, pero pueden tener algunas ventajas o diferencias en ciertas \u00e1reas debido a la forma en que sus cerebros est\u00e1n organizados.<\/span><\/p>\n<\/div>\n<div>\n<p><span style=\"color: #000000;\">Debido a la forma en que el cerebro de una persona zurda est\u00e1 organizado, pueden sobresalir en tareas que requieren habilidades espaciales, como la navegaci\u00f3n, la resoluci\u00f3n de rompecabezas visuales o la interpretaci\u00f3n de mapas.<\/span><\/p>\n<\/div>\n<div>\n<p><span style=\"color: #000000;\">Los zurdos a menudo destacan en la generaci\u00f3n de m\u00faltiples soluciones o perspectivas en situaciones problem\u00e1ticas. La creatividad y la expresi\u00f3n art\u00edstica pueden ser \u00e1reas donde las personas zurdas se destacan.<\/span><\/p>\n<\/div>\n<div><\/div>\n<div>\n<div class=\"related\"><\/div>\n<\/div>","protected":false},"excerpt":{"rendered":"<p>Por Lily Zurita Desde muy peque\u00f1a, Mariana mostr\u00f3 una tendencia a utilizar su mano izquierda para realizar algunas cosas b\u00e1sicas, como agarrar la fruta o la cucharilla. Cuando entr\u00f3 a la escuela e inici\u00f3 el aprendizaje de la escritura quiso hacer lo mismo, pero su padre, hombre de campo que pensaba que ser zurdo era &hellip; <a href=\"https:\/\/unifranz.edu.bo\/pt\/blog\/de-zurdo-a-diestro-forzado-cambio-que-deja-traumas-y-otras-secuelas\/\">Continued<\/a><\/p>","protected":false},"author":45,"featured_media":142643,"comment_status":"open","ping_status":"open","sticky":false,"template":"","format":"standard","meta":{"_acf_changed":false,"footnotes":""},"categories":[60,2186,1862,2858,2108,1782],"tags":[5624,5626,49,124,5628,3160,242,5622],"class_list":["post-142642","post","type-post","status-publish","format-standard","has-post-thumbnail","hentry","category-blog","category-carreras-es","category-educacion","category-innovacion-en-educacion","category-medicina-es","category-unifranz","tag-diestro","tag-forzado","tag-medicina","tag-salud","tag-secuelas","tag-traumas","tag-unifranz","tag-zurdo"],"acf":[],"_links":{"self":[{"href":"https:\/\/unifranz.edu.bo\/pt\/wp-json\/wp\/v2\/posts\/142642","targetHints":{"allow":["GET"]}}],"collection":[{"href":"https:\/\/unifranz.edu.bo\/pt\/wp-json\/wp\/v2\/posts"}],"about":[{"href":"https:\/\/unifranz.edu.bo\/pt\/wp-json\/wp\/v2\/types\/post"}],"author":[{"embeddable":true,"href":"https:\/\/unifranz.edu.bo\/pt\/wp-json\/wp\/v2\/users\/45"}],"replies":[{"embeddable":true,"href":"https:\/\/unifranz.edu.bo\/pt\/wp-json\/wp\/v2\/comments?post=142642"}],"version-history":[{"count":2,"href":"https:\/\/unifranz.edu.bo\/pt\/wp-json\/wp\/v2\/posts\/142642\/revisions"}],"predecessor-version":[{"id":142882,"href":"https:\/\/unifranz.edu.bo\/pt\/wp-json\/wp\/v2\/posts\/142642\/revisions\/142882"}],"wp:featuredmedia":[{"embeddable":true,"href":"https:\/\/unifranz.edu.bo\/pt\/wp-json\/wp\/v2\/media\/142643"}],"wp:attachment":[{"href":"https:\/\/unifranz.edu.bo\/pt\/wp-json\/wp\/v2\/media?parent=142642"}],"wp:term":[{"taxonomy":"category","embeddable":true,"href":"https:\/\/unifranz.edu.bo\/pt\/wp-json\/wp\/v2\/categories?post=142642"},{"taxonomy":"post_tag","embeddable":true,"href":"https:\/\/unifranz.edu.bo\/pt\/wp-json\/wp\/v2\/tags?post=142642"}],"curies":[{"name":"wp","href":"https:\/\/api.w.org\/{rel}","templated":true}]}}