{"id":142548,"date":"2023-09-07T11:41:00","date_gmt":"2023-09-07T15:41:00","guid":{"rendered":"https:\/\/unifranz.edu.bo\/?p=142548"},"modified":"2023-09-07T14:36:14","modified_gmt":"2023-09-07T18:36:14","slug":"comercio-exterior-en-la-practica-estudiantes-de-unifranz-el-alto-visitan-el-puerto-de-iquique","status":"publish","type":"post","link":"https:\/\/unifranz.edu.bo\/pt\/blog\/comercio-exterior-en-la-practica-estudiantes-de-unifranz-el-alto-visitan-el-puerto-de-iquique\/","title":{"rendered":"De las aulas a Iquique: estudiantes de Unifranz conocen el flujo de mercanc\u00eda portuaria y el e-commerce"},"content":{"rendered":"<p><span style=\"color: #000000;\">\u00bfC\u00f3mo es la plataforma log\u00edstica y comercial de Iquique? Los estudiantes de Ingenier\u00eda Comercial de Unifranz El Alto llegaron hasta el puerto chileno para conocer las principales ventajas como su alta frecuencia naviera y su conexi\u00f3n directa con los mercados del Asia-Pac\u00edfico. Este viaje marc\u00f3 un hito en su formaci\u00f3n acad\u00e9mica al proporcionar una visi\u00f3n pr\u00e1ctica y detallada de los procesos comerciales internacionales.<\/span><\/p>\n<p><span style=\"color: #000000;\">\u201cNuestros estudiantes presenciaron c\u00f3mo el conocimiento adquirido en las aulas cobr\u00f3 vida en un entorno comercial real. Esta experiencia enriqueci\u00f3 su perspectiva y preparaci\u00f3n en torno al comercio internacional y a la posibilidad de fortalecer su formaci\u00f3n profesional a nivel internacional\u201d, afirm\u00f3 Andrea Cisneros, directora de carrera de Ingenier\u00eda Comercial.<\/span><\/p>\n<p><span style=\"color: #000000;\">La visita tuvo como objetivo principal fortalecer los conocimientos de los estudiantes en relaci\u00f3n al comercio internacional, una de las menciones de especializaci\u00f3n de la carrera de Ingenier\u00eda Comercial en Unifranz. Los futuros profesionales no s\u00f3lo conocieron de cerca los aspectos te\u00f3ricos, sino que tambi\u00e9n experimentaron -en primera persona- la complejidad y la vitalidad del comercio internacional.<\/span><\/p>\n<p><span style=\"color: #000000;\">Uno de los aspectos destacados de la visita fue la oportunidad de aprender sobre la toma de decisiones estrat\u00e9gicas en importaciones y exportaciones de productos. Los estudiantes fueron testigos de c\u00f3mo estas medidas impactan en el flujo eficiente de mercanc\u00edas, en la econom\u00eda de Bolivia y la regi\u00f3n.<\/span><\/p>\n<p><span style=\"color: #000000;\">Por ejemplo, entre enero y diciembre del a\u00f1o pasado, el Puerto de Iquique manipul\u00f3 un total de 919.162 toneladas (tn) ligadas a Bolivia que le permite mantener conectada a la Macrorregi\u00f3n Andina, seg\u00fan el medio especializado Portal Portuario. Por su parte, Economy report\u00f3 que el 45% de la carga que pasa por la zona Franca de Iquique es del pa\u00eds.<\/span><\/p>\n<p><span style=\"color: #000000;\">Luz Pillco, estudiante destacada de la carrera manifest\u00f3 su sorpresa \u201cpor la experiencia\u201d. \u201cConocimos f\u00edsicamente aquellos espacios tan importantes y que nuestros docentes nos presentaron en clases de manera te\u00f3rica\u201d.<\/span><\/p>\n<p><span style=\"color: #000000;\">La visita proporcion\u00f3 una comprensi\u00f3n profunda de c\u00f3mo funciona el centro de interfaz de transporte mar\u00edtimo, terrestre y ferroviario con Bolivia. Los estudiantes se sumergieron en la log\u00edstica comercial mar\u00edtima y terrestre entre pa\u00edses; tambi\u00e9n revisaron los tratados de comercio, la Zona Franca Iquique (ZOFRI), el R\u00e9gimen de Importaci\u00f3n Temporal para Exportaci\u00f3n (RITEX) y otros acuerdos de r\u00e9gimen especial.<\/span><\/p>\n<p><span style=\"color: #000000;\">La seguridad portuaria y el almacenaje tambi\u00e9n fueron temas clave discutidos durante la visita. Los estudiantes comprendieron la importancia de salvaguardar las mercanc\u00edas y garantizar su llegada segura a su destino final.<\/span><\/p>\n<p><span style=\"color: #000000;\">En el contexto de la era digital, la visita no podr\u00eda estar completa sin explorar el impacto del comercio electr\u00f3nico (e-commerce), otra de las menciones de especialidad de la carrera. Los estudiantes comprendieron la evoluci\u00f3n de estas herramientas digitales despu\u00e9s de la pandemia y c\u00f3mo la tecnolog\u00eda est\u00e1 transformando la log\u00edstica y las operaciones portuarias.<\/span><\/p>\n<p><span style=\"color: #000000;\">Cisneros destac\u00f3 el apoyo del personal de ITI y de Puerto Iquique, para resolver las dudas de los estudiantes. \u201cLos expertos cuentan con m\u00e1s de 35 a\u00f1os de experiencia y adem\u00e1s son docentes de diversas universidades e institutos en Iquique; no se puede pedir un mejor anfitri\u00f3n que un colega dispuesto a generar motivaci\u00f3n, descubrimiento, interacci\u00f3n y, sobre todo, entrega de herramientas valiosas para los futuros profesionales de nuestra carrera\u201d.<\/span><\/p>\n<p><img loading=\"lazy\" decoding=\"async\" class=\"alignnone wp-image-142550\" src=\"https:\/\/unifranz.edu.bo\/wp-content\/uploads\/2023\/09\/2-2-1024x683.jpg\" alt=\"\" width=\"530\" height=\"354\" srcset=\"https:\/\/unifranz.edu.bo\/wp-content\/uploads\/2023\/09\/2-2-1024x683.jpg 1024w, https:\/\/unifranz.edu.bo\/wp-content\/uploads\/2023\/09\/2-2-300x200.jpg 300w, https:\/\/unifranz.edu.bo\/wp-content\/uploads\/2023\/09\/2-2-768x512.jpg 768w, https:\/\/unifranz.edu.bo\/wp-content\/uploads\/2023\/09\/2-2-1536x1024.jpg 1536w, https:\/\/unifranz.edu.bo\/wp-content\/uploads\/2023\/09\/2-2-2048x1365.jpg 2048w, https:\/\/unifranz.edu.bo\/wp-content\/uploads\/2023\/09\/2-2-18x12.jpg 18w\" sizes=\"auto, (max-width: 530px) 100vw, 530px\" \/> <img loading=\"lazy\" decoding=\"async\" class=\"alignnone wp-image-142551\" src=\"https:\/\/unifranz.edu.bo\/wp-content\/uploads\/2023\/09\/9-1024x683.jpg\" alt=\"\" width=\"530\" height=\"353\" srcset=\"https:\/\/unifranz.edu.bo\/wp-content\/uploads\/2023\/09\/9-1024x683.jpg 1024w, https:\/\/unifranz.edu.bo\/wp-content\/uploads\/2023\/09\/9-300x200.jpg 300w, https:\/\/unifranz.edu.bo\/wp-content\/uploads\/2023\/09\/9-768x512.jpg 768w, https:\/\/unifranz.edu.bo\/wp-content\/uploads\/2023\/09\/9-1536x1024.jpg 1536w, https:\/\/unifranz.edu.bo\/wp-content\/uploads\/2023\/09\/9-2048x1365.jpg 2048w, https:\/\/unifranz.edu.bo\/wp-content\/uploads\/2023\/09\/9-18x12.jpg 18w\" sizes=\"auto, (max-width: 530px) 100vw, 530px\" \/><\/p>\n<p><img loading=\"lazy\" decoding=\"async\" class=\"alignnone wp-image-142552\" src=\"https:\/\/unifranz.edu.bo\/wp-content\/uploads\/2023\/09\/7-1024x683.jpg\" alt=\"\" width=\"529\" height=\"353\" srcset=\"https:\/\/unifranz.edu.bo\/wp-content\/uploads\/2023\/09\/7-1024x683.jpg 1024w, https:\/\/unifranz.edu.bo\/wp-content\/uploads\/2023\/09\/7-300x200.jpg 300w, https:\/\/unifranz.edu.bo\/wp-content\/uploads\/2023\/09\/7-768x512.jpg 768w, https:\/\/unifranz.edu.bo\/wp-content\/uploads\/2023\/09\/7-1536x1024.jpg 1536w, https:\/\/unifranz.edu.bo\/wp-content\/uploads\/2023\/09\/7-2048x1365.jpg 2048w, https:\/\/unifranz.edu.bo\/wp-content\/uploads\/2023\/09\/7-18x12.jpg 18w\" sizes=\"auto, (max-width: 529px) 100vw, 529px\" \/> <img loading=\"lazy\" decoding=\"async\" class=\"alignnone wp-image-142553\" src=\"https:\/\/unifranz.edu.bo\/wp-content\/uploads\/2023\/09\/12-1-1024x683.jpg\" alt=\"\" width=\"526\" height=\"351\" srcset=\"https:\/\/unifranz.edu.bo\/wp-content\/uploads\/2023\/09\/12-1-1024x683.jpg 1024w, https:\/\/unifranz.edu.bo\/wp-content\/uploads\/2023\/09\/12-1-300x200.jpg 300w, https:\/\/unifranz.edu.bo\/wp-content\/uploads\/2023\/09\/12-1-768x512.jpg 768w, https:\/\/unifranz.edu.bo\/wp-content\/uploads\/2023\/09\/12-1-1536x1024.jpg 1536w, https:\/\/unifranz.edu.bo\/wp-content\/uploads\/2023\/09\/12-1-2048x1365.jpg 2048w, https:\/\/unifranz.edu.bo\/wp-content\/uploads\/2023\/09\/12-1-18x12.jpg 18w\" sizes=\"auto, (max-width: 526px) 100vw, 526px\" \/> <img loading=\"lazy\" decoding=\"async\" class=\"alignnone wp-image-142554\" src=\"https:\/\/unifranz.edu.bo\/wp-content\/uploads\/2023\/09\/10-1024x683.jpg\" alt=\"\" width=\"526\" height=\"351\" srcset=\"https:\/\/unifranz.edu.bo\/wp-content\/uploads\/2023\/09\/10-1024x683.jpg 1024w, https:\/\/unifranz.edu.bo\/wp-content\/uploads\/2023\/09\/10-300x200.jpg 300w, https:\/\/unifranz.edu.bo\/wp-content\/uploads\/2023\/09\/10-768x512.jpg 768w, https:\/\/unifranz.edu.bo\/wp-content\/uploads\/2023\/09\/10-1536x1024.jpg 1536w, https:\/\/unifranz.edu.bo\/wp-content\/uploads\/2023\/09\/10-2048x1365.jpg 2048w, https:\/\/unifranz.edu.bo\/wp-content\/uploads\/2023\/09\/10-18x12.jpg 18w\" sizes=\"auto, (max-width: 526px) 100vw, 526px\" \/><\/p>","protected":false},"excerpt":{"rendered":"<p>\u00bfC\u00f3mo es la plataforma log\u00edstica y comercial de Iquique? Los estudiantes de Ingenier\u00eda Comercial de Unifranz El Alto llegaron hasta el puerto chileno para conocer las principales ventajas como su alta frecuencia naviera y su conexi\u00f3n directa con los mercados del Asia-Pac\u00edfico. Este viaje marc\u00f3 un hito en su formaci\u00f3n acad\u00e9mica al proporcionar una visi\u00f3n &hellip; <a href=\"https:\/\/unifranz.edu.bo\/pt\/blog\/comercio-exterior-en-la-practica-estudiantes-de-unifranz-el-alto-visitan-el-puerto-de-iquique\/\">Continued<\/a><\/p>","protected":false},"author":25,"featured_media":142549,"comment_status":"open","ping_status":"open","sticky":false,"template":"","format":"standard","meta":{"_acf_changed":false,"footnotes":""},"categories":[3172,60,1950,2186,1854,1862,302,322,1004,2322,2196,1708,2858,2028,1608,1636,1874,2586,1782,4234],"tags":[47,386,174,1422,248,242],"class_list":["post-142548","post","type-post","status-publish","format-standard","has-post-thumbnail","hentry","category-aprendizaje","category-blog","category-calidad-academica","category-carreras-es","category-docentes-es","category-educacion","category-el-alto","category-estrategias","category-estudiantes","category-ingenieria-comercial-es","category-ingenieria-comercial","category-innovacion","category-innovacion-en-educacion","category-internacionalizacion-es","category-internacionalizacion","category-investigacion","category-menciones-de-especializacion","category-modelo-educativo","category-unifranz","category-unifranz-30-anos","tag-el-alto","tag-estudiantes","tag-ingenieria-comercial","tag-innovacion-en-educacion","tag-internacionalizacion","tag-unifranz"],"acf":[],"_links":{"self":[{"href":"https:\/\/unifranz.edu.bo\/pt\/wp-json\/wp\/v2\/posts\/142548","targetHints":{"allow":["GET"]}}],"collection":[{"href":"https:\/\/unifranz.edu.bo\/pt\/wp-json\/wp\/v2\/posts"}],"about":[{"href":"https:\/\/unifranz.edu.bo\/pt\/wp-json\/wp\/v2\/types\/post"}],"author":[{"embeddable":true,"href":"https:\/\/unifranz.edu.bo\/pt\/wp-json\/wp\/v2\/users\/25"}],"replies":[{"embeddable":true,"href":"https:\/\/unifranz.edu.bo\/pt\/wp-json\/wp\/v2\/comments?post=142548"}],"version-history":[{"count":4,"href":"https:\/\/unifranz.edu.bo\/pt\/wp-json\/wp\/v2\/posts\/142548\/revisions"}],"predecessor-version":[{"id":142559,"href":"https:\/\/unifranz.edu.bo\/pt\/wp-json\/wp\/v2\/posts\/142548\/revisions\/142559"}],"wp:featuredmedia":[{"embeddable":true,"href":"https:\/\/unifranz.edu.bo\/pt\/wp-json\/wp\/v2\/media\/142549"}],"wp:attachment":[{"href":"https:\/\/unifranz.edu.bo\/pt\/wp-json\/wp\/v2\/media?parent=142548"}],"wp:term":[{"taxonomy":"category","embeddable":true,"href":"https:\/\/unifranz.edu.bo\/pt\/wp-json\/wp\/v2\/categories?post=142548"},{"taxonomy":"post_tag","embeddable":true,"href":"https:\/\/unifranz.edu.bo\/pt\/wp-json\/wp\/v2\/tags?post=142548"}],"curies":[{"name":"wp","href":"https:\/\/api.w.org\/{rel}","templated":true}]}}