{"id":142492,"date":"2023-09-04T23:46:03","date_gmt":"2023-09-05T03:46:03","guid":{"rendered":"https:\/\/unifranz.edu.bo\/?p=142492"},"modified":"2023-09-04T23:46:03","modified_gmt":"2023-09-05T03:46:03","slug":"futures-week-2023-jovenes-lideres-de-la-paz-y-santa-cruz-cocrear-ciudades","status":"publish","type":"post","link":"https:\/\/unifranz.edu.bo\/pt\/blog\/futures-week-2023-jovenes-lideres-de-la-paz-y-santa-cruz-cocrear-ciudades\/","title":{"rendered":"Futures Week\u00ae 2023 re\u00fane a j\u00f3venes l\u00edderes de La Paz y Santa Cruz para cocrear las ciudades del futuro"},"content":{"rendered":"<p><span style=\"color: #000000;\"><span style=\"font-weight: 400;\">Por sexto a\u00f1o consecutivo, la Universidad Franz Tamayo (Unifranz) ser\u00e1 el punto de encuentro del Futures Week<\/span><span style=\"font-weight: 400;\">\u00ae<\/span><span style=\"font-weight: 400;\"> 2023 <\/span><span style=\"font-weight: 400;\">\u2013 la semana del futuro \u2013 para analizar, reflexionar y co-crear el futuro de las ciudades de La Paz y Santa Cruz, con una mirada hacia el 2030. El encuentro se realizar\u00e1 entre el 26 y 29 de septiembre y reunir\u00e1 a 300 j\u00f3venes l\u00edderes de universidades y colegios que interactuar\u00e1n con una treintena de mentes brillantes del mundo.<\/span><\/span><\/p>\n<p><span style=\"color: #000000;\"><span style=\"font-weight: 400;\">\u201cHemos convocado a las mentes m\u00e1s brillantes de ciencias del futuro y de innovaci\u00f3n en el mundo para que junto al talento de los j\u00f3venes nos acompa\u00f1en en este camino y consoliden la construcci\u00f3n de redes que logren ciudades amigables y sustentables hacia el 2030, en un contexto de explosi\u00f3n tecnol\u00f3gica\u201d, asegur\u00f3 Ver\u00f3nica \u00c1greda, <\/span><span style=\"font-weight: 400;\">rectora nacional de Unifranz y presidenta del Nodo Bolivia del Millennium Project, un think-tank global de estudios de futuros.<\/span><\/span><\/p>\n<p><span style=\"color: #000000;\"><span style=\"font-weight: 400;\">La<\/span><span style=\"font-weight: 400;\"> semana dedicada al abordaje y construcci\u00f3n de futuros reunir\u00e1 a los mayores investigadores, acad\u00e9micos, innovadores, planificadores y dise\u00f1adores de pol\u00edticas p\u00fablicas del mundo. El encuentro ser\u00e1 con j\u00f3venes l\u00edderes para generar espacios de co-creaci\u00f3n, reflexi\u00f3n, dise\u00f1o de prototipos tecnol\u00f3gicos y fabricaci\u00f3n digital que den luz a propuestas innovadoras con impacto social de cara al 2030.\u00a0<\/span><\/span><\/p>\n<p><span style=\"color: #000000;\"><span style=\"font-weight: 400;\">La educaci\u00f3n, medio ambiente, trabajo, ciudades y salud son los ejes que desarrollar\u00e1 el encuentro y que est\u00e1n dentro de los Objetivos del Desarrollo Sostenible (ODS).\u00a0 El mayor reto es consolidar el trabajo que se realiz\u00f3 en los cinco a\u00f1os anteriores y <\/span><span style=\"font-weight: 400;\">que sean incluidos en los planes de distintos niveles del Estado.\u00a0<\/span><\/span><\/p>\n<p><span style=\"color: #000000;\"><span style=\"font-weight: 400;\">La versi\u00f3n 2023 del Futures Week<\/span><span style=\"font-weight: 400;\">\u00ae<\/span><span style=\"font-weight: 400;\"> reunir\u00e1 a comunidades de makers (j\u00f3venes innovadores que crean con tecnolog\u00eda), fabers (desarrolladores), emprendedores, entre otros, para trabajar prototipos del futuro.\u00a0<\/span><\/span><\/p>\n<p><span style=\"font-weight: 400; color: #000000;\">El encuentro se desarrollar\u00e1 en medio de una revoluci\u00f3n tecnol\u00f3gica sin precedentes, con cambios disruptivos y permanentes.\u00a0\u00a0<\/span><\/p>\n<p><span style=\"font-weight: 400; color: #000000;\">El objetivo del encuentro es construir un futuro justo para todos, con mejor calidad de vida, de aqu\u00ed al a\u00f1o 2030. Este camino indudablemente pasa por el cumplimiento de los ODS.\u00a0<\/span><\/p>\n<p><span style=\"font-weight: 400; color: #000000;\">El escenario ser\u00e1 una experiencia propicia para la \u201csimbio creaci\u00f3n\u201d, la rama que permite integrar ideas y capacidades de forma colaborativa, para desarrollar soluciones innovadoras mediante el uso de herramientas tecnol\u00f3gicas avanzadas.\u00a0<\/span><\/p>\n<p><span style=\"font-weight: 400; color: #000000;\">El resultado de este evento ser\u00e1 entregado a los principales planificadores de pol\u00edticas p\u00fablicas, a nivel de gobierno central, departamental y municipal. Al ser el sexto a\u00f1o tambi\u00e9n se har\u00e1 un an\u00e1lisis de c\u00f3mo se plasmaron las ideas innovadoras que se lanzaron en las pasadas cinco versiones.<\/span><\/p>\n<figure id=\"attachment_142494\" aria-describedby=\"caption-attachment-142494\" style=\"width: 698px\" class=\"wp-caption aligncenter\"><img loading=\"lazy\" decoding=\"async\" class=\"wp-image-142494\" src=\"https:\/\/unifranz.edu.bo\/wp-content\/uploads\/2023\/09\/JO\u0301VENES-DELIBERAN-EN-EL-FUTURES-WEEK-SANTA-CRUZ--300x155.png\" alt=\"\" width=\"698\" height=\"361\" srcset=\"https:\/\/unifranz.edu.bo\/wp-content\/uploads\/2023\/09\/JO\u0301VENES-DELIBERAN-EN-EL-FUTURES-WEEK-SANTA-CRUZ--300x155.png 300w, https:\/\/unifranz.edu.bo\/wp-content\/uploads\/2023\/09\/JO\u0301VENES-DELIBERAN-EN-EL-FUTURES-WEEK-SANTA-CRUZ--1024x529.png 1024w, https:\/\/unifranz.edu.bo\/wp-content\/uploads\/2023\/09\/JO\u0301VENES-DELIBERAN-EN-EL-FUTURES-WEEK-SANTA-CRUZ--768x396.png 768w, https:\/\/unifranz.edu.bo\/wp-content\/uploads\/2023\/09\/JO\u0301VENES-DELIBERAN-EN-EL-FUTURES-WEEK-SANTA-CRUZ--1536x793.png 1536w, https:\/\/unifranz.edu.bo\/wp-content\/uploads\/2023\/09\/JO\u0301VENES-DELIBERAN-EN-EL-FUTURES-WEEK-SANTA-CRUZ--2048x1057.png 2048w, https:\/\/unifranz.edu.bo\/wp-content\/uploads\/2023\/09\/JO\u0301VENES-DELIBERAN-EN-EL-FUTURES-WEEK-SANTA-CRUZ--18x9.png 18w\" sizes=\"auto, (max-width: 698px) 100vw, 698px\" \/><figcaption id=\"caption-attachment-142494\" class=\"wp-caption-text\"><\/em><\/span> <span style=\"color: #000000;\"><em>J\u00f3venes l\u00edderes interactuan en jornadas de cocreaci\u00f3n.<\/em><\/span><\/figcaption><\/figure>","protected":false},"excerpt":{"rendered":"<p>Por sexto a\u00f1o consecutivo, la Universidad Franz Tamayo (Unifranz) ser\u00e1 el punto de encuentro del Futures Week\u00ae 2023 \u2013 la semana del futuro \u2013 para analizar, reflexionar y co-crear el futuro de las ciudades de La Paz y Santa Cruz, con una mirada hacia el 2030. El encuentro se realizar\u00e1 entre el 26 y 29 &hellip; <a href=\"https:\/\/unifranz.edu.bo\/pt\/blog\/futures-week-2023-jovenes-lideres-de-la-paz-y-santa-cruz-cocrear-ciudades\/\">Continued<\/a><\/p>","protected":false},"author":45,"featured_media":142493,"comment_status":"open","ping_status":"open","sticky":false,"template":"","format":"standard","meta":{"_acf_changed":false,"footnotes":""},"categories":[60],"tags":[],"class_list":["post-142492","post","type-post","status-publish","format-standard","has-post-thumbnail","hentry","category-blog"],"acf":[],"_links":{"self":[{"href":"https:\/\/unifranz.edu.bo\/pt\/wp-json\/wp\/v2\/posts\/142492","targetHints":{"allow":["GET"]}}],"collection":[{"href":"https:\/\/unifranz.edu.bo\/pt\/wp-json\/wp\/v2\/posts"}],"about":[{"href":"https:\/\/unifranz.edu.bo\/pt\/wp-json\/wp\/v2\/types\/post"}],"author":[{"embeddable":true,"href":"https:\/\/unifranz.edu.bo\/pt\/wp-json\/wp\/v2\/users\/45"}],"replies":[{"embeddable":true,"href":"https:\/\/unifranz.edu.bo\/pt\/wp-json\/wp\/v2\/comments?post=142492"}],"version-history":[{"count":1,"href":"https:\/\/unifranz.edu.bo\/pt\/wp-json\/wp\/v2\/posts\/142492\/revisions"}],"predecessor-version":[{"id":142495,"href":"https:\/\/unifranz.edu.bo\/pt\/wp-json\/wp\/v2\/posts\/142492\/revisions\/142495"}],"wp:featuredmedia":[{"embeddable":true,"href":"https:\/\/unifranz.edu.bo\/pt\/wp-json\/wp\/v2\/media\/142493"}],"wp:attachment":[{"href":"https:\/\/unifranz.edu.bo\/pt\/wp-json\/wp\/v2\/media?parent=142492"}],"wp:term":[{"taxonomy":"category","embeddable":true,"href":"https:\/\/unifranz.edu.bo\/pt\/wp-json\/wp\/v2\/categories?post=142492"},{"taxonomy":"post_tag","embeddable":true,"href":"https:\/\/unifranz.edu.bo\/pt\/wp-json\/wp\/v2\/tags?post=142492"}],"curies":[{"name":"wp","href":"https:\/\/api.w.org\/{rel}","templated":true}]}}