{"id":142146,"date":"2023-09-01T21:46:53","date_gmt":"2023-09-02T01:46:53","guid":{"rendered":"https:\/\/unifranz.edu.bo\/?p=142146"},"modified":"2023-09-03T08:38:25","modified_gmt":"2023-09-03T12:38:25","slug":"teatro-una-plataforma-de-expresion-artistica-aplicada-a-la-vida-cotidiana","status":"publish","type":"post","link":"https:\/\/unifranz.edu.bo\/pt\/blog\/teatro-una-plataforma-de-expresion-artistica-aplicada-a-la-vida-cotidiana\/","title":{"rendered":"Teatro, una plataforma de expresi\u00f3n art\u00edstica aplicada a la vida cotidiana"},"content":{"rendered":"<p><span style=\"color: #000000;\">Por Luis Escobar<\/span><\/p>\n<p><span style=\"font-weight: 400; color: #000000;\">El teatro se convirti\u00f3 en algo m\u00e1s que una expresi\u00f3n art\u00edstica. Es una herramienta de comunicaci\u00f3n, de generaci\u00f3n de confianza, carisma para enfrentar retos desde la vida cotidiana o hasta la defensa de una tesis.\u00a0<\/span><\/p>\n<p><span style=\"font-weight: 400; color: #000000;\">\u201cPara m\u00ed fue importante entender que el teatro o tener un grupo para interpretar obras no son importantes en s\u00ed mismo; sino, es una herramienta que todo universitario deber\u00eda afrontar para contar con las herramientas comunicativas que son tan necesarias en la formaci\u00f3n profesional\u201d, declar\u00f3 Patricia Garc\u00eda, directora de elenco de teatro de la Universidad Franz Tamayo (Unifranz).<\/span><\/p>\n<p><span style=\"font-weight: 400; color: #000000;\">El teatro crea una serie de habilidades que parten por dejar el anonimato, generar confianza, carisma y ser un espacio de formaci\u00f3n de l\u00edderes. Al pasar por esta experiencia, los j\u00f3venes adquieren una fortaleza frente a la mirada del otro porque cuentan con herramientas para manejar una audiencia o hablar en p\u00fablico. Estas habilidades les permitir\u00e1n desarrollarse en su vida cotidiana y profesional desde la defensa de tesis.\u00a0\u00a0<\/span><\/p>\n<p><span style=\"font-weight: 400; color: #000000;\">La actriz asegura que no es casual que la mayor\u00eda de los estudiantes que pasan por su taller sean m\u00e1s activos, tengan pasi\u00f3n por su profesi\u00f3n y la universidad. Pasaron j\u00f3venes todas las carreras, incluso, ingenier\u00eda, medicina y otras que a simple vista no tendr\u00edan relaci\u00f3n con el teatro. Lo hacen para tener mayores v\u00ednculos, amistades y tener una idea m\u00e1s completa de la vida.\u00a0<\/span><\/p>\n<p><span style=\"font-weight: 400; color: #000000;\">Garc\u00eda lleg\u00f3 al pa\u00eds de Espa\u00f1a para estudiar Educaci\u00f3n y se sum\u00f3 a los talleres de teatro. \u201cPor esta raz\u00f3n tuvo mucha importancia la ense\u00f1anza del teatro en espacios universitarios y de colegio porque creo que puede ser el v\u00ednculo de mucha gente para encontrar su vocaci\u00f3n. Ese fue mi caso\u201d, afirm\u00f3.\u00a0<\/span><\/p>\n<p><span style=\"font-weight: 400; color: #000000;\">Su carrera fue vertiginosa, en s\u00f3lo un a\u00f1o ya se encontraba en el teatro de Los Andes que era el grupo m\u00e1s importante de Bolivia en ese momento; despu\u00e9s tuvo la oportunidad de trabajar en un proyecto al que calific\u00f3 \u201cmuy grande\u201d denominado \u201cInmigrantes\u201d en Argentina. Regres\u00f3 al pa\u00eds y pas\u00f3 un tiempo en Cochabamba para luego viajar a Francia y participar como actriz del festival de Avi\u00f1\u00f3n.<\/span><\/p>\n<p><span style=\"font-weight: 400;\"><span style=\"color: #000000;\">\u201cTodo eso transcurri\u00f3 muy r\u00e1pido\u201d, afirm\u00f3. Entre el 2004 y 2005 retorn\u00f3 al pa\u00eds para aportar<\/span> <span style=\"color: #000000;\">lo que aprendi\u00f3. \u201cYa era profesora de colegio y se me abri\u00f3 la posibilidad de ingresar a Unifranz,\u00a0 en este tiempo\u00a0 hicimos muchas cosas, descubrimos mucho talento y logramos incluso internacionalizarlos con el arte\u201d, afirm\u00f3.<\/span><\/span><\/p>\n<p><span style=\"font-weight: 400; color: #000000;\">Ella sigue actuando porque considera que es el veh\u00edculo que la llev\u00f3 por toda su vida profesional y hace poco\u00a0 fue galardonada como mejor actriz, en los Premios Maya, un evento que se realiz\u00f3 en la ciudad de Buenos Aires, Argentina. Cuenta con proyectos educativos y su intenci\u00f3n es llegar a la mayor cantidad de gente posible, ofrecer esta posibilidad de que los j\u00f3venes se encuentren consigo mismos y tengan las herramientas \u201ctan importantes\u201d que da el teatro para transitar por su vida personal y profesional.<\/span><\/p>\n<p><span style=\"font-weight: 400; color: #000000;\">Contin\u00faa impartiendo los talleres con el firme prop\u00f3sito de llegar a la mayor cantidad de j\u00f3venes porque ellos \u201cson el futuro\u201d. \u201cSon las personas que van a generar un nuevo p\u00fablico para el teatro, son los que van a crear un cambio en la mirada de sus padres hacia el arte. De alguna manera estamos plantando semillitas que posicionar\u00e1n, en el futuro, al arte como algo que tenga mayor relevancia\u201d.<\/span><\/p>","protected":false},"excerpt":{"rendered":"<p>Por Luis Escobar El teatro se convirti\u00f3 en algo m\u00e1s que una expresi\u00f3n art\u00edstica. Es una herramienta de comunicaci\u00f3n, de generaci\u00f3n de confianza, carisma para enfrentar retos desde la vida cotidiana o hasta la defensa de una tesis.\u00a0 \u201cPara m\u00ed fue importante entender que el teatro o tener un grupo para interpretar obras no son &hellip; <a href=\"https:\/\/unifranz.edu.bo\/pt\/blog\/teatro-una-plataforma-de-expresion-artistica-aplicada-a-la-vida-cotidiana\/\">Continued<\/a><\/p>","protected":false},"author":45,"featured_media":142147,"comment_status":"open","ping_status":"open","sticky":false,"template":"","format":"standard","meta":{"_acf_changed":false,"footnotes":""},"categories":[3172,60,2186,1854,1862,2858,2980,1782],"tags":[5560,5562,5564,108,242],"class_list":["post-142146","post","type-post","status-publish","format-standard","has-post-thumbnail","hentry","category-aprendizaje","category-blog","category-carreras-es","category-docentes-es","category-educacion","category-innovacion-en-educacion","category-odontologia-es-2","category-unifranz","tag-expresion-artistica","tag-patricia-garcia","tag-premios-maya","tag-teatro","tag-unifranz"],"acf":[],"_links":{"self":[{"href":"https:\/\/unifranz.edu.bo\/pt\/wp-json\/wp\/v2\/posts\/142146","targetHints":{"allow":["GET"]}}],"collection":[{"href":"https:\/\/unifranz.edu.bo\/pt\/wp-json\/wp\/v2\/posts"}],"about":[{"href":"https:\/\/unifranz.edu.bo\/pt\/wp-json\/wp\/v2\/types\/post"}],"author":[{"embeddable":true,"href":"https:\/\/unifranz.edu.bo\/pt\/wp-json\/wp\/v2\/users\/45"}],"replies":[{"embeddable":true,"href":"https:\/\/unifranz.edu.bo\/pt\/wp-json\/wp\/v2\/comments?post=142146"}],"version-history":[{"count":2,"href":"https:\/\/unifranz.edu.bo\/pt\/wp-json\/wp\/v2\/posts\/142146\/revisions"}],"predecessor-version":[{"id":142434,"href":"https:\/\/unifranz.edu.bo\/pt\/wp-json\/wp\/v2\/posts\/142146\/revisions\/142434"}],"wp:featuredmedia":[{"embeddable":true,"href":"https:\/\/unifranz.edu.bo\/pt\/wp-json\/wp\/v2\/media\/142147"}],"wp:attachment":[{"href":"https:\/\/unifranz.edu.bo\/pt\/wp-json\/wp\/v2\/media?parent=142146"}],"wp:term":[{"taxonomy":"category","embeddable":true,"href":"https:\/\/unifranz.edu.bo\/pt\/wp-json\/wp\/v2\/categories?post=142146"},{"taxonomy":"post_tag","embeddable":true,"href":"https:\/\/unifranz.edu.bo\/pt\/wp-json\/wp\/v2\/tags?post=142146"}],"curies":[{"name":"wp","href":"https:\/\/api.w.org\/{rel}","templated":true}]}}