{"id":142098,"date":"2023-09-01T18:29:46","date_gmt":"2023-09-01T22:29:46","guid":{"rendered":"https:\/\/unifranz.edu.bo\/?p=142098"},"modified":"2023-09-03T08:40:24","modified_gmt":"2023-09-03T12:40:24","slug":"de-postres-fit-a-terapias-infantiles-4-proyectos-de-la-casa-de-la-juventud-recibiran-apoyo-tecnico","status":"publish","type":"post","link":"https:\/\/unifranz.edu.bo\/pt\/blog\/de-postres-fit-a-terapias-infantiles-4-proyectos-de-la-casa-de-la-juventud-recibiran-apoyo-tecnico\/","title":{"rendered":"De postres fit a terapias infantiles, 4 proyectos de la Casa de la Juventud recibir\u00e1n apoyo t\u00e9cnico"},"content":{"rendered":"<p><span style=\"color: #000000;\">Por Luis Escobar<\/span><\/p>\n<p><span style=\"color: #000000;\">Una casa de terapia infantil; postres fit o saludables; cuadernos en base a aguayos; y flores como accesorios tejidos son los cuatro proyectos que la Casa de la Juventud, dependiente de la Alcald\u00eda de Cochabamba, seleccion\u00f3 para apoyar en la construcci\u00f3n de un modelo de negocio y un plan estrat\u00e9gico. El respaldo surge tras la firma de un convenio de la instituci\u00f3n municipal con la Universidad Franz Tamayo (Unifranz).<\/span><\/p>\n<p><span style=\"color: #000000;\">\u201cLos estudiantes comenzaron el trabajo con emprendedores que tienen las ideas de negocio novedosas y que s\u00f3lo les faltaba organizarse. Se trabajar\u00e1 en la construcci\u00f3n de un modelo de negocio como parte del proyecto integrador y, en la asignatura de estrategia empresarial, se entregar\u00e1 un plan estrat\u00e9gico para los siguientes cinco a\u00f1os\u201d, explic\u00f3 Simay Vera, directora de la carrera de Administraci\u00f3n de Empresas.<\/span><\/p>\n<p><span style=\"color: #000000;\">El primer proyecto consiste en la implementaci\u00f3n de una casa dedicada a impartir terapias infantiles y grupales para el desarrollo emocional de los ni\u00f1os. En este caso, los emprendedores desean saber el monto que van a necesitar para la implementaci\u00f3n del negocio, c\u00f3mo llegar al mercado o conseguir su sostenimiento.<\/span><\/p>\n<p><span style=\"color: #000000;\">El segundo es la preparaci\u00f3n de postres saludables fit que no tengan az\u00facar, contengan prote\u00ednas y buen sabor. El tercer es la elaboraci\u00f3n de cuadernos con base en aguayos y tejidos nacionales; y el cuarto lo propuso una joven de 19 a\u00f1os quien se dedica a elaborar flores y otros accesorios de tejidos.<\/span><\/p>\n<p><span style=\"color: #000000;\">Estos emprendedores ya tienen el producto y les falta gesti\u00f3n. \u201cAh\u00ed entran nuestros estudiantes como los docentes de las dos asignaturas para trabajar de forma colaborativa.\u00a0 Sostendr\u00e1n reuniones una o dos veces por semana. En la primera fase (que arranc\u00f3 esta semana) se va a dise\u00f1ar un diagn\u00f3stico, luego seguir\u00e1 un modelo de negocio y el plan estrat\u00e9gico\u201d, afirm\u00f3 Vera.<\/span><\/p>\n<p><span style=\"color: #000000;\">Para llevar adelante este proyecto se suscribi\u00f3 un convenio en el que se detallan las actividades y se comprometen ambas partes a continuar con el trabajo hasta su conclusi\u00f3n. El primer acercamiento se hizo la anterior semana y a partir de ahora ya se coordina con los emprendedores.<\/span><\/p>\n<p><span style=\"color: #000000;\">\u201cEs un proyecto que compromete a los estudiantes. Antes s\u00f3lo elaboraban un plan estrat\u00e9gico para una empresa ficticia. Ahora ver\u00e1n que su trabajo tendr\u00e1 una consecuencia positiva para la gente y se convertir\u00e1 en algo real\u201d, afirm\u00f3 Vera. En diciembre entregar\u00e1n el modelo final y plan estrat\u00e9gico para cada emprendedor.<\/span><\/p>\n<p><img loading=\"lazy\" decoding=\"async\" class=\"wp-image-142100 aligncenter\" src=\"https:\/\/unifranz.edu.bo\/wp-content\/uploads\/2023\/09\/WhatsApp-Image-2023-09-01-at-18.17.10-1-300x200.jpeg\" alt=\"\" width=\"582\" height=\"388\" srcset=\"https:\/\/unifranz.edu.bo\/wp-content\/uploads\/2023\/09\/WhatsApp-Image-2023-09-01-at-18.17.10-1-300x200.jpeg 300w, https:\/\/unifranz.edu.bo\/wp-content\/uploads\/2023\/09\/WhatsApp-Image-2023-09-01-at-18.17.10-1-1024x682.jpeg 1024w, https:\/\/unifranz.edu.bo\/wp-content\/uploads\/2023\/09\/WhatsApp-Image-2023-09-01-at-18.17.10-1-768x512.jpeg 768w, https:\/\/unifranz.edu.bo\/wp-content\/uploads\/2023\/09\/WhatsApp-Image-2023-09-01-at-18.17.10-1-1536x1023.jpeg 1536w, https:\/\/unifranz.edu.bo\/wp-content\/uploads\/2023\/09\/WhatsApp-Image-2023-09-01-at-18.17.10-1-18x12.jpeg 18w, https:\/\/unifranz.edu.bo\/wp-content\/uploads\/2023\/09\/WhatsApp-Image-2023-09-01-at-18.17.10-1.jpeg 1600w\" sizes=\"auto, (max-width: 582px) 100vw, 582px\" \/><\/p>\n<p><span style=\"color: #000000;\">La Casa de la Juventud es la instituci\u00f3n que seleccion\u00f3, entre sus integrantes, a los proyectos que reciben apoyo. El modelo que se les entregar\u00e1 tendr\u00e1 una estructura organizacional, una financiera, el plan de marketing y por detr\u00e1s, el plan estrat\u00e9gico a mediano y largo plazo.<\/span><\/p>\n<p><span style=\"color: #000000;\">Vera asegur\u00f3 que este proyecto busca ser permanente y este el primer intento est\u00e1 dise\u00f1ado para los estudiantes de sexto a octavo semestre porque requiere un reto mayor al dise\u00f1ar un modelo de negocios \u00edntegro. \u201cEstamos emocionados porque est\u00e1 dentro de la l\u00f3gica de la universidad de \u2018aprender haciendo\u2019 y todo el semestre trabajar\u00e1n con este proyecto\u201d.<\/span><\/p>","protected":false},"excerpt":{"rendered":"<p>Por Luis Escobar Una casa de terapia infantil; postres fit o saludables; cuadernos en base a aguayos; y flores como accesorios tejidos son los cuatro proyectos que la Casa de la Juventud, dependiente de la Alcald\u00eda de Cochabamba, seleccion\u00f3 para apoyar en la construcci\u00f3n de un modelo de negocio y un plan estrat\u00e9gico. El respaldo &hellip; <a href=\"https:\/\/unifranz.edu.bo\/pt\/blog\/de-postres-fit-a-terapias-infantiles-4-proyectos-de-la-casa-de-la-juventud-recibiran-apoyo-tecnico\/\">Continued<\/a><\/p>","protected":false},"author":45,"featured_media":142099,"comment_status":"open","ping_status":"open","sticky":false,"template":"","format":"standard","meta":{"_acf_changed":false,"footnotes":""},"categories":[3172,60,5340,2726,2566,4678,3144],"tags":[4456,2836,3220,2202,498,1806],"class_list":["post-142098","post","type-post","status-publish","format-standard","has-post-thumbnail","hentry","category-aprendizaje","category-blog","category-calidad","category-creatividad","category-docente","category-emprendedores","category-empresa-es","tag-alcaldia-de-cochabamba","tag-alianza","tag-emprendedor","tag-emprendedores","tag-negocios","tag-unifranz-cochabamba"],"acf":[],"_links":{"self":[{"href":"https:\/\/unifranz.edu.bo\/pt\/wp-json\/wp\/v2\/posts\/142098","targetHints":{"allow":["GET"]}}],"collection":[{"href":"https:\/\/unifranz.edu.bo\/pt\/wp-json\/wp\/v2\/posts"}],"about":[{"href":"https:\/\/unifranz.edu.bo\/pt\/wp-json\/wp\/v2\/types\/post"}],"author":[{"embeddable":true,"href":"https:\/\/unifranz.edu.bo\/pt\/wp-json\/wp\/v2\/users\/45"}],"replies":[{"embeddable":true,"href":"https:\/\/unifranz.edu.bo\/pt\/wp-json\/wp\/v2\/comments?post=142098"}],"version-history":[{"count":2,"href":"https:\/\/unifranz.edu.bo\/pt\/wp-json\/wp\/v2\/posts\/142098\/revisions"}],"predecessor-version":[{"id":142438,"href":"https:\/\/unifranz.edu.bo\/pt\/wp-json\/wp\/v2\/posts\/142098\/revisions\/142438"}],"wp:featuredmedia":[{"embeddable":true,"href":"https:\/\/unifranz.edu.bo\/pt\/wp-json\/wp\/v2\/media\/142099"}],"wp:attachment":[{"href":"https:\/\/unifranz.edu.bo\/pt\/wp-json\/wp\/v2\/media?parent=142098"}],"wp:term":[{"taxonomy":"category","embeddable":true,"href":"https:\/\/unifranz.edu.bo\/pt\/wp-json\/wp\/v2\/categories?post=142098"},{"taxonomy":"post_tag","embeddable":true,"href":"https:\/\/unifranz.edu.bo\/pt\/wp-json\/wp\/v2\/tags?post=142098"}],"curies":[{"name":"wp","href":"https:\/\/api.w.org\/{rel}","templated":true}]}}