{"id":141829,"date":"2023-08-30T17:16:04","date_gmt":"2023-08-30T21:16:04","guid":{"rendered":"https:\/\/unifranz.edu.bo\/?p=141829"},"modified":"2023-08-30T17:16:04","modified_gmt":"2023-08-30T21:16:04","slug":"de-platicas-abrazos-y-sonrisas-fue-el-rencuentro-de-la-primera-generacion-unifranz-santa-cruz","status":"publish","type":"post","link":"https:\/\/unifranz.edu.bo\/pt\/blog\/de-platicas-abrazos-y-sonrisas-fue-el-rencuentro-de-la-primera-generacion-unifranz-santa-cruz\/","title":{"rendered":"De pl\u00e1ticas, abrazos y sonrisas, fue el rencuentro de la primera generaci\u00f3n Unifranz Santa Cruz"},"content":{"rendered":"<p><span style=\"color: #000000;\">En una noche emotiva, cargada de sentimientos, orgullo y nostalgia la Universidad Franz<\/span><br \/>\n<span style=\"color: #000000;\">Tamayo (Unifranz) reuni\u00f3 a su primera generaci\u00f3n de profesionales. Retornaron a su segundo<\/span><br \/>\n<span style=\"color: #000000;\">hogar despu\u00e9s de 20 a\u00f1os de haber lanzado el birrete y consagrados en sus \u00e1reas. Recordaron<\/span><br \/>\n<span style=\"color: #000000;\">an\u00e9cdotas que vivieron en las aulas durante su formaci\u00f3n profesional.<\/span><\/p>\n<p><span style=\"color: #000000;\">\u201cEs un placer reencontrarme con mis compa\u00f1eros con los que tanto vivimos en las aulas.<\/span><br \/>\n<span style=\"color: #000000;\">Agradezco a la universidad por reunirnos, permitir recordar momentos hermosos y sentirme<\/span><br \/>\n<span style=\"color: #000000;\">orgulloso por ver el gran referente en educaci\u00f3n en el que se convirti\u00f3 Unifranz\u201d, expres\u00f3<\/span><br \/>\n<span style=\"color: #000000;\">Widen James Rivero, representante de la primera generaci\u00f3n de profesionales y titulado en<\/span><br \/>\n<span style=\"color: #000000;\">Derecho el 2003.<\/span><\/p>\n<p><span style=\"color: #000000;\">Tambi\u00e9n fueron invitados profesionales de la segunda y tercera generaci\u00f3n como Miguel \u00c1ngel<\/span><br \/>\n<span style=\"color: #000000;\">Venegas quien se gradu\u00f3 el 2005. Primero se form\u00f3 como polic\u00eda y luego ingres\u00f3 a la carrera<\/span><br \/>\n<span style=\"color: #000000;\">de Derecho de Unifranz. En el reencuentro asegur\u00f3 que la universidad fortaleci\u00f3 sus<\/span><br \/>\n<span style=\"color: #000000;\">conocimientos y le brind\u00f3 mayores herramientas para desenvolverse en la investigaci\u00f3n.<\/span><\/p>\n<p><span style=\"color: #000000;\">\u201cEl c\u00famulo de conocimientos que adquir\u00ed en Unifranz me sirvi\u00f3 para desenvolverme en lo<\/span><br \/>\n<span style=\"color: #000000;\">profesional y personal. Siempre se preocuparon por formar profesionales con principios y<\/span><br \/>\n<span style=\"color: #000000;\">valores que sirvan a la sociedad\u201d, dijo Venegas. En su trayectoria profesional fue director de<\/span><br \/>\n<span style=\"color: #000000;\">Responsabilidad Profesional, Fiscal Policial y rector de la Universidad Policial. Pese a tener<\/span><br \/>\n<span style=\"color: #000000;\">bastantes responsabilidades, no dud\u00f3 en asistir al reencuentro con sus compa\u00f1eros.<\/span><\/p>\n<p><span style=\"color: #000000;\">\u201cCuando me contactaron de Unifranz para invitarme a este encuentro me puse muy contento.<\/span><br \/>\n<span style=\"color: #000000;\">Lo primero que les dije fue: \u2018recordar es volver a vivir\u2019 y sin dudar confirm\u00e9 mi asistencia.<\/span><br \/>\n<span style=\"color: #000000;\">Volver a ver a mis amigos y compa\u00f1eros de estudio es algo que me emociona, darles un abrazo<\/span><br \/>\n<span style=\"color: #000000;\">y saludarlos es extraordinario. Felicito de todo coraz\u00f3n a los organizadores de la iniciativa\u201d,<\/span><br \/>\n<span style=\"color: #000000;\">expres\u00f3 Venegas.<\/span><\/p>\n<p><img loading=\"lazy\" decoding=\"async\" class=\"alignnone wp-image-141836 size-large\" src=\"https:\/\/unifranz.edu.bo\/wp-content\/uploads\/2023\/08\/000-1024x683.jpg\" alt=\"\" width=\"1024\" height=\"683\" srcset=\"https:\/\/unifranz.edu.bo\/wp-content\/uploads\/2023\/08\/000-1024x683.jpg 1024w, https:\/\/unifranz.edu.bo\/wp-content\/uploads\/2023\/08\/000-300x200.jpg 300w, https:\/\/unifranz.edu.bo\/wp-content\/uploads\/2023\/08\/000-768x512.jpg 768w, https:\/\/unifranz.edu.bo\/wp-content\/uploads\/2023\/08\/000-1536x1024.jpg 1536w, https:\/\/unifranz.edu.bo\/wp-content\/uploads\/2023\/08\/000-2048x1365.jpg 2048w, https:\/\/unifranz.edu.bo\/wp-content\/uploads\/2023\/08\/000-18x12.jpg 18w\" sizes=\"auto, (max-width: 1024px) 100vw, 1024px\" \/><\/p>\n<p><span style=\"color: #000000;\">Carlos Dabdoub, vicerrector de Unifranz Santa Cruz, agradeci\u00f3 a los graduados por formar<\/span><br \/>\n<span style=\"color: #000000;\">parte de este especial reencuentro y asegur\u00f3 que las puertas de Unifranz siempre estar\u00e1n<\/span><br \/>\n<span style=\"color: #000000;\">abiertas y los recibir\u00e1n como la gran familia.<\/span><\/p>\n<p><span style=\"color: #000000;\">\u201cUstedes desde distintos \u00e1mbitos, son forjadores del hoy y del ma\u00f1ana de nuestra querida<\/span><br \/>\n<span style=\"color: #000000;\">Santa Cruz. Por eso es tan importante para nosotros, como universidad, que nos sigan<\/span><br \/>\n<span style=\"color: #000000;\">acompa\u00f1ando, porque lo \u00fanico que buscamos es transformar la educaci\u00f3n porque esa es la<\/span><br \/>\n<span style=\"color: #000000;\">\u00fanica forma de hacer patria. Esta es su familia Unifranz y aqu\u00ed siempre tendremos las puertas<\/span><br \/>\n<span style=\"color: #000000;\">abiertas para recibirlos\u201d, indic\u00f3 Dabdoub.<\/span><\/p>\n<p><span style=\"color: #000000;\">Los integrantes de la Red Alumni de Unifranz, son beneficiados con precios especiales en las<\/span><br \/>\n<span style=\"color: #000000;\">empresas con las que esta casa superior de estudios tiene convenios. Adem\u00e1s, los hijos de los<\/span><br \/>\n<span style=\"color: #000000;\">profesionales Unifranz, son beneficiados de manera directa con la Beca Graduado, que otorga<\/span><br \/>\n<span style=\"color: #000000;\">un descuento del 30% en toda la carrera, aplicable para pregrado y postgrado.<\/span><\/p>","protected":false},"excerpt":{"rendered":"<p>En una noche emotiva, cargada de sentimientos, orgullo y nostalgia la Universidad Franz Tamayo (Unifranz) reuni\u00f3 a su primera generaci\u00f3n de profesionales. Retornaron a su segundo hogar despu\u00e9s de 20 a\u00f1os de haber lanzado el birrete y consagrados en sus \u00e1reas. Recordaron an\u00e9cdotas que vivieron en las aulas durante su formaci\u00f3n profesional. \u201cEs un placer &hellip; <a href=\"https:\/\/unifranz.edu.bo\/pt\/blog\/de-platicas-abrazos-y-sonrisas-fue-el-rencuentro-de-la-primera-generacion-unifranz-santa-cruz\/\">Continued<\/a><\/p>","protected":false},"author":33,"featured_media":141838,"comment_status":"open","ping_status":"open","sticky":false,"template":"","format":"standard","meta":{"_acf_changed":false,"footnotes":""},"categories":[2576,60,1886,2858,4234],"tags":[5518,5520,4804,5522],"class_list":["post-141829","post","type-post","status-publish","format-standard","has-post-thumbnail","hentry","category-unifranz-santa-cruz","category-blog","category-derecho","category-innovacion-en-educacion","category-unifranz-30-anos","tag-primera-generacion-de-profesionales","tag-profesionales-de-santa-cruz","tag-profesionales-unifranz","tag-red-alumni-unifranz"],"acf":[],"_links":{"self":[{"href":"https:\/\/unifranz.edu.bo\/pt\/wp-json\/wp\/v2\/posts\/141829","targetHints":{"allow":["GET"]}}],"collection":[{"href":"https:\/\/unifranz.edu.bo\/pt\/wp-json\/wp\/v2\/posts"}],"about":[{"href":"https:\/\/unifranz.edu.bo\/pt\/wp-json\/wp\/v2\/types\/post"}],"author":[{"embeddable":true,"href":"https:\/\/unifranz.edu.bo\/pt\/wp-json\/wp\/v2\/users\/33"}],"replies":[{"embeddable":true,"href":"https:\/\/unifranz.edu.bo\/pt\/wp-json\/wp\/v2\/comments?post=141829"}],"version-history":[{"count":1,"href":"https:\/\/unifranz.edu.bo\/pt\/wp-json\/wp\/v2\/posts\/141829\/revisions"}],"predecessor-version":[{"id":141841,"href":"https:\/\/unifranz.edu.bo\/pt\/wp-json\/wp\/v2\/posts\/141829\/revisions\/141841"}],"wp:featuredmedia":[{"embeddable":true,"href":"https:\/\/unifranz.edu.bo\/pt\/wp-json\/wp\/v2\/media\/141838"}],"wp:attachment":[{"href":"https:\/\/unifranz.edu.bo\/pt\/wp-json\/wp\/v2\/media?parent=141829"}],"wp:term":[{"taxonomy":"category","embeddable":true,"href":"https:\/\/unifranz.edu.bo\/pt\/wp-json\/wp\/v2\/categories?post=141829"},{"taxonomy":"post_tag","embeddable":true,"href":"https:\/\/unifranz.edu.bo\/pt\/wp-json\/wp\/v2\/tags?post=141829"}],"curies":[{"name":"wp","href":"https:\/\/api.w.org\/{rel}","templated":true}]}}