{"id":141305,"date":"2023-08-25T17:25:55","date_gmt":"2023-08-25T21:25:55","guid":{"rendered":"https:\/\/unifranz.edu.bo\/?p=141305"},"modified":"2023-08-27T20:30:12","modified_gmt":"2023-08-28T00:30:12","slug":"especializacion-profesional-la-clave-para-perfeccionar-el-conocimiento","status":"publish","type":"post","link":"https:\/\/unifranz.edu.bo\/pt\/blog\/especializacion-profesional-la-clave-para-perfeccionar-el-conocimiento\/","title":{"rendered":"Especializaci\u00f3n profesional, la clave para perfeccionar el conocimiento"},"content":{"rendered":"<div>\n<p><span style=\"color: #000000;\">Por Dennis Luizaga<\/span><\/p>\n<p><span style=\"color: #000000;\">Actualmente, el campo profesional presenta un sinf\u00edn de perfiles que compiten por un espacio en el mercado laboral. S\u00f3lo aquellos que logran perfeccionar sus conocimientos podr\u00e1n distinguirse del resto y para este objetivo es necesario especializar las habilidades en un aprendizaje continuo.<\/span><\/p>\n<\/div>\n<div>\n<p><span style=\"color: #000000;\">Los cursos, talleres, seminarios, congresos y posgrados son importantes para encaminar la especializaci\u00f3n, que es una decisi\u00f3n voluntaria del profesional. Pero, tambi\u00e9n se suma la pr\u00e1ctica o el ejercicio laboral en un campo espec\u00edfico.<\/span><\/p>\n<\/div>\n<div>\n<p><span style=\"color: #000000;\"><i>Dominica Guardia es una periodista de comunicaci\u00f3n sanitaria, una especializaci\u00f3n de 15 a\u00f1os que desarroll\u00f3 desde el momento que sali\u00f3 de la universidad. Aquella vez obtuvo una beca para su pr\u00e1ctica laboral en un hospital que ten\u00eda la especialidad de trasplantes de coraz\u00f3n, cirug\u00edas e investigaci\u00f3n contra el c\u00e1ncer, y todo ese contenido cient\u00edfico fue su motivaci\u00f3n, porque dec\u00eda que quer\u00eda ser portadora de buenas noticias.<\/i><\/span><\/p>\n<div>\n<p><span style=\"color: #000000;\"><i>Tras su paso por el hospital, Dominica ejerci\u00f3 su labor en un peri\u00f3dico local, donde ten\u00eda que producir contenidos de \u00edndole pol\u00edtico, pero siempre daba sus pinceladas de salud, \u00e1rea que la apasiona. Luego trabaj\u00f3 en un canal de televisi\u00f3n donde cubr\u00eda noticias sanitarias y lograba hacer coberturas dentro los quir\u00f3fanos; esa experiencia le abri\u00f3 la oportunidad de llegar a su trabajo actual, en una instituci\u00f3n de salud.<\/i><\/span><\/p>\n<\/div>\n<div>\n<p><span style=\"color: #000000;\"><i>Dominica tuvo que actualizarse con nuevas tecnolog\u00edas, aprender de contenidos m\u00e9dicos, por ejemplo, sobre c\u00f3mo se interviene el c\u00e1ncer, cu\u00e1les son las pruebas diagn\u00f3sticas y otros detalles que tienen que ver con la terminolog\u00eda m\u00e9dica.<\/i><\/span><\/p>\n<\/div>\n<div>\n<p><span style=\"color: #000000;\">\u201cSoy periodista de comunicaci\u00f3n sanitaria, me encanta contar cosas, hablar de cosas. El 95% de mis contenidos est\u00e1n relacionados con la salud\u201d, afirma la experta comunicadora de Espa\u00f1a.<\/span><\/p>\n<div>\n<p><span style=\"color: #000000;\">La especializaci\u00f3n profesional permite desarrollar nuevas habilidades y perfeccionar conocimientos, afirma por su lado Pamela Ilaquita, directora acad\u00e9mica nacional de Posgrado en la Universidad Franz Tamayo.<\/span><\/p>\n<\/div>\n<div>\n<p><span style=\"color: #000000;\">\u201cEs necesario que podamos responder a la par de los cambios, nos ha shockeado cuando no est\u00e1bamos preparados. Es fundamental que vayamos actualiz\u00e1ndonos, no solamente de contenidos t\u00e9cnicos, sino en temas de habilidades. Las instituciones de educaci\u00f3n superior garantizar\u00e1n que puedan desarrollar estas habilidades\u201d, afirma la acad\u00e9mica.<\/span><\/p>\n<div>\n<p><span style=\"color: #000000;\">Seg\u00fan un estudio de la plataforma Linkedin, los siete empleos con mayor auge en Latinoam\u00e9rica en 2023 son el representante de desarrollo de ventas, que es solicitado en educaci\u00f3n, tecnolog\u00eda, medios de comunicaci\u00f3n, servicios profesionales y financieros.<\/span><\/p>\n<\/div>\n<div>\n<p><span style=\"color: #000000;\">Luego, ingeniero de datos, que tiene demanda en medios de comunicaci\u00f3n, servicios financieros, tecnolog\u00eda, manufactura o venta minorista. El tercer empleo demandado es especialista en satisfacci\u00f3n al cliente, al que buscan para servicios profesionales, financieros, tecnolog\u00eda o medios de comunicaci\u00f3n.<\/span><\/p>\n<\/div>\n<div>\n<p><span style=\"color: #000000;\">El ingeniero site reliability engineer es demandado para venta minorista, servicios profesionales, medios de comunicaci\u00f3n, servicios financieros, tecnolog\u00eda o manufactura. En tanto, el representante de desarrollo empresarial es requerido por crear lazos con posibles aliados o clientes.<\/span><\/p>\n<\/div>\n<div>\n<p><span style=\"color: #000000;\">El analista de ciberseguridad es requerido en los \u00e1mbitos de tecnolog\u00eda, medios de comunicaci\u00f3n, servicios financieros o profesionales. Y, la demanda de un desarrollador Back End es porque crea u optimiza aplicaciones, bases de datos y servidores para que la experiencia de usuario mejore.<\/span><\/p>\n<\/div>\n<div>\n<p><span style=\"color: #000000;\">\u201cHay varias formas de buscar perfeccionamiento: en instituciones, s\u00ed, hay opciones que se presentan de buscar un coaching, un mentor, de insertarse en proyectos; es una capacitaci\u00f3n aut\u00f3noma, propia, de lo que tenemos como visi\u00f3n, lo que demanda el pa\u00eds\u201d, sostiene Ilaquita.<\/span><\/p>\n<div>\n<p><span style=\"color: #000000;\">La profesional entrevistada enfatiza que la especializaci\u00f3n tiene su propia metodolog\u00eda y es en tal virtud que requiere de conocimiento e informaci\u00f3n aplicada. \u201cDentro de la educaci\u00f3n superior tenemos dos esquemas, una es la educaci\u00f3n continua, que abarca todo lo que son cursos, talleres, seminarios; programas cortos. Y est\u00e1 la posgradual\u201d, agrega.<\/span><\/p>\n<\/div>\n<div>\n<p><span style=\"color: #000000;\">Las nuevas tecnolog\u00edas favorecen a la especializaci\u00f3n profesional. Ilaquita asegura que se rompieron fronteras con las plataformas virtuales, que permiten contar con docentes internacionales; tener sesiones \u2018espejo\u2019 y otros cursos h\u00edbridos, de participaci\u00f3n presencial y virtual.<\/span><\/p>\n<\/div>\n<div>\n<p><span style=\"color: #000000;\">\u201cPor otro lado est\u00e1 el tema de que la sociedad es cambiante, aparecen nuevas \u00e1reas, la tecnolog\u00eda va avanzando, es lo que llamamos analfabeto tecnol\u00f3gicamente. Necesitas poder entrar a capacitaciones cortas, ah\u00ed entra el tema de especializaci\u00f3n, permite entrar a esas habilidades. En un emprendimiento, igual, entran herramientas tecnol\u00f3gicas, si es en el mercado, entra inteligencia artificial\u201d, sostiene la acad\u00e9mica de Unifranz.<\/span><\/p>\n<\/div>\n<div>\n<p><span style=\"color: #000000;\">La decisi\u00f3n de especializarse responde a una intenci\u00f3n expresa del profesional, uno debe buscar la oferta que le genera mayor inter\u00e9s y actuar en funci\u00f3n de sus requerimientos. Ilaquita menciona que una de las falencias en Bolivia es la menor oferta de especialidades en medicina y muchos profesionales optan por salir del pa\u00eds.<\/span><\/p>\n<div>\n<p><span style=\"color: #000000;\">Es importante fusionar la pr\u00e1ctica con la especializaci\u00f3n. Las habilidades se pueden desarrollar desde niveles de estudio y formaci\u00f3n anteriores a la universidad; pero, esto no implica el empirismo como naturaleza de especializaci\u00f3n, sino que requiere de la metodolog\u00eda de conocimiento que se obtiene a partir de capacitaciones.<\/span><\/p>\n<\/div>\n<div>\n<p><span style=\"color: #000000;\"><b>\u00bfQu\u00e9 beneficios tiene la especializaci\u00f3n?<\/b><\/span><\/p>\n<\/div>\n<div>\n<p><span style=\"color: #000000;\">Ilaquita menciona que el profesional que desarrolla una especializaci\u00f3n puede garantizar el hecho de insertarse en el mercado laboral, aportar a las empresas, que vaya un paso adelante del resto.<\/span><\/p>\n<\/div>\n<div>\n<p><span style=\"color: #000000;\">\u201cLas empresas buscan personas con habilidades humanas, competencias, habilidades en \u00e1reas espec\u00edficas, no est\u00e1n buscando \u2018tod\u00f3logos\u2019 multidisciplinarios, sino profesionales que est\u00e9n especializados en tareas, trabajos espec\u00edficos\u201d, enfatiza la entrevistada.<\/span><\/p>\n<\/div>\n<div>\n<p><span style=\"color: #000000;\">Para todo profesional, las herramientas b\u00e1sicas que requiere, seg\u00fan Ilaquita, son las habilidades de administraci\u00f3n, tecnolog\u00eda, habilidades personales y competencias que pueda insertar para ser flexibles a los cambios.<\/span><\/p>\n<p><span style=\"color: #000000;\">Sostiene que un profesional con especializaci\u00f3n se adapta de mejor manera a los cambios. \u201cEs que est\u00e1n insertos en el mercado; estamos hablando de especialistas en generar redes de contactos, experiencias pr\u00e1cticas, ir m\u00e1s all\u00e1\u201d.<\/span><\/p>\n<\/div>\n<\/div>\n<\/div>\n<\/div>\n<\/div>\n<\/div>","protected":false},"excerpt":{"rendered":"<p>Por Dennis Luizaga Actualmente, el campo profesional presenta un sinf\u00edn de perfiles que compiten por un espacio en el mercado laboral. S\u00f3lo aquellos que logran perfeccionar sus conocimientos podr\u00e1n distinguirse del resto y para este objetivo es necesario especializar las habilidades en un aprendizaje continuo. Los cursos, talleres, seminarios, congresos y posgrados son importantes para &hellip; <a href=\"https:\/\/unifranz.edu.bo\/pt\/blog\/especializacion-profesional-la-clave-para-perfeccionar-el-conocimiento\/\">Continued<\/a><\/p>","protected":false},"author":45,"featured_media":141306,"comment_status":"open","ping_status":"open","sticky":false,"template":"","format":"standard","meta":{"_acf_changed":false,"footnotes":""},"categories":[60,5220,1862,1004,2996,1708,1924],"tags":[2242,4752,1598,160,4968],"class_list":["post-141305","post","type-post","status-publish","format-standard","has-post-thumbnail","hentry","category-blog","category-disrupcion","category-educacion","category-estudiantes","category-informacion","category-innovacion","category-postgrado","tag-educacion-del-presente","tag-educacion-transformadora","tag-especializacion","tag-formacion","tag-posgrado"],"acf":[],"_links":{"self":[{"href":"https:\/\/unifranz.edu.bo\/pt\/wp-json\/wp\/v2\/posts\/141305","targetHints":{"allow":["GET"]}}],"collection":[{"href":"https:\/\/unifranz.edu.bo\/pt\/wp-json\/wp\/v2\/posts"}],"about":[{"href":"https:\/\/unifranz.edu.bo\/pt\/wp-json\/wp\/v2\/types\/post"}],"author":[{"embeddable":true,"href":"https:\/\/unifranz.edu.bo\/pt\/wp-json\/wp\/v2\/users\/45"}],"replies":[{"embeddable":true,"href":"https:\/\/unifranz.edu.bo\/pt\/wp-json\/wp\/v2\/comments?post=141305"}],"version-history":[{"count":2,"href":"https:\/\/unifranz.edu.bo\/pt\/wp-json\/wp\/v2\/posts\/141305\/revisions"}],"predecessor-version":[{"id":141492,"href":"https:\/\/unifranz.edu.bo\/pt\/wp-json\/wp\/v2\/posts\/141305\/revisions\/141492"}],"wp:featuredmedia":[{"embeddable":true,"href":"https:\/\/unifranz.edu.bo\/pt\/wp-json\/wp\/v2\/media\/141306"}],"wp:attachment":[{"href":"https:\/\/unifranz.edu.bo\/pt\/wp-json\/wp\/v2\/media?parent=141305"}],"wp:term":[{"taxonomy":"category","embeddable":true,"href":"https:\/\/unifranz.edu.bo\/pt\/wp-json\/wp\/v2\/categories?post=141305"},{"taxonomy":"post_tag","embeddable":true,"href":"https:\/\/unifranz.edu.bo\/pt\/wp-json\/wp\/v2\/tags?post=141305"}],"curies":[{"name":"wp","href":"https:\/\/api.w.org\/{rel}","templated":true}]}}