{"id":141284,"date":"2023-08-25T12:26:29","date_gmt":"2023-08-25T16:26:29","guid":{"rendered":"https:\/\/unifranz.edu.bo\/?p=141284"},"modified":"2023-08-27T20:31:11","modified_gmt":"2023-08-28T00:31:11","slug":"la-comunicacion-asertiva-combatir-el-bullying","status":"publish","type":"post","link":"https:\/\/unifranz.edu.bo\/pt\/blog\/la-comunicacion-asertiva-combatir-el-bullying\/","title":{"rendered":"La comunicaci\u00f3n asertiva la herramienta esencial para combatir\u00a0 el bullying"},"content":{"rendered":"<p><span style=\"color: #000000;\">Por Luis Escobar y Andr\u00e9s Zankis<\/span><\/p>\n<p><span style=\"font-weight: 400; color: #000000;\">La vida de Carlitos dio un giro radical en s\u00f3lo tres meses y pas\u00f3 de ser uno de los mejores estudiantes en su Beni natal a bajar sus calificaciones en su colegio de Santa Cruz. Los padres hallaron notas de insultos y amenazas de los compa\u00f1eros de su hijo de 12 a\u00f1os porque el \u201cnuevo\u201d no pod\u00eda tener mejores promedios.\u00a0<\/span><\/p>\n<p><span style=\"font-weight: 400; color: #000000;\">Carlitos era v\u00edctima de bullying o acoso escolar que es un tipo de comportamiento violento e intimidatorio que se ejerce de manera verbal, f\u00edsica o psicol\u00f3gica entre ni\u00f1os y adolescentes en la etapa escolar. Para Sara Yoshino, psicopedagoga y jefa de la unidad de Ense\u00f1anza Aprendizaje de Unifranz, la comunicaci\u00f3n asertiva es la herramienta fundamental que los docentes, educadores y padres de familia deben dominar para lograr comunicarse con las v\u00edctimas de este tipo de abuso.\u00a0<\/span><\/p>\n<p><span style=\"font-weight: 400; color: #000000;\">\u201cLos educadores guiamos y orientamos a los estudiantes en su proceso de aprender. Adem\u00e1s, somos los modelos a seguir en el ambiente educativo y responsables de generar un ambiente positivo y llevadero que promueva el aprendizaje\u201d, puntualiz\u00f3.<\/span><\/p>\n<p><span style=\"font-weight: 400; color: #000000;\">No establecer una comunicaci\u00f3n respetuosa y amigable puede ocasionar diferentes dificultades en las unidades educativas como el bullying. \u201cLa comunicaci\u00f3n asertiva tiene que ser sostenida por los docentes porque son ellos quienes deben establecer los l\u00edmites en el ambiente educativo, generar confianza a fin de evitar situaciones de violencia\u201d, asegura Yoshino.<\/span><\/p>\n<p><span style=\"color: #000000;\"><b>\u00bfQu\u00e9 es comunicaci\u00f3n asertiva?<\/b><\/span><\/p>\n<p><span style=\"font-weight: 400; color: #000000;\">El arte de una convivencia pac\u00edfica encierra un conjunto de destrezas y capacidades que los j\u00f3venes asumen para llegar a acuerdos. En ese proceso se desarrollan las habilidades blandas como la comunicaci\u00f3n asertiva, empat\u00eda y la colaboraci\u00f3n que son necesarias para el normal desarrollo de los estudiantes.<\/span><\/p>\n<p><span style=\"font-weight: 400; color: #000000;\">Este tipo de comunicaci\u00f3n no trata de vencer ni amedrentar a la contraparte, sino de encontrar una zona de ganancias. Es un arte porque no hay una f\u00f3rmula r\u00edgida, pues requiere creatividad, adaptabilidad y la habilidad de ver las cosas desde m\u00faltiples perspectivas.<\/span><\/p>\n<p><span style=\"font-weight: 400; color: #000000;\">La comunicaci\u00f3n asertiva ayuda a resolver conflictos de forma pac\u00edfica y constructiva, y permite evitar la violencia, el resentimiento o la frustraci\u00f3n que son causas que generan estados de violencia como el bullying.\u00a0<\/span><\/p>\n<p><span style=\"font-weight: 400; color: #000000;\">Un estudio realizado por Unicef en Bolivia refleja que el 29% de los infantes cuenta a sus padres la situaci\u00f3n de violencia por la que est\u00e1n pasando, un 27% lo comenta a sus amigos, el 13% a sus profesores, el 14% no dice nada a nadie, y el restante 17% lo comenta a otros familiares cercanos.<\/span><\/p>\n<p><span style=\"font-weight: 400; color: #000000;\">Lina Beltr\u00e1n, jefe de Educaci\u00f3n de Unicef Bolivia, en ocasi\u00f3n del d\u00eda mundial de la infancia, asegur\u00f3\u00a0 que el 40% de los casos de acosos dentro de las unidades educativas se presentan en lugares donde no hay profesores como corredores o ba\u00f1os. \u201cEn el pa\u00eds, cuatro de cada diez estudiantes sufren acoso escolar. Este es el grupo de ni\u00f1os que sufren en silencio y tienen tendencia a padecer depresi\u00f3n, auto lesiones e incluso llegar a atentar contra su vida\u201d, explic\u00f3<\/span><\/p>\n<p><span style=\"color: #000000;\"><b>\u00bfC\u00f3mo evitar el bullying en los colegios?<\/b><\/span><\/p>\n<p><span style=\"font-weight: 400; color: #000000;\">Yoshino recomienda trabajar con un profesional que sea el mediador en casos de bullying en las aulas. Esta persona debe abordar el tema con los padres, docentes y la direcci\u00f3n de la instituci\u00f3n. \u201cEs un trabajo en conjunto y coordinado con los padres de familia. El hogar es y debe ser la cuna de la educaci\u00f3n en valores y el desarrollo de la personalidad. Nosotros como educadores, acompa\u00f1amos y potenciamos su formaci\u00f3n\u201d, asegura.<\/span><\/p>\n<p><span style=\"font-weight: 400; color: #000000;\">Por su parte, los docentes deben evitar favoritismos y preferencias, no emplear \u201cni en broma\u201d frases o comentarios sobre el aspecto f\u00edsico, condici\u00f3n y otros sobre cualquiera de sus estudiantes. Tampoco debe colocar como ejemplo el caso de ning\u00fan joven o adolescente.<\/span><\/p>\n<p><span style=\"font-weight: 400; color: #000000;\">La Fundaci\u00f3n Educo recomienda que educar a los peque\u00f1os desde edades tempranas es una de las mejores maneras de prevenir el bullying o frenar una situaci\u00f3n de acoso. Advierte que si no hay c\u00f3mplices, la posici\u00f3n del bullying se debilita y la de la v\u00edctima se fortalece al estar acompa\u00f1ada.<\/span><\/p>\n<p><span style=\"font-weight: 400; color: #000000;\">El plantel docente del colegio Isabel Saavedra en Santa Cruz,\u00a0 61 maestros de primaria y secundaria, trabajaron en un taller organizado por Unifranz, sus habilidades en comunicaci\u00f3n asertiva, con el objetivo de usarla como herramienta para reducir niveles de violencia en entornos educativos.<\/span><\/p>","protected":false},"excerpt":{"rendered":"<p>Por Luis Escobar y Andr\u00e9s Zankis La vida de Carlitos dio un giro radical en s\u00f3lo tres meses y pas\u00f3 de ser uno de los mejores estudiantes en su Beni natal a bajar sus calificaciones en su colegio de Santa Cruz. Los padres hallaron notas de insultos y amenazas de los compa\u00f1eros de su hijo &hellip; <a href=\"https:\/\/unifranz.edu.bo\/pt\/blog\/la-comunicacion-asertiva-combatir-el-bullying\/\">Continued<\/a><\/p>","protected":false},"author":45,"featured_media":141285,"comment_status":"open","ping_status":"open","sticky":false,"template":"","format":"standard","meta":{"_acf_changed":false,"footnotes":""},"categories":[60,2186,5164,1662,1862,3142,2858,3078,2194,5060,5154,1782],"tags":[4078,5424,5426,386,164,506,240,5428,1068],"class_list":["post-141284","post","type-post","status-publish","format-standard","has-post-thumbnail","hentry","category-blog","category-carreras-es","category-comunicacion","category-docentes","category-educacion","category-informacion-es","category-innovacion-en-educacion","category-padres","category-psicologia","category-psicoterapia","category-psiquiatria","category-unifranz","tag-bullying","tag-comunicacion-asertica","tag-escolares","tag-estudiantes","tag-jovenes","tag-ninos","tag-psicologia","tag-unifrannz","tag-violencia"],"acf":[],"_links":{"self":[{"href":"https:\/\/unifranz.edu.bo\/pt\/wp-json\/wp\/v2\/posts\/141284","targetHints":{"allow":["GET"]}}],"collection":[{"href":"https:\/\/unifranz.edu.bo\/pt\/wp-json\/wp\/v2\/posts"}],"about":[{"href":"https:\/\/unifranz.edu.bo\/pt\/wp-json\/wp\/v2\/types\/post"}],"author":[{"embeddable":true,"href":"https:\/\/unifranz.edu.bo\/pt\/wp-json\/wp\/v2\/users\/45"}],"replies":[{"embeddable":true,"href":"https:\/\/unifranz.edu.bo\/pt\/wp-json\/wp\/v2\/comments?post=141284"}],"version-history":[{"count":2,"href":"https:\/\/unifranz.edu.bo\/pt\/wp-json\/wp\/v2\/posts\/141284\/revisions"}],"predecessor-version":[{"id":141493,"href":"https:\/\/unifranz.edu.bo\/pt\/wp-json\/wp\/v2\/posts\/141284\/revisions\/141493"}],"wp:featuredmedia":[{"embeddable":true,"href":"https:\/\/unifranz.edu.bo\/pt\/wp-json\/wp\/v2\/media\/141285"}],"wp:attachment":[{"href":"https:\/\/unifranz.edu.bo\/pt\/wp-json\/wp\/v2\/media?parent=141284"}],"wp:term":[{"taxonomy":"category","embeddable":true,"href":"https:\/\/unifranz.edu.bo\/pt\/wp-json\/wp\/v2\/categories?post=141284"},{"taxonomy":"post_tag","embeddable":true,"href":"https:\/\/unifranz.edu.bo\/pt\/wp-json\/wp\/v2\/tags?post=141284"}],"curies":[{"name":"wp","href":"https:\/\/api.w.org\/{rel}","templated":true}]}}