{"id":141283,"date":"2023-08-25T12:52:27","date_gmt":"2023-08-25T16:52:27","guid":{"rendered":"https:\/\/unifranz.edu.bo\/?p=141283"},"modified":"2023-08-25T12:57:30","modified_gmt":"2023-08-25T16:57:30","slug":"fotografia-el-arte-de-dibujar-con-la-luz","status":"publish","type":"post","link":"https:\/\/unifranz.edu.bo\/pt\/blog\/fotografia-el-arte-de-dibujar-con-la-luz\/","title":{"rendered":"Fotograf\u00eda, el arte de dibujar con la luz"},"content":{"rendered":"<div>\n<p><span style=\"color: #000000;\"><i>\u201cNo haces fotograf\u00eda s\u00f3lo con la c\u00e1mara. La haces con todas las im\u00e1genes que has visto, con todos los libros que has le\u00eddo, con toda la m\u00fasica que has escuchado, y con toda la gente a la que has amado\u201d<\/i>, dec\u00eda Ansel Adams (1902-1984), apasionado fot\u00f3grafo de naturaleza.<\/span><\/p>\n<\/div>\n<div>\n<p><span style=\"color: #000000;\">Para Adams, considerado uno de los primeros ecologistas de la historia, la c\u00e1mara no es lo que m\u00e1s importa, sino es el fot\u00f3grafo; es decir, el artista es el fot\u00f3grafo que plasma sus vivencias en cada una de las fotos que retrata.<\/span><\/p>\n<\/div>\n<div>\n<p><span style=\"color: #000000;\">El pasado 19 de agosto, el mundo celebr\u00f3 el D\u00eda de la Fotograf\u00eda, en conmemoraci\u00f3n a la invenci\u00f3n del daguerrotipo, considerado la primera pr\u00e1ctica del proceso fotogr\u00e1fico en el mundo.<\/span><\/p>\n<div>\n<p><span style=\"color: #000000;\">Eduardo Ascarrunz Lemon, comunicador social y docente de la carrera de Marketing y Publicidad de la Universidad Franz Tamayo, Unifranz, asegura que la fotograf\u00eda es el arte de dibujar con la luz, \u201cuna t\u00e9cnica que captura una esencia espec\u00edfica de la imagen en un tiempo y espacio determinado\u201d.<\/span><\/p>\n<\/div>\n<div>\n<p><span style=\"color: #000000;\">La fotograf\u00eda es un conjunto de datos simult\u00e1neos, porque en un cuadro se pueden identificar: luz, sombra, color, distancia y formas, entre otros. En cambio, el texto es una fuente informativa lineal que establece c\u00f3digos espec\u00edficos para su decodificaci\u00f3n posterior.<\/span><\/p>\n<\/div>\n<div>\n<p><span style=\"color: #000000;\">En ese contexto, la fotograf\u00eda comunica m\u00e1s de lo esperado; en cambio, la redacci\u00f3n discrimina seg\u00fan el idioma que se utilice. Por ejemplo, si un texto est\u00e1 escrito en chino mandar\u00edn o \u00e1rabe dif\u00edcilmente ser\u00e1 comprendido o interpretado por personas que solo hablan el idioma espa\u00f1ol, en cambio con la fotograf\u00eda no pasa lo mismo, por lo que se la puede considerar universal, al igual que la m\u00fasica.\u00a0<\/span><\/p>\n<div>\n<p><span style=\"color: #000000;\">\u201cEn algunos escenarios fotogr\u00e1ficos, como la publicidad y el periodismo, la imagen y el texto se necesitan y se complementan como soporte comercial e informativo, reforzando a\u00fan m\u00e1s el concepto que llega a un p\u00fablico determinado\u201d, especifica.<\/span><\/p>\n<\/div>\n<div>\n<p><span style=\"color: #000000;\">Lo m\u00e1s importante y sobresaliente de la fotograf\u00eda, seg\u00fan Ascarrunz, es buscar un tema espec\u00edfico para ser \u201cnarrado\u201d visualmente, ya que por medio de la misma se transmite un estado an\u00edmico al perceptor de manera inmediata.<\/span><\/p>\n<p><img loading=\"lazy\" decoding=\"async\" class=\"wp-image-141289 aligncenter\" src=\"https:\/\/unifranz.edu.bo\/wp-content\/uploads\/2023\/08\/unifranz-_179853828_763x300-300x171.png\" alt=\"\" width=\"549\" height=\"313\" srcset=\"https:\/\/unifranz.edu.bo\/wp-content\/uploads\/2023\/08\/unifranz-_179853828_763x300-300x171.png 300w, https:\/\/unifranz.edu.bo\/wp-content\/uploads\/2023\/08\/unifranz-_179853828_763x300-18x10.png 18w, https:\/\/unifranz.edu.bo\/wp-content\/uploads\/2023\/08\/unifranz-_179853828_763x300.png 763w\" sizes=\"auto, (max-width: 549px) 100vw, 549px\" \/><\/p>\n<div>\n<p><span style=\"color: #000000;\"><b>La fotograf\u00eda es un arte<\/b><\/span><\/p>\n<\/div>\n<div>\n<p><span style=\"color: #000000;\">Tanto t\u00e9cnicamente como narrativamente, la fotograf\u00eda es un arte que condensa y paraliza un momento indicado mostrando realidades diversas. Se podr\u00eda decir que es una representaci\u00f3n art\u00edstica porque expresa una visi\u00f3n personal.<\/span><\/p>\n<\/div>\n<div>\n<p><span style=\"color: #000000;\">Miguel Oriola, fot\u00f3grafo espa\u00f1ol de la llamada Quinta Generaci\u00f3n y figura clave de la fotograf\u00eda de los a\u00f1os 70, 80 y 90, del siglo pasado sostiene que \u201c<i>la fotograf\u00eda es hoy el arte. Y como el arte, libre. El artista construye im\u00e1genes lentas que se oponen a la est\u00e9tica de la instant\u00e1nea. (\u2026). La fotograf\u00eda pasa a ser el soporte donde el autor expresa su discurso y no el objeto de adoraci\u00f3n por sus gamas de grises y otros alardes t\u00e9cnicos o compositivos<\/i>\u201d.<\/span><\/p>\n<\/div>\n<div>\n<p><span style=\"color: #000000;\">Es decir, en la fotograf\u00eda, como todo arte, el concepto y la coherencia del discurso toman una importancia relevante a la hora de crear.<\/span><\/p>\n<div>\n<p><span style=\"color: #000000;\"><b>La fotograf\u00eda y su impacto en el p\u00fablico<\/b><\/span><\/p>\n<\/div>\n<div>\n<p><span style=\"color: #000000;\">La fotograf\u00eda es una poderosa herramienta para el desarrollo social, capaz de cambiar actitudes y la opini\u00f3n p\u00fablica, ya que las im\u00e1genes comunican y expresan deseos y necesidades, ideas, sensaciones y situaciones sociales, en funci\u00f3n de los h\u00e1bitos de consumo del p\u00fablico.<\/span><\/p>\n<\/div>\n<div>\n<p><span style=\"color: #000000;\">En el mundo, cada sociedad genera constantemente una cultura \u00fanica y costumbres nuevas. Por tal motivo, la fotograf\u00eda tiene renovados retos de percepci\u00f3n e impacto, demogr\u00e1ficamente hablando.<\/span><\/p>\n<\/div>\n<div>\n<p><span style=\"color: #000000;\">T\u00e9cnicamente, Ascarrunz indica que los puntos comunes para que una fotograf\u00eda incida en el perceptor son:<\/span><\/p>\n<\/div>\n<div>\n<p><span style=\"color: #000000;\">\u2022 El tema a ser capturado y su respectiva narrativa<\/span><\/p>\n<\/div>\n<div>\n<p><span style=\"color: #000000;\">\u2022 Calidad y direcci\u00f3n de luz (natural o artificial)<\/span><\/p>\n<\/div>\n<div>\n<p><span style=\"color: #000000;\">\u2022 Tonalidades fr\u00edas o c\u00e1lidas<\/span><\/p>\n<div>\n<p><span style=\"color: #000000;\">\u2022 Profundidad de campo<\/span><\/p>\n<\/div>\n<div>\n<p><span style=\"color: #000000;\">\u2022 Selecci\u00f3n de objetivos (lentes)<\/span><\/p>\n<\/div>\n<div>\n<p><span style=\"color: #000000;\">Composici\u00f3n de cuadro con las directrices cl\u00e1sicas \u201cM\u00e1s que la fotograf\u00eda, como recurso t\u00e9cnico y tecnol\u00f3gico, es la percepci\u00f3n humana que manipula la c\u00e1mara, ya que la misma coloca su adiestramiento te\u00f3rico, pr\u00e1ctico, experiencial y vivencial para capturar un momento \u00fanico en escena\u201d, dice el acad\u00e9mico, a tiempo de agregar que la generaci\u00f3n de estados an\u00edmicos en el p\u00fablico depender\u00e1 de otros elementos, como la reflexi\u00f3n, la a\u00f1oranza o, simplemente, la curiosidad.<\/span><\/p>\n<\/div>\n<\/div>\n<div>\n<p>&nbsp;<\/p>\n<\/div>\n<\/div>\n<\/div>\n<\/div>\n<\/div>","protected":false},"excerpt":{"rendered":"<p>\u201cNo haces fotograf\u00eda s\u00f3lo con la c\u00e1mara. La haces con todas las im\u00e1genes que has visto, con todos los libros que has le\u00eddo, con toda la m\u00fasica que has escuchado, y con toda la gente a la que has amado\u201d, dec\u00eda Ansel Adams (1902-1984), apasionado fot\u00f3grafo de naturaleza. Para Adams, considerado uno de los primeros &hellip; <a href=\"https:\/\/unifranz.edu.bo\/pt\/blog\/fotografia-el-arte-de-dibujar-con-la-luz\/\">Continued<\/a><\/p>","protected":false},"author":45,"featured_media":141290,"comment_status":"open","ping_status":"open","sticky":false,"template":"","format":"standard","meta":{"_acf_changed":false,"footnotes":""},"categories":[3172,60,2726,1862,5430,1708,2184],"tags":[244,3298,472,4466,1022],"class_list":["post-141283","post","type-post","status-publish","format-standard","has-post-thumbnail","hentry","category-aprendizaje","category-blog","category-creatividad","category-educacion","category-fotografia","category-innovacion","category-publicidad-y-marketing","tag-arte","tag-carrera-de-marketing-y-publicidad","tag-educacion-superior","tag-fotografo","tag-marketing-y-publicidad"],"acf":[],"_links":{"self":[{"href":"https:\/\/unifranz.edu.bo\/pt\/wp-json\/wp\/v2\/posts\/141283","targetHints":{"allow":["GET"]}}],"collection":[{"href":"https:\/\/unifranz.edu.bo\/pt\/wp-json\/wp\/v2\/posts"}],"about":[{"href":"https:\/\/unifranz.edu.bo\/pt\/wp-json\/wp\/v2\/types\/post"}],"author":[{"embeddable":true,"href":"https:\/\/unifranz.edu.bo\/pt\/wp-json\/wp\/v2\/users\/45"}],"replies":[{"embeddable":true,"href":"https:\/\/unifranz.edu.bo\/pt\/wp-json\/wp\/v2\/comments?post=141283"}],"version-history":[{"count":1,"href":"https:\/\/unifranz.edu.bo\/pt\/wp-json\/wp\/v2\/posts\/141283\/revisions"}],"predecessor-version":[{"id":141291,"href":"https:\/\/unifranz.edu.bo\/pt\/wp-json\/wp\/v2\/posts\/141283\/revisions\/141291"}],"wp:featuredmedia":[{"embeddable":true,"href":"https:\/\/unifranz.edu.bo\/pt\/wp-json\/wp\/v2\/media\/141290"}],"wp:attachment":[{"href":"https:\/\/unifranz.edu.bo\/pt\/wp-json\/wp\/v2\/media?parent=141283"}],"wp:term":[{"taxonomy":"category","embeddable":true,"href":"https:\/\/unifranz.edu.bo\/pt\/wp-json\/wp\/v2\/categories?post=141283"},{"taxonomy":"post_tag","embeddable":true,"href":"https:\/\/unifranz.edu.bo\/pt\/wp-json\/wp\/v2\/tags?post=141283"}],"curies":[{"name":"wp","href":"https:\/\/api.w.org\/{rel}","templated":true}]}}