{"id":141256,"date":"2023-08-23T17:59:45","date_gmt":"2023-08-23T21:59:45","guid":{"rendered":"https:\/\/unifranz.edu.bo\/?p=141256"},"modified":"2023-08-23T17:59:45","modified_gmt":"2023-08-23T21:59:45","slug":"solo-3-de-cada-10-mujeres-denuncian-violencia-y-solo-el-1-llega-a-sentencia","status":"publish","type":"post","link":"https:\/\/unifranz.edu.bo\/pt\/blog\/solo-3-de-cada-10-mujeres-denuncian-violencia-y-solo-el-1-llega-a-sentencia\/","title":{"rendered":"S\u00f3lo 3 de cada 10 mujeres denuncian violencia y s\u00f3lo el 1% llega a sentencia"},"content":{"rendered":"<p><span style=\"color: #000000;\">El n\u00famero de denuncias de violencia contra las mujeres van en descenso, pero el de casos de violaciones e infanticidios est\u00e1n en pleno incremento, tal como alert\u00f3 la Alcald\u00eda de Cochabamba. La Fundaci\u00f3n Voces Libres, incluso, asegur\u00f3 que tres de cada siete mujeres denuncian violencia y s\u00f3lo el 1% de ellas llega a una sentencia.<\/span><\/p>\n<p><span style=\"color: #000000;\">\u201cSi nos referimos a las estad\u00edsticas (de violencia) vemos que existe un crecimiento y lo que nos preocupa much\u00edsimo es que advertimos un descenso respecto a las denuncias. Este es un grave problema porque la acusaci\u00f3n es el margen fundamental para evitar los feminicidios e infanticidios, e incluso parricidios en adultos mayores\u201d, explic\u00f3 Tatiana Herrera, directora de G\u00e9nero, Generacional y Familia de la Alcald\u00eda de Cercado.<\/span><\/p>\n<p><span style=\"color: #000000;\">Un estudio encargado por los Servicios Legales Integrales (SLIM) de Cochabamba revela que los datos de violencia entre enero y julio del 2022 alcanzaron a 1.631, de los cuales, los que tienen mayor prevalencia son la patrimonial y econ\u00f3mica, con un 54% (895 casos); en segundo lugar se encuentra la violencia psicol\u00f3gica, con 22% (357 casos) y violencia f\u00edsica, con un 13% (215 casos). En menor medida se halla la violencia sexual con 53 casos y la violencia familiar con 99 denuncias.<\/span><\/p>\n<p><span style=\"color: #000000;\">Pese a que las denuncias por violencia patrimonial o econ\u00f3mica tienen el mayor porcentaje es la que desconocen las mujeres como reconoci\u00f3, Marianela Salazar, docente de la carrera de Derecho Municipal de la Universidad Franz Tamayo (Unifranz) de Cochabamba. El a\u00f1o pasado particip\u00f3 con sus estudiantes del proyecto denominado \u2018De puerta a puerta\u2019, de Voces Libres. Los j\u00f3venes informaron a hombres y mujeres de la zona Sur de Cochabamba y Sacaba las consecuencias de tener una casa donde se ejerce violencia y tambi\u00e9n realizaron cerca de 8.000 encuestas al respecto.<\/span><\/p>\n<p><span style=\"color: #000000;\">Dos de las principales razones de violencia son la falta de educaci\u00f3n y la dependencia econ\u00f3mica. En la encuesta se advirti\u00f3 que los hombres reconocieron ejercer violencia econ\u00f3mica tres veces m\u00e1s que las mujeres. Es decir, las mujeres no comprend\u00edan que, al no tener dinero para el mercado, ser amenazadas con no recibir los recursos para cubrir el gasto de los hijos en el colegio u otros problemas, sufr\u00edan de violencia econ\u00f3mica y lo asent\u00edan con normalidad.<\/span><\/p>\n<p><span style=\"color: #000000;\">Mercedes Cortez, coordinadora nacional de la Fundaci\u00f3n Voces Libres, explic\u00f3 que m\u00e1s del 50% de las denuncias que ocupan la carga procesal penal son casos de violencia contra las mujeres y se la cataloga como violencia intrafamiliar o dom\u00e9stica. Este tipo de violencia es ejercida por el esposo, el exesposo, el concubino e incluso el enamorado.<\/span><\/p>\n<p><span style=\"color: #000000;\">\u201cEl 9 de agosto (de este 2023) nos indicaron un incremento del 20% en casos de violencia sexual, sobre todo a menores de edad. En menor cantidad estupro, abuso sexual pero tambi\u00e9n llega a ser la otra mitad de esta carga procesal penal\u201d, afirm\u00f3.<\/span><\/p>\n<p><span style=\"color: #000000;\">La representante tambi\u00e9n reconoci\u00f3 la presencia de una \u201ccifra negra\u201d que es aquella que no se denuncia. \u201cSon estas mujeres que tienen demasiada presi\u00f3n social, dependencia econ\u00f3mica o emocional respecto a su agresor. Por estos factores no presentan nunca una denuncia y viven por d\u00e9cadas con esa persona\u201d.<\/span><\/p>\n<p><span style=\"color: #000000;\">Cuando el sistema de justicia tampoco es eficaz las mujeres pierden credibilidad; es decir, suponen que de nada sirve una denuncia si al final va a terminar en impunidad. De esta forma, cuando las mujeres vuelven a sufrir un hecho de violencia ya no creen en el sistema y no presentan la denuncia.<\/span><\/p>\n<p><span style=\"color: #000000;\">\u201cSeg\u00fan datos de la Fundaci\u00f3n Construir y otras organizaciones demuestran que s\u00f3lo tres de cada 10 mujeres van a realizar una denuncia porque no todas tienen acceso inmediato a la polic\u00eda, la fiscal\u00eda para que las protejan y s\u00f3lo el 1% llegar\u00e1 a sentencia. En el campo, por ejemplo, la violencia se naturaliza y se necesita ampliar los servicios, la comunicaci\u00f3n y los derechos\u201d, agreg\u00f3 Cort\u00e9z.<\/span><\/p>\n<p><span style=\"color: #000000;\">Tambi\u00e9n dijo que se necesita proteger a las mujeres v\u00edctimas de violencia con la implementaci\u00f3n de pol\u00edticas integrales. Por ejemplo, una mujer que rompa el silencio si no tiene una fuente laboral va a volver con su agresor porque no tiene otro ingreso o va a quedar en trabajos informales, mal pagados y con explotaci\u00f3n laboral.<\/span><\/p>\n<p><span style=\"color: #000000;\"><strong>Observatorio contra la Violencia<\/strong><\/span><\/p>\n<p><span style=\"color: #000000;\">La Alcald\u00eda suscribi\u00f3 un convenio con Unifranz Cochabamba para encaminar el Observatorio Municipal de Violencia a Raz\u00f3n de G\u00e9nero. Esta nueva instituci\u00f3n tendr\u00e1 la capacidad de definir estrategias, investigar y obtener estad\u00edsticas de violencia contra las mujeres a trav\u00e9s de comit\u00e9s.<\/span><\/p>\n<p><span style=\"color: #000000;\">El Observatorio estar\u00e1 conformado por cuatro comit\u00e9s: Estrat\u00e9gico, T\u00e9cnico, Tecnol\u00f3gico y Cient\u00edfico. Este \u00faltimo estar\u00e1 integrado por la academia y ser\u00e1 el cual preste asesoramiento y apoyo en la gesti\u00f3n del conocimiento. \u201cPodr\u00e1n proponer la agenda de investigaciones, seleccionar enfoques, difundir, capacitar y encarar abordajes espec\u00edficos para hacer frente a distintas dimensiones del fen\u00f3meno de violencia\u201d, detalla el proyecto de ley que Unifranz entreg\u00f3 el viernes 18 de agosto a la Alcald\u00eda de Cercado.<\/span><\/p>\n<p><span style=\"color: #000000;\">La Alcald\u00eda cumpli\u00f3 con la primera fase como la consultor\u00eda del proyecto para la implementaci\u00f3n del Observatorio. Por su lado, la universidad entreg\u00f3 el proyecto de ley para la creaci\u00f3n de la nueva instituci\u00f3n y ahora ingresan a una segunda fase. \u201cEs la que m\u00e1s me emociona y tiene que ver con la formaci\u00f3n, la composici\u00f3n de este comit\u00e9 cient\u00edfico que va a acompa\u00f1ar al observatorio\u201d, afirm\u00f3 Tatiana Herrera.<\/span><\/p>\n<p><span style=\"color: #000000;\">Adelant\u00f3 que su emplazamiento va a durar entre tres y cuatro a\u00f1os; pero la producci\u00f3n de la parte acad\u00e9mica ya se consolid\u00f3. \u201cEso quiere decir que el levantamiento de datos como la de producci\u00f3n cient\u00edfica ya est\u00e1n en camino y estamos recibiendo lo beneficios iniciados de lo que es el observatorio\u201d.<\/span><\/p>\n<p><span style=\"color: #000000;\">Marianela Salazar, docente de la carrera de Derecho Municipal de Unifranz Cochabamba explic\u00f3 que el proyecto de ley define la estructura, funciones y dependencia administrativa de la nueva instituci\u00f3n. \u201cEstos art\u00edculos dan la posibilidad de que el Observatorio, en un futuro, no s\u00f3lo sea para las mujeres, sino que pueda ampliarse a otras \u00e1reas que maneja el SLIM (Servicios Legales Integrales y Municipales) como personas con discapacidad, de la tercera edad\u201d, afirm\u00f3.<\/span><\/p>\n<p><span style=\"color: #000000;\">En el momento de redactar el proyecto de ley, la profesional y los estudiantes de Unifranz, encontraron interpretaciones distintas a la ley Integral para Garantizar a las Mujeres una Vida libre de Violencia, 348. \u201cVimos que es una problem\u00e1tica y aportaremos -desde la academia- a tener indicadores adecuados para un observatorio municipal que va a ser el primero en el pa\u00eds\u201d, agreg\u00f3.<\/span><\/p>","protected":false},"excerpt":{"rendered":"<p>El n\u00famero de denuncias de violencia contra las mujeres van en descenso, pero el de casos de violaciones e infanticidios est\u00e1n en pleno incremento, tal como alert\u00f3 la Alcald\u00eda de Cochabamba. La Fundaci\u00f3n Voces Libres, incluso, asegur\u00f3 que tres de cada siete mujeres denuncian violencia y s\u00f3lo el 1% de ellas llega a una sentencia. &hellip; <a href=\"https:\/\/unifranz.edu.bo\/pt\/blog\/solo-3-de-cada-10-mujeres-denuncian-violencia-y-solo-el-1-llega-a-sentencia\/\">Continued<\/a><\/p>","protected":false},"author":45,"featured_media":141259,"comment_status":"open","ping_status":"open","sticky":false,"template":"","format":"standard","meta":{"_acf_changed":false,"footnotes":""},"categories":[3172,60,2726,1862,2592,3060,3836],"tags":[4456,4026,1036,2138,5398,2912],"class_list":["post-141256","post","type-post","status-publish","format-standard","has-post-thumbnail","hentry","category-aprendizaje","category-blog","category-creatividad","category-educacion","category-empoderamiento","category-habilidades","category-violencia","tag-alcaldia-de-cochabamba","tag-estudio-de-casos","tag-mujeres","tag-mujeres-influyentes","tag-no-a-la-violencia","tag-no-violencia"],"acf":[],"_links":{"self":[{"href":"https:\/\/unifranz.edu.bo\/pt\/wp-json\/wp\/v2\/posts\/141256","targetHints":{"allow":["GET"]}}],"collection":[{"href":"https:\/\/unifranz.edu.bo\/pt\/wp-json\/wp\/v2\/posts"}],"about":[{"href":"https:\/\/unifranz.edu.bo\/pt\/wp-json\/wp\/v2\/types\/post"}],"author":[{"embeddable":true,"href":"https:\/\/unifranz.edu.bo\/pt\/wp-json\/wp\/v2\/users\/45"}],"replies":[{"embeddable":true,"href":"https:\/\/unifranz.edu.bo\/pt\/wp-json\/wp\/v2\/comments?post=141256"}],"version-history":[{"count":1,"href":"https:\/\/unifranz.edu.bo\/pt\/wp-json\/wp\/v2\/posts\/141256\/revisions"}],"predecessor-version":[{"id":141260,"href":"https:\/\/unifranz.edu.bo\/pt\/wp-json\/wp\/v2\/posts\/141256\/revisions\/141260"}],"wp:featuredmedia":[{"embeddable":true,"href":"https:\/\/unifranz.edu.bo\/pt\/wp-json\/wp\/v2\/media\/141259"}],"wp:attachment":[{"href":"https:\/\/unifranz.edu.bo\/pt\/wp-json\/wp\/v2\/media?parent=141256"}],"wp:term":[{"taxonomy":"category","embeddable":true,"href":"https:\/\/unifranz.edu.bo\/pt\/wp-json\/wp\/v2\/categories?post=141256"},{"taxonomy":"post_tag","embeddable":true,"href":"https:\/\/unifranz.edu.bo\/pt\/wp-json\/wp\/v2\/tags?post=141256"}],"curies":[{"name":"wp","href":"https:\/\/api.w.org\/{rel}","templated":true}]}}