{"id":141233,"date":"2023-08-23T13:48:05","date_gmt":"2023-08-23T17:48:05","guid":{"rendered":"https:\/\/unifranz.edu.bo\/?p=141233"},"modified":"2023-08-23T14:25:36","modified_gmt":"2023-08-23T18:25:36","slug":"dos-decadas-de-innovacion-el-testimonio-de-la-primera-generacion-de-profesionales-unifranz-el-alto","status":"publish","type":"post","link":"https:\/\/unifranz.edu.bo\/pt\/eventos\/dos-decadas-de-innovacion-el-testimonio-de-la-primera-generacion-de-profesionales-unifranz-el-alto\/","title":{"rendered":"Dos d\u00e9cadas de innovaci\u00f3n, el testimonio de la primera generaci\u00f3n de profesionales Unifranz El Alto"},"content":{"rendered":"<p><span style=\"color: #000000;\">La primera generaci\u00f3n de profesionales graduados de la Universidad Franz Tamayo (Unifranz) de El Alto regres\u00f3 al campus luego de dos d\u00e9cadas. Encontraron un lugar \u201cdesconocido\u201d por la nueva infraestructura, destacaron los avances tecnol\u00f3gicos y la innovaci\u00f3n que son pilares de la universidad.<\/span><\/p>\n<p><span style=\"color: #000000;\">\u201cLa Unifranz registr\u00f3 un avance tecnol\u00f3gico importante para la sociedad, para la poblaci\u00f3n estudiantil y para m\u00ed. Me form\u00e9 en estas aulas y verlas ahora signific\u00f3 un impacto que no puedo describir\u201d, declar\u00f3 Ana Georgina Dorado, quien se form\u00f3 en Derecho y ahora es Notaria de Fe P\u00fablica.<\/span><\/p>\n<p><span style=\"color: #000000;\">Unifranz cumpli\u00f3 30 a\u00f1os de vida y alrededor de una treintena de graduados participaron del Encuentro de Primeras Generaciones organizado por Unifranz El Alto. Todos destacaron los avances tecnol\u00f3gicos, la innovaci\u00f3n y la nueva infraestructura que disfrutaron al reunirse con sus compa\u00f1eros, colegas y amigos.<\/span><\/p>\n<p><span style=\"color: #000000;\">El encuentro comenz\u00f3 con un recorrido por los modernos laboratorios, las aulas din\u00e1micas, la nueva cl\u00ednica odontol\u00f3gica y otros espacios que antes no exist\u00edan. Sin embargo, eso no les impidi\u00f3 adquirir una formaci\u00f3n que les permiti\u00f3 enfrentar el complicado mercado laboral.<\/span><\/p>\n<p><span style=\"color: #000000;\">Fue una oportunidad \u00fanica para que los profesionales se reconectaran con la universidad y conocieran, de primera mano, la transformaci\u00f3n y los avances tecnol\u00f3gicos, f\u00edsicos y educativos del campus acad\u00e9mico.<\/span><\/p>\n<p><span style=\"color: #000000;\">El recorrido concluy\u00f3 con el \u00e1rea de laboratorios y Hector Chambi, graduado de odontolog\u00eda en 2003, comparti\u00f3 su sorpresa con los modernos espacios como las sillas de atenci\u00f3n, los maniqu\u00eds de entrenamiento dental y otros elementos pr\u00e1cticos. \u201cMe ense\u00f1aron muchas cosas que hasta hoy no olvido y que me formaron de la mejor manera\u201d. Record\u00f3 a muchos de sus docentes por sus apellidos a quienes agradeci\u00f3 el apoyo como: Clavijo, Mita, Irahola, Arzabe y Rodr\u00edguez.<\/span><\/p>\n<p><span style=\"color: #000000;\">El evento sirvi\u00f3 como un espacio para establecer y fortalecer conexiones profesionales. La oportunidad de networking entre colegas y profesionales de diversas \u00e1reas no s\u00f3lo fue enriquecedora desde el punto de vista profesional, sino que tambi\u00e9n permiti\u00f3 el intercambio de experiencias y perspectivas valiosas.<\/span><\/p>\n<p><span style=\"color: #000000;\">Los graduados fueron bienvenidos a la Red Alumni de profesionales Unifranz y formar\u00e1n parte de la comunidad de exalumnos. Este numeroso grupo tiene el objetivo de servir como un espacio de encuentro, de interconexi\u00f3n entre los exalumnos con un af\u00e1n solidario y colaborativo.<\/span><\/p>\n<p><span style=\"color: #000000;\">La vicerrectora de Unifranz El Alto, Eve Gomez, entreg\u00f3 las plaquetas conmemorativas a los integrantes de la primera generaci\u00f3n de graduados de Unifranz, titulados en el 2003 \u201cpara llevar en alto el nombre de la Universidad\u201d, les dijo. <\/span><br \/>\n<span style=\"color: #000000;\">Adem\u00e1s, Oscar Burgulla Uscamayta, Ana Georgina Dorado, Manuel Alfredo Llanos, Daniel Jes\u00fas Mamani, Armando Pillco Calle y Helaqu\u00edas Valeriano Ayala fueron distinguidos por la carrera de Derecho; y Gonzalo Chambi como Edgar Cahuaya Pongo por la de Odontolog\u00eda.<\/span><\/p>\n<p><span style=\"color: #000000;\">\u201cHoy, al mirar hacia atr\u00e1s, podemos apreciar el impacto que hemos tenido en nuestras comunidades y en diversos \u00e1mbitos profesionales. Ustedes, como egresados de las promociones fundadoras, son un testimonio vivo de nuestro compromiso con la excelencia acad\u00e9mica y la formaci\u00f3n integral\u201d, afirm\u00f3 la autoridad en su discurso.<\/span><\/p>\n<p><span style=\"color: #000000;\">Adem\u00e1s, insto a no mirar \u00fanicamente el pasado, sino tambi\u00e9n hacia adelante. La evoluci\u00f3n constante y las oportunidades de aprendizaje contin\u00faan en Unifranz El Alto, y es emocionante pensar en c\u00f3mo seguiremos influyendo en el futuro. Nuestra universidad sigue creciendo y mejorando, y ustedes, como primeros graduados, son parte esencial de esta historia en constante desarrollo, a\u00f1adi\u00f3 G\u00f3mez.<\/span><\/p>\n<p><img loading=\"lazy\" decoding=\"async\" class=\"alignnone wp-image-141237\" src=\"https:\/\/unifranz.edu.bo\/wp-content\/uploads\/2023\/08\/8-1-1024x683.jpg\" alt=\"\" width=\"583\" height=\"389\" srcset=\"https:\/\/unifranz.edu.bo\/wp-content\/uploads\/2023\/08\/8-1-1024x683.jpg 1024w, https:\/\/unifranz.edu.bo\/wp-content\/uploads\/2023\/08\/8-1-300x200.jpg 300w, https:\/\/unifranz.edu.bo\/wp-content\/uploads\/2023\/08\/8-1-768x512.jpg 768w, https:\/\/unifranz.edu.bo\/wp-content\/uploads\/2023\/08\/8-1-1536x1024.jpg 1536w, https:\/\/unifranz.edu.bo\/wp-content\/uploads\/2023\/08\/8-1-2048x1365.jpg 2048w, https:\/\/unifranz.edu.bo\/wp-content\/uploads\/2023\/08\/8-1-18x12.jpg 18w\" sizes=\"auto, (max-width: 583px) 100vw, 583px\" \/><\/p>\n<p><img loading=\"lazy\" decoding=\"async\" class=\"alignnone wp-image-141238\" src=\"https:\/\/unifranz.edu.bo\/wp-content\/uploads\/2023\/08\/4-1024x683.jpg\" alt=\"\" width=\"585\" height=\"390\" srcset=\"https:\/\/unifranz.edu.bo\/wp-content\/uploads\/2023\/08\/4-1024x683.jpg 1024w, https:\/\/unifranz.edu.bo\/wp-content\/uploads\/2023\/08\/4-300x200.jpg 300w, https:\/\/unifranz.edu.bo\/wp-content\/uploads\/2023\/08\/4-768x512.jpg 768w, https:\/\/unifranz.edu.bo\/wp-content\/uploads\/2023\/08\/4-1536x1024.jpg 1536w, https:\/\/unifranz.edu.bo\/wp-content\/uploads\/2023\/08\/4-2048x1365.jpg 2048w, https:\/\/unifranz.edu.bo\/wp-content\/uploads\/2023\/08\/4-18x12.jpg 18w\" sizes=\"auto, (max-width: 585px) 100vw, 585px\" \/> <img loading=\"lazy\" decoding=\"async\" class=\"alignnone wp-image-141239\" src=\"https:\/\/unifranz.edu.bo\/wp-content\/uploads\/2023\/08\/12-1-1024x683.jpg\" alt=\"\" width=\"584\" height=\"390\" srcset=\"https:\/\/unifranz.edu.bo\/wp-content\/uploads\/2023\/08\/12-1-1024x683.jpg 1024w, https:\/\/unifranz.edu.bo\/wp-content\/uploads\/2023\/08\/12-1-300x200.jpg 300w, https:\/\/unifranz.edu.bo\/wp-content\/uploads\/2023\/08\/12-1-768x512.jpg 768w, https:\/\/unifranz.edu.bo\/wp-content\/uploads\/2023\/08\/12-1-1536x1024.jpg 1536w, https:\/\/unifranz.edu.bo\/wp-content\/uploads\/2023\/08\/12-1-2048x1365.jpg 2048w, https:\/\/unifranz.edu.bo\/wp-content\/uploads\/2023\/08\/12-1-18x12.jpg 18w\" sizes=\"auto, (max-width: 584px) 100vw, 584px\" \/> <img loading=\"lazy\" decoding=\"async\" class=\"alignnone wp-image-141240\" src=\"https:\/\/unifranz.edu.bo\/wp-content\/uploads\/2023\/08\/26-1024x683.jpg\" alt=\"\" width=\"583\" height=\"389\" srcset=\"https:\/\/unifranz.edu.bo\/wp-content\/uploads\/2023\/08\/26-1024x683.jpg 1024w, https:\/\/unifranz.edu.bo\/wp-content\/uploads\/2023\/08\/26-300x200.jpg 300w, https:\/\/unifranz.edu.bo\/wp-content\/uploads\/2023\/08\/26-768x512.jpg 768w, https:\/\/unifranz.edu.bo\/wp-content\/uploads\/2023\/08\/26-1536x1024.jpg 1536w, https:\/\/unifranz.edu.bo\/wp-content\/uploads\/2023\/08\/26-2048x1365.jpg 2048w, https:\/\/unifranz.edu.bo\/wp-content\/uploads\/2023\/08\/26-18x12.jpg 18w\" sizes=\"auto, (max-width: 583px) 100vw, 583px\" \/><\/p>","protected":false},"excerpt":{"rendered":"<p>La primera generaci\u00f3n de profesionales graduados de la Universidad Franz Tamayo (Unifranz) de El Alto regres\u00f3 al campus luego de dos d\u00e9cadas. Encontraron un lugar \u201cdesconocido\u201d por la nueva infraestructura, destacaron los avances tecnol\u00f3gicos y la innovaci\u00f3n que son pilares de la universidad. \u201cLa Unifranz registr\u00f3 un avance tecnol\u00f3gico importante para la sociedad, para la &hellip; <a href=\"https:\/\/unifranz.edu.bo\/pt\/eventos\/dos-decadas-de-innovacion-el-testimonio-de-la-primera-generacion-de-profesionales-unifranz-el-alto\/\">Continued<\/a><\/p>","protected":false},"author":25,"featured_media":141253,"comment_status":"open","ping_status":"open","sticky":false,"template":"","format":"standard","meta":{"_acf_changed":false,"footnotes":""},"categories":[60,2186,1862,302,45,1708,2858,2870,4372,3422,2646,1782],"tags":[1622,39,47,1422,186,56,218,242],"class_list":["post-141233","post","type-post","status-publish","format-standard","has-post-thumbnail","hentry","category-blog","category-carreras-es","category-educacion","category-el-alto","category-eventos","category-innovacion","category-innovacion-en-educacion","category-profesionales","category-reconocimiento","category-trabajo-es","category-transformadores-del-futuro","category-unifranz","tag-carrera-de-medicina","tag-derecho","tag-el-alto","tag-innovacion-en-educacion","tag-odontologia","tag-postgrado","tag-tecnologia","tag-unifranz"],"acf":[],"_links":{"self":[{"href":"https:\/\/unifranz.edu.bo\/pt\/wp-json\/wp\/v2\/posts\/141233","targetHints":{"allow":["GET"]}}],"collection":[{"href":"https:\/\/unifranz.edu.bo\/pt\/wp-json\/wp\/v2\/posts"}],"about":[{"href":"https:\/\/unifranz.edu.bo\/pt\/wp-json\/wp\/v2\/types\/post"}],"author":[{"embeddable":true,"href":"https:\/\/unifranz.edu.bo\/pt\/wp-json\/wp\/v2\/users\/25"}],"replies":[{"embeddable":true,"href":"https:\/\/unifranz.edu.bo\/pt\/wp-json\/wp\/v2\/comments?post=141233"}],"version-history":[{"count":3,"href":"https:\/\/unifranz.edu.bo\/pt\/wp-json\/wp\/v2\/posts\/141233\/revisions"}],"predecessor-version":[{"id":141258,"href":"https:\/\/unifranz.edu.bo\/pt\/wp-json\/wp\/v2\/posts\/141233\/revisions\/141258"}],"wp:featuredmedia":[{"embeddable":true,"href":"https:\/\/unifranz.edu.bo\/pt\/wp-json\/wp\/v2\/media\/141253"}],"wp:attachment":[{"href":"https:\/\/unifranz.edu.bo\/pt\/wp-json\/wp\/v2\/media?parent=141233"}],"wp:term":[{"taxonomy":"category","embeddable":true,"href":"https:\/\/unifranz.edu.bo\/pt\/wp-json\/wp\/v2\/categories?post=141233"},{"taxonomy":"post_tag","embeddable":true,"href":"https:\/\/unifranz.edu.bo\/pt\/wp-json\/wp\/v2\/tags?post=141233"}],"curies":[{"name":"wp","href":"https:\/\/api.w.org\/{rel}","templated":true}]}}