{"id":139707,"date":"2023-08-16T12:25:07","date_gmt":"2023-08-16T16:25:07","guid":{"rendered":"https:\/\/unifranz.edu.bo\/?p=139707"},"modified":"2023-08-16T15:46:34","modified_gmt":"2023-08-16T19:46:34","slug":"hazlo-x-ellos-suma-voluntades-para-dar-calidad-de-vida-a-canes-en-situacion-de-calle-2","status":"publish","type":"post","link":"https:\/\/unifranz.edu.bo\/pt\/carreras\/hazlo-x-ellos-suma-voluntades-para-dar-calidad-de-vida-a-canes-en-situacion-de-calle-2\/","title":{"rendered":"\u2018HAZLO X ELLOS\u2019, SUMA VOLUNTADES PARA DAR CALIDAD DE VIDA A CANES EN SITUACI\u00d3N DE CALLE"},"content":{"rendered":"<div>\n<p><span style=\"color: #000000;\"><i>Hace m\u00e1s de un a\u00f1o, Llauchita fue rescatado cerca de un puesto de llauchas en la avenida 6 de Marzo de El Alto. El perro hab\u00eda sido atropellado por un conductor que se dio a la fuga. Su situaci\u00f3n era delicada. Sus dos patas traseras ten\u00edan fracturas expuestas, adem\u00e1s de otras lesiones en la cola y el cuerpo.<\/i><\/span><\/p>\n<\/div>\n<div>\n<p><span style=\"color: #000000;\"><i>Una llamada telef\u00f3nica, alert\u00f3 a voluntarios del albergue \u201cAl Rescate\u201d sobre la mascota herida, quienes acudieron en su ayuda. Llauchita fue sometido a cinco cirug\u00edas de reconstrucci\u00f3n de sus patitas, la amputaci\u00f3n de la cola gangrenada y una fractura de f\u00e9mur. Durante su recuperaci\u00f3n, el can recibi\u00f3 cuidados especiales y mucho amor en el albergue. Hoy, Llauchita camina a paso firme y demuestra su agradecimiento con muchas ocurrencias.<\/i><\/span><\/p>\n<p><span style=\"color: #000000;\">Historias como la de Llauchita son el pan de cada d\u00eda en todas las ciudades del pa\u00eds, aunque no todas tengan un final feliz. Las acciones solidarias de voluntarios que rescatan y alimentan a mascotas en situaci\u00f3n de calle, muchas veces, se ven limitadas debido a falta de recursos y otros factores log\u00edsticos.<\/span><\/p>\n<p><span style=\"color: #000000;\">Muchos canes en situaci\u00f3n de calle son acogidos por voluntarios en albergues y refugios de animales, como G\u00e9nesis, Al Rescate y WOOF Rescatistas, entre otros, que reciben el apoyo y la solidaridad de la gente, canalizados por el proyecto \u2018Hazlo x Ellos\u2019.<\/span><\/p>\n<div>\n<p><span style=\"color: #000000;\">El proyecto \u2018Hazlo x Ellos\u2019 nace hace dos a\u00f1os en el seno de la Fundaci\u00f3n Unifranz, de la Universidad Franz Tamayo, con el objetivo de promover actividades solidarias en favor de animales que se encuentran en distintos albergues a fin de lograr una mejor calidad de vida para ellos.<\/span><\/p>\n<\/div>\n<div>\n<p><span style=\"color: #000000;\">Madai Montero,\u00a0encargada de Hazlo x Ellos explica que este proyecto\u00a0tiene impacto a nivel nacional por el car\u00e1cter solidario que lo impulsa, particularmente en Santa Cruz, Cochabamba, El Alto y La Paz. Adem\u00e1s del acopio de croquetas, el proyecto est\u00e1 ampliando sus brazos a las esterilizaciones y a la mejora de la calidad de vida de estas mascotas en situaci\u00f3n de vulnerabilidad.<\/span><\/p>\n<\/div>\n<div>\n<p><span style=\"color: #000000;\">\u201cCon este proyecto conseguimos beneficiar a m\u00e1s de 30 albergues que se encuentran en El Alto, La Paz, Cochabamba y Santa Cruz, logrando entregar m\u00e1s de tres toneladas de alimentos y realizar 30 esterilizaciones a nivel nacional hasta la fecha\u201d, dice Montero.<\/span><\/p>\n<\/div>\n<div>\n<p><span style=\"color: #000000;\">En el proyecto que impulsa la solidaridad, como motor principal de movilizaci\u00f3n, participan m\u00e1s de 500 voluntarios en diferentes actividades, tales como limpieza de ambientes de los albergues y jornadas de paseo y juego con los animalitos.\u00a0<\/span><\/p>\n<div>\n<p><span style=\"color: #000000;\">\u201cParte de nuestra misi\u00f3n y visi\u00f3n es generar una cultura de ayuda social, ayudamos a poblaci\u00f3n en situaci\u00f3n de vulnerabilidad, como por ejemplo la vida de los animales\u201d, sostiene la voluntaria.<\/span><\/p>\n<\/div>\n<div>\n<p><span style=\"color: #000000;\"><i>Lucas es un cachorro que fue encontrado hace dos a\u00f1os en estado deplorable, desnutrido y maltrecho, sin pelito y con la piel roja, inflamada y en descamaci\u00f3n. Los veterinarios le diagnosticaron \u201csarna combinada\u201d. Durante nueve meses, el can luch\u00f3 por su vida en el albergue G\u00e9nesis. Hoy, adem\u00e1s de haber sido rehabilitado y recuperar peso gracias a una alimentaci\u00f3n especial, encontr\u00f3 el amor de una familia que lo cuida y lo protege.<\/i><\/span><\/p>\n<div>\n<p><span style=\"color: #000000;\"><b>Tenencia responsable, la deuda pendiente de la sociedad<\/b><\/span><\/p>\n<\/div>\n<div>\n<p><span style=\"color: #000000;\">Si bien no hay datos oficiales respecto a la poblaci\u00f3n canina a nivel nacional, se calcula que m\u00e1s de un mill\u00f3n de perros viven en las calles, expuestos a un sinf\u00edn de enfermedades y maltratos. Seg\u00fan Animales SOS en territorio boliviano hay un perro por cada dos habitantes, y, de ese total, casi el 40% se encuentra en situaci\u00f3n de calle.<\/span><\/p>\n<\/div>\n<div>\n<p><span style=\"color: #000000;\">La situaci\u00f3n por la que atraviesan miles de perros llama a una profunda reflexi\u00f3n respecto a la tenencia responsable de mascotas, entendida como el conjunto de obligaciones que asume una persona o familia cuando decide adoptar una mascota, comprometi\u00e9ndose a optimizar su bienestar.<\/span><\/p>\n<\/div>\n<div>\n<p><span style=\"color: #000000;\">Otre otras acciones, la vacunaci\u00f3n antirr\u00e1bica una vez al a\u00f1o, una alimentaci\u00f3n saludable, brindarle afecto y cari\u00f1o, compartir espacios de juego, mantener limpia a la mascota, tanto como el lugar donde vive y los recipientes que utiliza para alimentarse, garantizan la tenencia responsable para la protecci\u00f3n y bienestar animal.<\/span><\/p>\n<div>\n<p><span style=\"color: #000000;\">Desde junio de 2015, rige en Bolivia la Ley N\u00b0 700 de defensa de los animales contra actos de crueldad y maltrato que tiene el objetivo de prevenir y penalizar los actos de violencia, maltrato, crueldad y biocidio cometidos por personas contra animales dom\u00e9sticos. Tambi\u00e9n existe una vasta normativa municipal y departamental en este campo que, sin embargo, no se cumple.<\/span><\/p>\n<\/div>\n<div>\n<p><span style=\"color: #000000;\">Al respecto, Montero menciona seis consejos que podr\u00edan alentar una tenencia responsable:<\/span><\/p>\n<\/div>\n<div>\n<p><span style=\"color: #000000;\"><b>1. Investigaci\u00f3n previa:<\/b>\u00a0investigar sobre la especie, raza y necesidades espec\u00edficas. Asegurar-se de entender su comportamiento, requerimientos de cuidado, tama\u00f1o y posibles problemas de salud.<\/span><\/p>\n<\/div>\n<div>\n<p><span style=\"color: #000000;\"><b>2. Compromiso a largo plazo:<\/b>\u00a0adoptar una mascota es un compromiso a largo plazo que puede durar varios a\u00f1os. Asegurarse de estar dispuesto y capaz de cuidar a su mascota durante toda su vida, brind\u00e1ndole atenci\u00f3n, amor y cuidados adecuados.<\/span><\/p>\n<div>\n<p><span style=\"color: #000000;\"><b>3. Espacio y ambiente adecuados:<\/b>\u00a0asegurarse de que el hogar sea adecuado para la especie y tama\u00f1o de la mascota. Proporcionar suficiente espacio, un ambiente seguro y \u00e1reas para\u00a0<b>ejercicio y recreaci\u00f3n.<\/b><\/span><\/p>\n<\/div>\n<div>\n<p><span style=\"color: #000000;\"><b>4. Atenci\u00f3n veterinaria regular:<\/b>\u00a0programar visitas regulares al veterinario para chequeos de salud, vacunas y cuidados preventivos. Mantener al d\u00eda su historial m\u00e9dico y atender cualquier\u00a0<b>problema de salud de inmediato.<\/b><\/span><\/p>\n<\/div>\n<div>\n<p><span style=\"color: #000000;\"><b>5. Nutrici\u00f3n adecuada:<\/b>\u00a0proporcionar una dieta equilibrada y adecuada para la especie y edad de la mascota. Consultar con el veterinario para elegir la mejor alimentaci\u00f3n y evita darle alimentos no adecuados para su especie.<\/span><\/p>\n<\/div>\n<div>\n<p><span style=\"color: #000000;\"><b>6. Socializaci\u00f3n y entrenamiento:<\/b>\u00a0socializar a la mascota desde temprana edad para que se sienta c\u00f3moda en diversas situaciones y con otras mascotas y personas. El entrenamiento b\u00e1sico, como la obediencia y el uso del ba\u00f1o, es esencial para una convivencia armoniosa.<\/span><\/p>\n<p><img loading=\"lazy\" decoding=\"async\" class=\"wp-image-139699 aligncenter\" src=\"https:\/\/unifranz.edu.bo\/wp-content\/uploads\/2023\/08\/WhatsApp-Image-2023-08-16-at-11.45.52-300x205.jpeg\" alt=\"\" width=\"781\" height=\"534\" srcset=\"https:\/\/unifranz.edu.bo\/wp-content\/uploads\/2023\/08\/WhatsApp-Image-2023-08-16-at-11.45.52-300x205.jpeg 300w, https:\/\/unifranz.edu.bo\/wp-content\/uploads\/2023\/08\/WhatsApp-Image-2023-08-16-at-11.45.52-18x12.jpeg 18w, https:\/\/unifranz.edu.bo\/wp-content\/uploads\/2023\/08\/WhatsApp-Image-2023-08-16-at-11.45.52.jpeg 760w\" sizes=\"auto, (max-width: 781px) 100vw, 781px\" \/><\/p>\n<p style=\"text-align: center;\"><span style=\"color: #000000;\">Hazlo por ellos, voluntarios de la Fundaci\u00f3n Unifranz recolectan croquetas para alimentar a perros acogidos en albergues.<\/span><\/p>\n<p><span style=\"color: #000000;\">Si quieres ser voluntario de la Fundaci\u00f3n Unifranz, ingresa a:<\/span> <a href=\"https:\/\/fundacionunifranz.org\/\" target=\"_blank\" rel=\"noopener\">https:\/\/fundacionunifranz.org\/<\/a>\u00a0<span style=\"color: #000000;\">y atr\u00e9vete a trabajar por los dem\u00e1s.\u00a0\u00a0<\/span><\/p>\n<p>&nbsp;<\/p>\n<p>&nbsp;<\/p>\n<\/div>\n<\/div>\n<\/div>\n<\/div>\n<\/div>\n<\/div>","protected":false},"excerpt":{"rendered":"<p>Hace m\u00e1s de un a\u00f1o, Llauchita fue rescatado cerca de un puesto de llauchas en la avenida 6 de Marzo de El Alto. El perro hab\u00eda sido atropellado por un conductor que se dio a la fuga. Su situaci\u00f3n era delicada. Sus dos patas traseras ten\u00edan fracturas expuestas, adem\u00e1s de otras lesiones en la cola &hellip; <a href=\"https:\/\/unifranz.edu.bo\/pt\/carreras\/hazlo-x-ellos-suma-voluntades-para-dar-calidad-de-vida-a-canes-en-situacion-de-calle-2\/\">Continued<\/a><\/p>","protected":false},"author":45,"featured_media":139698,"comment_status":"open","ping_status":"open","sticky":false,"template":"","format":"standard","meta":{"_acf_changed":false,"footnotes":""},"categories":[60,35,5164,1862,1938,1782,2266],"tags":[5352,236,4096,5354,5350,2270],"class_list":["post-139707","post","type-post","status-publish","format-standard","has-post-thumbnail","hentry","category-blog","category-carreras","category-comunicacion","category-educacion","category-fundacion-unifranz","category-unifranz","category-voluntariado","tag-dia-del-perro","tag-fundacion-unifranz","tag-hazlo-por-ellos","tag-jovenes-con-valores","tag-san-roque","tag-voluntariado"],"acf":[],"_links":{"self":[{"href":"https:\/\/unifranz.edu.bo\/pt\/wp-json\/wp\/v2\/posts\/139707","targetHints":{"allow":["GET"]}}],"collection":[{"href":"https:\/\/unifranz.edu.bo\/pt\/wp-json\/wp\/v2\/posts"}],"about":[{"href":"https:\/\/unifranz.edu.bo\/pt\/wp-json\/wp\/v2\/types\/post"}],"author":[{"embeddable":true,"href":"https:\/\/unifranz.edu.bo\/pt\/wp-json\/wp\/v2\/users\/45"}],"replies":[{"embeddable":true,"href":"https:\/\/unifranz.edu.bo\/pt\/wp-json\/wp\/v2\/comments?post=139707"}],"version-history":[{"count":3,"href":"https:\/\/unifranz.edu.bo\/pt\/wp-json\/wp\/v2\/posts\/139707\/revisions"}],"predecessor-version":[{"id":139713,"href":"https:\/\/unifranz.edu.bo\/pt\/wp-json\/wp\/v2\/posts\/139707\/revisions\/139713"}],"wp:featuredmedia":[{"embeddable":true,"href":"https:\/\/unifranz.edu.bo\/pt\/wp-json\/wp\/v2\/media\/139698"}],"wp:attachment":[{"href":"https:\/\/unifranz.edu.bo\/pt\/wp-json\/wp\/v2\/media?parent=139707"}],"wp:term":[{"taxonomy":"category","embeddable":true,"href":"https:\/\/unifranz.edu.bo\/pt\/wp-json\/wp\/v2\/categories?post=139707"},{"taxonomy":"post_tag","embeddable":true,"href":"https:\/\/unifranz.edu.bo\/pt\/wp-json\/wp\/v2\/tags?post=139707"}],"curies":[{"name":"wp","href":"https:\/\/api.w.org\/{rel}","templated":true}]}}