{"id":139501,"date":"2023-08-14T12:26:49","date_gmt":"2023-08-14T16:26:49","guid":{"rendered":"https:\/\/unifranz.edu.bo\/?p=139501"},"modified":"2023-08-14T12:26:49","modified_gmt":"2023-08-14T16:26:49","slug":"alejandra-peinado-la-deportista-unifranz-que-pone-en-alto-la-tricolor-a-nivel-internacional","status":"publish","type":"post","link":"https:\/\/unifranz.edu.bo\/pt\/blog\/alejandra-peinado-la-deportista-unifranz-que-pone-en-alto-la-tricolor-a-nivel-internacional\/","title":{"rendered":"Alejandra Peinado, la deportista Unifranz que pone en alto la tricolor a nivel internacional"},"content":{"rendered":"<p><span style=\"color: #000000;\">A los nueve a\u00f1os, Alejandra Peinado comenz\u00f3 su carrera deportiva en bicicross, un deporte con el que represent\u00f3 a Bolivia en distintas partes del mundo. A sus 26 a\u00f1os, la cruce\u00f1a se consagr\u00f3 como una deportista de \u00e9lite luego de alcanzar los primeros lugares en competencias internacionales. Ella cursa el noveno semestre de la carrera de Odontolog\u00eda en la Universidad Franz Tamayo (Unifranz) y une su carrera al ciclismo con su capacidad de tomar decisiones precisas en cada movimiento.<\/span><\/p>\n<p><span style=\"color: #000000;\">\u201cMi carrera me ense\u00f1\u00f3 que la empat\u00eda, la concentraci\u00f3n y la humanidad van de la mano. Que debemos tener la capacidad de escuchar y observar con atenci\u00f3n a cada persona para poder ser \u00e9ticos y tomar las decisiones correctas a la hora de trabajar. El deporte y mi profesi\u00f3n me ense\u00f1aron la importancia del orden y la organizaci\u00f3n que uno debe tener d\u00eda a d\u00eda\u201d, dice Peinado.<\/span><\/p>\n<p><span style=\"color: #000000;\">En 2014, Alejandra obtuvo el quinto lugar en las Olimpiadas Juveniles en Nanjing, China y adem\u00e1s fue la abanderada en este evento. En 2018 se posicion\u00f3 en el s\u00e9ptimo lugar en los Juegos Odesur realizados en Cochabamba, Bolivia. Ahora est\u00e1 en una etapa de preparaci\u00f3n para los Juegos Panamericanos 2023 que se realizar\u00e1n en octubre en Santiago, Chile.<\/span><\/p>\n<p><span style=\"color: #000000;\">Daniela Antezana, directora de la carrera de Odontolog\u00eda de Unifranz Santa Cruz, destaca las aptitudes y habilidades de Alejandra: \u201cEs una estudiante muy dedicada, altamente competitiva y enfocada en cumplir sus metas acad\u00e9micas mientras se forma como una excelente profesional\u201d.<\/span><\/p>\n<p><span style=\"color: #000000;\">La profesional agreg\u00f3 que es \u201cun orgullo para la carrera\u201d porque cumple con un excelente perfil en Unifranz, donde el objetivo es formar profesionales de clase mundial. \u201cElla mostr\u00f3 el gran talento que tiene y fue reconocido a nivel internacional. Cuenta con m\u00faltiples logros y reconocimientos que la hacen destacar en la disciplina que practica\u201d.<\/span><\/p>\n<p><span style=\"color: #000000;\">La ciclista resalt\u00f3 el apoyo que le brindaron desde la universidad: \u201cMe abri\u00f3 las puertas como deportista y me ayud\u00f3 a valerme como futura profesional. En alg\u00fan momento sent\u00ed que no podr\u00eda porque hacer deporte y llevar de la mano una carrera de salud no es f\u00e1cil, pero tengo excelentes docentes que me han apoyado y empujado a continuar por este sue\u00f1o\u201d.<\/span><\/p>\n<p><span style=\"color: #000000;\">El C\u00edrculo de Periodistas Deportivos de Santa Cruz reconoci\u00f3, en tres ocasiones, el esfuerzo y logros de la joven ciclista. \u00a0La condecor\u00f3 en el 2007, 2008 y 2010 como la mejor deportista cruce\u00f1a en su disciplina. Adem\u00e1s, la joven recibi\u00f3 el M\u00e9rito al Deportista y Premio Iyambae en el 2008.<\/span><\/p>\n<p><img loading=\"lazy\" decoding=\"async\" class=\"alignnone wp-image-139523 size-large\" src=\"https:\/\/unifranz.edu.bo\/wp-content\/uploads\/2023\/08\/image-678x1024.png\" alt=\"\" width=\"678\" height=\"1024\" srcset=\"https:\/\/unifranz.edu.bo\/wp-content\/uploads\/2023\/08\/image-678x1024.png 678w, https:\/\/unifranz.edu.bo\/wp-content\/uploads\/2023\/08\/image-199x300.png 199w, https:\/\/unifranz.edu.bo\/wp-content\/uploads\/2023\/08\/image-768x1160.png 768w, https:\/\/unifranz.edu.bo\/wp-content\/uploads\/2023\/08\/image-1017x1536.png 1017w, https:\/\/unifranz.edu.bo\/wp-content\/uploads\/2023\/08\/image-8x12.png 8w, https:\/\/unifranz.edu.bo\/wp-content\/uploads\/2023\/08\/image.png 1059w\" sizes=\"auto, (max-width: 678px) 100vw, 678px\" \/><\/p>\n<p><span style=\"color: #000000;\"><strong>Una alumna y deportista de talla internacional<\/strong><\/span><\/p>\n<p><span style=\"color: #000000;\">Con su talento y disciplina, Alejandra se tuvo la oportunidad de conocer cada rinc\u00f3n de Bolivia y participar en competencias que se desarrollaron en China, Estados Unidos, B\u00e9lgica, Colombia, Argentina, Chile, Per\u00fa, Brasil, Venezuela y Ecuador.<\/span><\/p>\n<p><span style=\"color: #000000;\">En el 2015 se consagr\u00f3 como campeona latinoamericana y clasific\u00f3 al Mundial en Zolder en B\u00e9lgica. Un a\u00f1o m\u00e1s tarde, obtuvo el cuarto lugar en la Copa Latinoamericana; mientras que en el 2017 clasific\u00f3 al Mundial en Rock Hill en Estados Unidos. Regres\u00f3 a B\u00e9lgica en el 2019 con una nueva clasificaci\u00f3n al Mundial de Zolder. En el 2022 logr\u00f3 el cuarto lugar en el Latinoamericano realizado en Cochabamba, Bolivia.<\/span><\/p>\n<p><span style=\"color: #000000;\">Para Alejandra, representar a Bolivia le genera un c\u00famulo de emociones: \u201cNo puedo describir todo lo que siento cuando estoy compitiendo por mi pa\u00eds; es una mezcla de orgullo, nerviosismo, pero sobre todo satisfacci\u00f3n. Saber que estoy colocando en lo m\u00e1s alto del podio la rojo, amarillo y verde, es un sentimiento que no se puede explicar\u201d.<\/span><\/p>\n<p><span style=\"color: #000000;\">Se define como perseverante, perfeccionista y emp\u00e1tica. Sus ejemplos a seguir son sus padres; asegura que f\u00edsicamente se parece bastante a su mam\u00e1 y espera ser igual de fuerte y luchadora como ella. Mientras que, a su pap\u00e1, le hered\u00f3 el car\u00e1cter y la seguridad en tomar decisiones.<\/span><\/p>\n<p><span style=\"color: #000000;\"><strong>Dulce Gordura<\/strong><\/span><\/p>\n<p><span style=\"color: #000000;\">Adem\u00e1s de destacar como estudiante y deportista, Alejandra se da tiempo para su emprendimiento; Dulce Gordura. Con la venta de postres, se costea algunos gastos que tiene cuando compite. Este emprendimiento inici\u00f3 en el 2021 luego de que varias personas la animaron a lanzar al mercado sus alimentos que degustaron.<\/span><\/p>\n<p><span style=\"color: #000000;\">Su motivaci\u00f3n para superarse es ella misma, se\u00f1ala que cada d\u00eda busca ser mejor como persona, deportista y estudiante. Deja en claro que la \u00fanica rival que tiene, es ella misma.<\/span><\/p>","protected":false},"excerpt":{"rendered":"<p>A los nueve a\u00f1os, Alejandra Peinado comenz\u00f3 su carrera deportiva en bicicross, un deporte con el que represent\u00f3 a Bolivia en distintas partes del mundo. A sus 26 a\u00f1os, la cruce\u00f1a se consagr\u00f3 como una deportista de \u00e9lite luego de alcanzar los primeros lugares en competencias internacionales. Ella cursa el noveno semestre de la carrera &hellip; <a href=\"https:\/\/unifranz.edu.bo\/pt\/blog\/alejandra-peinado-la-deportista-unifranz-que-pone-en-alto-la-tricolor-a-nivel-internacional\/\">Continued<\/a><\/p>","protected":false},"author":33,"featured_media":139522,"comment_status":"open","ping_status":"open","sticky":false,"template":"","format":"standard","meta":{"_acf_changed":false,"footnotes":""},"categories":[2576,60,220,2858,2980],"tags":[1014,5332,4672,2660,5330],"class_list":["post-139501","post","type-post","status-publish","format-standard","has-post-thumbnail","hentry","category-unifranz-santa-cruz","category-blog","category-deportes","category-innovacion-en-educacion","category-odontologia-es-2","tag-bicicross","tag-deportistas-bolivianos","tag-deportistas-crucenos","tag-deportistas-unifranz","tag-maria-alejandra-peinado"],"acf":[],"_links":{"self":[{"href":"https:\/\/unifranz.edu.bo\/pt\/wp-json\/wp\/v2\/posts\/139501","targetHints":{"allow":["GET"]}}],"collection":[{"href":"https:\/\/unifranz.edu.bo\/pt\/wp-json\/wp\/v2\/posts"}],"about":[{"href":"https:\/\/unifranz.edu.bo\/pt\/wp-json\/wp\/v2\/types\/post"}],"author":[{"embeddable":true,"href":"https:\/\/unifranz.edu.bo\/pt\/wp-json\/wp\/v2\/users\/33"}],"replies":[{"embeddable":true,"href":"https:\/\/unifranz.edu.bo\/pt\/wp-json\/wp\/v2\/comments?post=139501"}],"version-history":[{"count":1,"href":"https:\/\/unifranz.edu.bo\/pt\/wp-json\/wp\/v2\/posts\/139501\/revisions"}],"predecessor-version":[{"id":139524,"href":"https:\/\/unifranz.edu.bo\/pt\/wp-json\/wp\/v2\/posts\/139501\/revisions\/139524"}],"wp:featuredmedia":[{"embeddable":true,"href":"https:\/\/unifranz.edu.bo\/pt\/wp-json\/wp\/v2\/media\/139522"}],"wp:attachment":[{"href":"https:\/\/unifranz.edu.bo\/pt\/wp-json\/wp\/v2\/media?parent=139501"}],"wp:term":[{"taxonomy":"category","embeddable":true,"href":"https:\/\/unifranz.edu.bo\/pt\/wp-json\/wp\/v2\/categories?post=139501"},{"taxonomy":"post_tag","embeddable":true,"href":"https:\/\/unifranz.edu.bo\/pt\/wp-json\/wp\/v2\/tags?post=139501"}],"curies":[{"name":"wp","href":"https:\/\/api.w.org\/{rel}","templated":true}]}}