{"id":139368,"date":"2023-08-11T17:51:44","date_gmt":"2023-08-11T21:51:44","guid":{"rendered":"https:\/\/unifranz.edu.bo\/?p=139368"},"modified":"2024-09-24T13:00:53","modified_gmt":"2024-09-24T17:00:53","slug":"seis-historias-que-inspiran-en-el-tedx-unifranz","status":"publish","type":"post","link":"https:\/\/unifranz.edu.bo\/pt\/blog\/seis-historias-que-inspiran-en-el-tedx-unifranz\/","title":{"rendered":"Seis historias que inspiran forjar un nuevo mundo y crear oportunidades se presentaron en el TEDx Unifranz"},"content":{"rendered":"<p><span style=\"font-weight: 400; color: #000000;\">Seis j\u00f3venes disruptivos presentaron sus historias de \u00e9xito con el objetivo de cambiar al mundo y crear nuevas oportunidades en el TEDx Unifranz 2023. Ellos alcanzaron sus metas superando grandes adversidades como el acceso a la educaci\u00f3n, problemas de salud y la llegada de la pandemia.\u00a0<\/span><\/p>\n<p><span style=\"font-weight: 400; color: #000000;\">\u201cLa creatividad, energ\u00eda, potencia, voluntad de cambiar, de transformar y dar acceso a oportunidades en igualdad de condiciones es lo que ha llevado a nuestros speakers a estar ac\u00e1\u201d, dijo Ver\u00f3nica \u00c1greda, rectora nacional de la Universidad Franz Tamayo, Unifranz, en la clausura del evento que se desarroll\u00f3 en la sede de la universidad en El Alto.\u00a0<\/span><\/p>\n<p><span style=\"font-weight: 400; color: #000000;\">El TEDx Unifranz se convirti\u00f3 en un escenario local y global en el que los j\u00f3venes l\u00edderes en campos como la tecnolog\u00eda, arte, dise\u00f1o o turismo mostraron sus ideas que trascendieron a las crisis tal como lo hizo Jos\u00e9 Mar\u00eda Reyes quien logr\u00f3 rescatar un destacado hotel cruce\u00f1o en plena restricci\u00f3n por la pandemia, conservando el trabajo para 109 familias.\u00a0<\/span><\/p>\n<p><span style=\"font-weight: 400; color: #000000;\">\u201cEl directorio nos dec\u00eda que deb\u00edamos cerrar porque no ten\u00edamos ninguna expectativa, pero ten\u00edamos que encontrar una soluci\u00f3n, un hotel de 210 habitaciones tiene que servir para algo en una situaci\u00f3n de emergencia\u201d, asegur\u00f3. Se decidi\u00f3 usar las instalaciones como centro de cuarentena para las personas que regresaron al pa\u00eds.\u00a0<\/span><\/p>\n<p><span style=\"font-weight: 400;\"><span style=\"color: #000000;\">Con pocas horas de anticipaci\u00f3n le informaron que una comisi\u00f3n de ministros llegar\u00eda a inspeccionar las instalaciones y lo \u00fanico que faltaba era el amonio cuaternario (productos qu\u00edmicos desinfectantes). Reyes decidi\u00f3 vestir de \u201castronauta\u201d al jardinero y llenar su<\/span> <span style=\"color: #000000;\">tanque con lo que \u00e9l llam\u00f3 \u201cagua bendita\u201d porque, tras la revisi\u00f3n, una de las autoridades le dijo sentirse mejor con el rociado.\u00a0<\/span><\/span><\/p>\n<p><span style=\"font-weight: 400; color: #000000;\">Al final, se mantuvo el hotel abierto, los 109 trabajadores conservaron sus empleos y llegaron 1.500 repatriados. Ninguna persona se infect\u00f3 porque todos retornaron a Bolivia con su PCR negativo. \u201cFue un aut\u00e9ntico \u00e9xito\u201d, dijo.<\/span><\/p>\n<p><span style=\"font-weight: 400; color: #000000;\">Gabriela Acarapi \u2013la emprendedora que le da valor a la chatarra\u2013 cont\u00f3 en el TEDx que su proyecto de transformar los desechos de aluminio en art\u00edculos para el hogar naci\u00f3 el 2019. Lo primero que hizo fue renunciar a su trabajo y alquilar un ambiente de 3&#215;5 metros cuadrados, adquiri\u00f3 un horno de fundici\u00f3n y que s\u00f3lo contaba con un taladro. Ante la demanda creciente dijo que invent\u00f3 el resto de la maquinaria con sus propias manos.\u00a0<\/span><\/p>\n<p><span style=\"font-weight: 400; color: #000000;\">El emprendimiento que abandera la econom\u00eda circular alcanz\u00f3 una amplia variedad, subi\u00f3 la producci\u00f3n y hoy est\u00e1 en etapa de crecimiento. \u201cNo tengo verg\u00fcenza de lo que hago, opero las maquinas con overol, mandil de cuero y eso es lo que me gusta y apasiona: Una mujer en un campo que s\u00f3lo era de varones y para que otras compa\u00f1eras tengan su trabajo seguro e ingresos a partir del reciclaje\u201d.<\/span><\/p>\n<p><span style=\"font-weight: 400; color: #000000;\">Salvador Kalavera tom\u00f3 el desentierro de las \u00f1atitas y la fiesta de Todo Santos para crear \u201c\u00d1atinta\u201d, una nueva idea de arte urbano que se plasm\u00f3 en el Cementerio General de la ciudad de La Paz y lo convirti\u00f3 en una galer\u00eda de arte a cielo abierto. \u201cPintamos por primera vez, y con miedo, entre las procesiones de personas (que van a sepultar a su ser querido). Una familia nos felicit\u00f3 ya que en ese cuartel estaba su hija y nos dijo que le dimos color y alegr\u00eda al lugar\u201d.<\/span><\/p>\n<p><span style=\"font-weight: 400; color: #000000;\">\u00c1ngel Rapu \u2013otro speaker del TEDx\u2013 se enter\u00f3 que es dalt\u00f3nico en la primera semana de la carrera de dise\u00f1o gr\u00e1fico. No sab\u00eda distinguir los colores y sus ojos carec\u00edan de los rojos y verdes. \u201cEra como si al nacer se mezclaron las tintas de mis ojos. Realmente estaba en problemas y temas tan sencillos como distinguir la paleta de colores me dejaba un mar de dudas\u201d.<\/span><\/p>\n<p><span style=\"font-weight: 400;\"><span style=\"color: #000000;\">Pens\u00f3 en dejar la carrera y cuando crey\u00f3 que nada iba a cambiar \u201ctodo se encendi\u00f3\u201d. Un docente le ense\u00f1\u00f3 a crear objetos en 3D. Con<\/span> <span style=\"color: #000000;\">la pr\u00e1ctica salieron cosas distintas y sus trabajos fueron comprados por empresas internacionales. \u201cCuando encontr\u00e9 lo que realmente amaba me encontr\u00e9 a m\u00ed mismo. Aproveche esos defectos y el ser diferente me hace \u00fanico y autentico\u201d.\u00a0<\/span><\/span><\/p>\n<p><span style=\"color: #000000;\"><span style=\"font-weight: 400;\">Elisa Torres \u2013estudiante chilena de 17 a\u00f1os\u2013 asegura que la educaci\u00f3n debe ser para todos y que esta debe tener un enfoque inclusivo con las mujeres. \u201cEstaba decidida a hacer algo al respecto y as\u00ed comenc\u00e9 con <\/span><span style=\"font-weight: 400;\">Girls in Quantum<\/span><span style=\"font-weight: 400;\">. Me introduje al mundo del emprendimiento y demostr\u00e9 que la computaci\u00f3n cu\u00e1ntica es m\u00e1s sencilla de lo que se cre\u00eda\u201d.<\/span><\/span><\/p>\n<p><iframe loading=\"lazy\" title=\"YouTube video player\" src=\"https:\/\/www.youtube.com\/embed\/JAjqcvvdWJY\" width=\"560\" height=\"315\" frameborder=\"0\" allowfullscreen=\"allowfullscreen\"><\/iframe><\/p>\n<p><span style=\"font-weight: 400; color: #000000;\">Explic\u00f3 que no importa si sean principiantes o expertas, la comunidad que creo continu\u00f3 recibiendo a todas las j\u00f3venes interesadas y demostr\u00f3 que para aprender, s\u00f3lo se debe tener la determinaci\u00f3n de hacerlo.\u00a0<\/span><\/p>\n<p><span style=\"font-weight: 400; color: #000000;\">Luis Antonio Jaimes, acostumbrado a subir torres de comunicaci\u00f3n en las zonas rurales ide\u00f3 una nueva forma de llevar internet a estas \u00e1reas alejadas y a un menor costo. Los globos aerost\u00e1ticos son sus mejores aliados porque le permiten un vuelo estable, no necesitan mucha gente para su operaci\u00f3n y puede conectar grandes \u00e1reas.\u00a0<\/span><\/p>\n<p><span style=\"font-weight: 400; color: #000000;\">\u201cLa pandemia nos ense\u00f1\u00f3 que el acceso a internet es cada vez m\u00e1s importante y con estas super torres (globos aerost\u00e1ticos) podemos transformar al mundo, lograr educaci\u00f3n de calidad, acceder a servicios de salud y salvar vidas\u201d.<\/span><\/p>\n<p><span style=\"font-weight: 400; color: #000000;\">Para Agreda, escuchar estas ideas inspiradoras muestran que en Bolivia y Latinoam\u00e9rica hay talento, capaz de convertir las crisis en oportunidades.<\/span><\/p>\n<p><span style=\"font-weight: 400; color: #000000;\">\u201cRealmente no hay excusas (para no aventurarse a lanzar un emprendimiento) y creemos que El Alto puede convertirse en la Tecn\u00f3polis de Bolivia. Creemos en el potencial que tiene el pa\u00eds como el coraz\u00f3n latinoamericano, el potencial que tiene Latinoam\u00e9rica para generar conciencia ambiental en el mundo y para negociar con otros pa\u00edses en el af\u00e1n de tener un desarrollo sustentable como humanidad\u201d, asegura.<\/span><\/p>\n<p><span style=\"font-weight: 400; color: #000000;\">La tercera versi\u00f3n del TEDx Unifranz tuvo como espectadores a embajadores, c\u00f3nsules, agregados comerciales, autoridades, representantes empresariales, docentes y j\u00f3venes l\u00edderes destacados de la ciudad de El Alto y el pa\u00eds.<\/span><\/p>\n<p><img loading=\"lazy\" decoding=\"async\" class=\"alignnone wp-image-139378\" src=\"https:\/\/unifranz.edu.bo\/wp-content\/uploads\/2023\/08\/Post-Quotes-01-6-1-300x300.png\" alt=\"\" width=\"371\" height=\"371\" srcset=\"https:\/\/unifranz.edu.bo\/wp-content\/uploads\/2023\/08\/Post-Quotes-01-6-1-300x300.png 300w, https:\/\/unifranz.edu.bo\/wp-content\/uploads\/2023\/08\/Post-Quotes-01-6-1-1024x1024.png 1024w, https:\/\/unifranz.edu.bo\/wp-content\/uploads\/2023\/08\/Post-Quotes-01-6-1-768x768.png 768w, https:\/\/unifranz.edu.bo\/wp-content\/uploads\/2023\/08\/Post-Quotes-01-6-1-1536x1536.png 1536w, https:\/\/unifranz.edu.bo\/wp-content\/uploads\/2023\/08\/Post-Quotes-01-6-1-2048x2048.png 2048w, https:\/\/unifranz.edu.bo\/wp-content\/uploads\/2023\/08\/Post-Quotes-01-6-1-12x12.png 12w\" sizes=\"auto, (max-width: 371px) 100vw, 371px\" \/> <img loading=\"lazy\" decoding=\"async\" class=\"alignnone wp-image-139379\" src=\"https:\/\/unifranz.edu.bo\/wp-content\/uploads\/2023\/08\/Post-Quotes-02-2-1-300x300.png\" alt=\"\" width=\"373\" height=\"373\" srcset=\"https:\/\/unifranz.edu.bo\/wp-content\/uploads\/2023\/08\/Post-Quotes-02-2-1-300x300.png 300w, https:\/\/unifranz.edu.bo\/wp-content\/uploads\/2023\/08\/Post-Quotes-02-2-1-1024x1024.png 1024w, https:\/\/unifranz.edu.bo\/wp-content\/uploads\/2023\/08\/Post-Quotes-02-2-1-768x768.png 768w, https:\/\/unifranz.edu.bo\/wp-content\/uploads\/2023\/08\/Post-Quotes-02-2-1-1536x1536.png 1536w, https:\/\/unifranz.edu.bo\/wp-content\/uploads\/2023\/08\/Post-Quotes-02-2-1-2048x2048.png 2048w, https:\/\/unifranz.edu.bo\/wp-content\/uploads\/2023\/08\/Post-Quotes-02-2-1-12x12.png 12w\" sizes=\"auto, (max-width: 373px) 100vw, 373px\" \/><\/p>\n<p><img loading=\"lazy\" decoding=\"async\" class=\"alignnone wp-image-139380\" style=\"letter-spacing: 0.26px;\" src=\"https:\/\/unifranz.edu.bo\/wp-content\/uploads\/2023\/08\/Post-Quotes-03-1-1-300x300.png\" alt=\"\" width=\"378\" height=\"378\" srcset=\"https:\/\/unifranz.edu.bo\/wp-content\/uploads\/2023\/08\/Post-Quotes-03-1-1-300x300.png 300w, https:\/\/unifranz.edu.bo\/wp-content\/uploads\/2023\/08\/Post-Quotes-03-1-1-1021x1024.png 1021w, https:\/\/unifranz.edu.bo\/wp-content\/uploads\/2023\/08\/Post-Quotes-03-1-1-768x770.png 768w, https:\/\/unifranz.edu.bo\/wp-content\/uploads\/2023\/08\/Post-Quotes-03-1-1-1531x1536.png 1531w, https:\/\/unifranz.edu.bo\/wp-content\/uploads\/2023\/08\/Post-Quotes-03-1-1-2042x2048.png 2042w, https:\/\/unifranz.edu.bo\/wp-content\/uploads\/2023\/08\/Post-Quotes-03-1-1-12x12.png 12w\" sizes=\"auto, (max-width: 378px) 100vw, 378px\" \/><img loading=\"lazy\" decoding=\"async\" class=\"alignnone wp-image-139381\" src=\"https:\/\/unifranz.edu.bo\/wp-content\/uploads\/2023\/08\/Post-Quotes-04-1-300x300.png\" alt=\"\" width=\"376\" height=\"376\" srcset=\"https:\/\/unifranz.edu.bo\/wp-content\/uploads\/2023\/08\/Post-Quotes-04-1-300x300.png 300w, https:\/\/unifranz.edu.bo\/wp-content\/uploads\/2023\/08\/Post-Quotes-04-1-1024x1024.png 1024w, https:\/\/unifranz.edu.bo\/wp-content\/uploads\/2023\/08\/Post-Quotes-04-1-768x768.png 768w, https:\/\/unifranz.edu.bo\/wp-content\/uploads\/2023\/08\/Post-Quotes-04-1-1536x1536.png 1536w, https:\/\/unifranz.edu.bo\/wp-content\/uploads\/2023\/08\/Post-Quotes-04-1-2048x2048.png 2048w, https:\/\/unifranz.edu.bo\/wp-content\/uploads\/2023\/08\/Post-Quotes-04-1-12x12.png 12w\" sizes=\"auto, (max-width: 376px) 100vw, 376px\" \/><\/p>\n<p><img loading=\"lazy\" decoding=\"async\" class=\"alignnone wp-image-139382\" src=\"https:\/\/unifranz.edu.bo\/wp-content\/uploads\/2023\/08\/Post-Quotes-05-1-300x300.png\" alt=\"\" width=\"379\" height=\"379\" srcset=\"https:\/\/unifranz.edu.bo\/wp-content\/uploads\/2023\/08\/Post-Quotes-05-1-300x300.png 300w, https:\/\/unifranz.edu.bo\/wp-content\/uploads\/2023\/08\/Post-Quotes-05-1-1024x1024.png 1024w, https:\/\/unifranz.edu.bo\/wp-content\/uploads\/2023\/08\/Post-Quotes-05-1-768x768.png 768w, https:\/\/unifranz.edu.bo\/wp-content\/uploads\/2023\/08\/Post-Quotes-05-1-1536x1536.png 1536w, https:\/\/unifranz.edu.bo\/wp-content\/uploads\/2023\/08\/Post-Quotes-05-1-2048x2048.png 2048w, https:\/\/unifranz.edu.bo\/wp-content\/uploads\/2023\/08\/Post-Quotes-05-1-12x12.png 12w\" sizes=\"auto, (max-width: 379px) 100vw, 379px\" \/> <img loading=\"lazy\" decoding=\"async\" class=\"alignnone wp-image-139383\" src=\"https:\/\/unifranz.edu.bo\/wp-content\/uploads\/2023\/08\/Post-Quotes-06-1-300x300.png\" alt=\"\" width=\"373\" height=\"373\" srcset=\"https:\/\/unifranz.edu.bo\/wp-content\/uploads\/2023\/08\/Post-Quotes-06-1-300x300.png 300w, https:\/\/unifranz.edu.bo\/wp-content\/uploads\/2023\/08\/Post-Quotes-06-1-1024x1024.png 1024w, https:\/\/unifranz.edu.bo\/wp-content\/uploads\/2023\/08\/Post-Quotes-06-1-768x768.png 768w, https:\/\/unifranz.edu.bo\/wp-content\/uploads\/2023\/08\/Post-Quotes-06-1-1536x1536.png 1536w, https:\/\/unifranz.edu.bo\/wp-content\/uploads\/2023\/08\/Post-Quotes-06-1-2048x2048.png 2048w, https:\/\/unifranz.edu.bo\/wp-content\/uploads\/2023\/08\/Post-Quotes-06-1-12x12.png 12w\" sizes=\"auto, (max-width: 373px) 100vw, 373px\" \/><\/p>","protected":false},"excerpt":{"rendered":"<p>Seis j\u00f3venes disruptivos presentaron sus historias de \u00e9xito con el objetivo de cambiar al mundo y crear nuevas oportunidades en el TEDx Unifranz 2023. Ellos alcanzaron sus metas superando grandes adversidades como el acceso a la educaci\u00f3n, problemas de salud y la llegada de la pandemia.\u00a0 \u201cLa creatividad, energ\u00eda, potencia, voluntad de cambiar, de transformar &hellip; <a href=\"https:\/\/unifranz.edu.bo\/pt\/blog\/seis-historias-que-inspiran-en-el-tedx-unifranz\/\">Continued<\/a><\/p>","protected":false},"author":45,"featured_media":139369,"comment_status":"open","ping_status":"open","sticky":false,"template":"","format":"standard","meta":{"_acf_changed":false,"footnotes":""},"categories":[60],"tags":[],"class_list":["post-139368","post","type-post","status-publish","format-standard","has-post-thumbnail","hentry","category-blog"],"acf":[],"_links":{"self":[{"href":"https:\/\/unifranz.edu.bo\/pt\/wp-json\/wp\/v2\/posts\/139368","targetHints":{"allow":["GET"]}}],"collection":[{"href":"https:\/\/unifranz.edu.bo\/pt\/wp-json\/wp\/v2\/posts"}],"about":[{"href":"https:\/\/unifranz.edu.bo\/pt\/wp-json\/wp\/v2\/types\/post"}],"author":[{"embeddable":true,"href":"https:\/\/unifranz.edu.bo\/pt\/wp-json\/wp\/v2\/users\/45"}],"replies":[{"embeddable":true,"href":"https:\/\/unifranz.edu.bo\/pt\/wp-json\/wp\/v2\/comments?post=139368"}],"version-history":[{"count":5,"href":"https:\/\/unifranz.edu.bo\/pt\/wp-json\/wp\/v2\/posts\/139368\/revisions"}],"predecessor-version":[{"id":139386,"href":"https:\/\/unifranz.edu.bo\/pt\/wp-json\/wp\/v2\/posts\/139368\/revisions\/139386"}],"wp:featuredmedia":[{"embeddable":true,"href":"https:\/\/unifranz.edu.bo\/pt\/wp-json\/wp\/v2\/media\/139369"}],"wp:attachment":[{"href":"https:\/\/unifranz.edu.bo\/pt\/wp-json\/wp\/v2\/media?parent=139368"}],"wp:term":[{"taxonomy":"category","embeddable":true,"href":"https:\/\/unifranz.edu.bo\/pt\/wp-json\/wp\/v2\/categories?post=139368"},{"taxonomy":"post_tag","embeddable":true,"href":"https:\/\/unifranz.edu.bo\/pt\/wp-json\/wp\/v2\/tags?post=139368"}],"curies":[{"name":"wp","href":"https:\/\/api.w.org\/{rel}","templated":true}]}}