{"id":139282,"date":"2023-08-10T13:05:12","date_gmt":"2023-08-10T17:05:12","guid":{"rendered":"https:\/\/unifranz.edu.bo\/?p=139282"},"modified":"2023-08-10T13:05:29","modified_gmt":"2023-08-10T17:05:29","slug":"luis-jaimes-ayudar-a-la-gente","status":"publish","type":"post","link":"https:\/\/unifranz.edu.bo\/pt\/blog\/luis-jaimes-ayudar-a-la-gente\/","title":{"rendered":"Luis Jaimes: Mi motor de vida es explorar las tecnolog\u00edas para ayudar a la gente\u00a0"},"content":{"rendered":"<p><span style=\"font-weight: 400; color: #000000;\">Luis Antonio Jaimes Illanes es un joven emprendedor boliviano, con especialidad en comunicaciones, que se ha enfocado en hacer realidad \u201calgo que es valioso\u201d para \u00e9l y que se resume en el verbo \u201cayudar\u201d a otras personas, a partir de la creaci\u00f3n de tecnolog\u00eda disruptiva que aporta a la econom\u00eda naranja.<\/span><\/p>\n<p><span style=\"font-weight: 400; color: #000000;\">\u201cM\u00e1s que buscar mi pasi\u00f3n como tal, me he enfocado en hacer lo que es valioso (\u2026), que consiste en ayudar a otras personas. \u00c9ste ha sido uno de los motores principales que me han llevado a explorar el mundo de la tecnolog\u00eda y su incre\u00edble capacidad para transformar la vida de otras personas\u201d, indica.\u00a0<\/span><\/p>\n<p><span style=\"font-weight: 400; color: #000000;\">Su trayectoria profesional est\u00e1 marcada por m\u00e1s de 12 a\u00f1os de experiencia en la industria de telecomunicaciones y sistemas aeroespaciales. Desde el principio, Jaimes se enfoc\u00f3 en cerrar la brecha de conectividad digital que existe en zonas rurales y comunidades aisladas, no solo en el pa\u00eds sino en otros pa\u00edses de la regi\u00f3n y del mundo.\u00a0<\/span><\/p>\n<p><span style=\"font-weight: 400; color: #000000;\">Su experiencia en la creaci\u00f3n de tecnolog\u00eda inal\u00e1mbrica, lo ha convertido en un experto en la materia y l\u00edder de ingenier\u00eda en varias iniciativas, tales como operadores m\u00f3viles, proveedores de soluciones, emprendimientos, y agencias de consultor\u00eda a nivel mundial.<\/span><\/p>\n<p><span style=\"font-weight: 400; color: #000000;\">Asegura que ha tenido la oportunidad de viajar mucho, pero que los viajes m\u00e1s importantes los hizo hacia su propio autodescubrimiento, para salir de su zona de confort.\u00a0<\/span><\/p>\n<p><span style=\"color: #000000;\"><span style=\"font-weight: 400;\">\u201cMe ha permitido descubrir m\u00e1s cosas que no hab\u00eda podido descubrir antes. Eso me ha ayudado a seguir adelante, descubrir los lados brillantes, pero tambi\u00e9n tener la fortaleza por reconocer los lados m\u00e1s oscuros que encuentro en m\u00ed mismo\u201d, sostiene el emprendedor que este 11 de agosto participar\u00e1 como <\/span><i><span style=\"font-weight: 400;\">speaker<\/span><\/i><span style=\"font-weight: 400;\"> en el TEDx Unifranz 2023, que se realizar\u00e1 en El Alto.\u00a0<\/span><\/span><\/p>\n<p><span style=\"font-weight: 400; color: #000000;\">Considera que el combustible m\u00e1s importante para el \u00e9xito de su emprendimiento han sido las experiencias, fruct\u00edferas y variadas, que le han permitido identificar su fortaleza interna.\u00a0<\/span><\/p>\n<p><iframe loading=\"lazy\" title=\"YouTube video player\" src=\"https:\/\/www.youtube.com\/embed\/fTCUMaDTrrM\" width=\"560\" height=\"315\" frameborder=\"0\" allowfullscreen=\"allowfullscreen\"><\/iframe><\/p>\n<p><span style=\"color: #000000;\"><b>Una familia dedicada a la producci\u00f3n tecnol\u00f3gica<\/b><\/span><\/p>\n<p><span style=\"font-weight: 400; color: #000000;\">Hoy en d\u00eda, Jaimes lidera los esfuerzos de ingenier\u00eda de comunicaci\u00f3n en una empresa fundada en el MIT (Instituto Tecnol\u00f3gico de Massachusetts), desarrollando y construyendo los sistemas aerost\u00e1ticos aut\u00f3nomos m\u00e1s avanzados del mundo.\u00a0<\/span><\/p>\n<p><span style=\"font-weight: 400; color: #000000;\">Su objetivo es conectar a los m\u00e1s de cuatro mil millones de seres humanos que actualmente no tienen acceso a Internet de banda ancha y cerrar la brecha de conectividad digital.<\/span><\/p>\n<p><span style=\"font-weight: 400; color: #000000;\">Indica que toda su familia, desde su abuelo, han estado involucrados con la tecnolog\u00eda, aunque a lo largo de su vida, mentores y gu\u00edas han acompa\u00f1ado su camino emprendedor.<\/span><\/p>\n<p><span style=\"font-weight: 400; color: #000000;\">\u201cHaciendo retrospectiva, me doy cuenta que la tecnolog\u00eda es un esfuerzo colectivo que viene a trav\u00e9s de los a\u00f1os, a trav\u00e9s de las generaciones. He aprendido tambi\u00e9n que la tecnolog\u00eda debe ser creada para apoyar y ayudar a la humanidad (\u2026)\u201d, puntualiza.\u00a0<\/span><\/p>\n<p><span style=\"font-weight: 400; color: #000000;\">Jaimes desaf\u00eda a otros emprendedores, empresarios y artistas a plantar semillas, que en el futuro puedan servir a otras personas, m\u00e1s all\u00e1 de las actuales generaciones.<\/span><\/p>\n<p><span style=\"font-weight: 400; color: #000000;\">El TEDx 2023 busca visibilizar este tipo de liderazgos emprendedores que hicieron realidad un sue\u00f1o de empresa, el talento de artistas o la resoluci\u00f3n tecnol\u00f3gica a necesidades humanas.\u00a0<\/span><\/p>\n<p><span style=\"font-weight: 400; color: #000000;\">Elisa Torres, Salvador Kalavera, Gabriela Acarapi, \u00c1ngel Rapu, Jos\u00e9 Mar\u00eda Reyes y Luis Antonio Jaimes Illanes, seis j\u00f3venes emprendedores disruptivos, compartir\u00e1n en el evento sus experiencias e ideas que valen la pena difundir.<\/span><\/p>\n<p><span style=\"font-weight: 400; color: #000000;\">Para Jaimes es necesario que los j\u00f3venes de hoy sepan reinventarse, abracen los cambios tecnol\u00f3gicos, pero de forma responsable y madura, adem\u00e1s de tomar conciencia de que los aprendizajes son constantes, continuos, constructivos y activos, basados en la pr\u00e1ctica.\u00a0<\/span><\/p>\n<p><span style=\"font-weight: 400; color: #000000;\">Luego de haber trabajado en varias metr\u00f3polis del mundo y, tambi\u00e9n, en zonas rurales, Jaimes asegura que esa experiencia le ha permitido \u201ctener un poquito m\u00e1s de conocimiento de c\u00f3mo funcionan las telecomunicaciones en algunos pa\u00edses\u201d, donde las inversiones se enfocan en las grandes ciudades, dejando en un segundo plano a las comunidades rurales.\u00a0<\/span><\/p>\n<p><span style=\"font-weight: 400; color: #000000;\">En ese sentido, su motivaci\u00f3n es transformar la vida en estas comunidades, a trav\u00e9s del acceso al Internet a fin de mejorar sus condiciones de vida. \u201cPara cualquier emprendedor es muy gratificante pensar en una idea de impacto que se enfoque en transformar la vida de las personas de manera positiva\u201d, dice, a tiempo de enumerar las caracter\u00edsticas principales que tienen que tener esas ideas:<\/span><\/p>\n<ul>\n<li style=\"font-weight: 400;\" aria-level=\"1\"><span style=\"font-weight: 400; color: #000000;\">Deben ser novedosas en la forma en la que abordan un problema o una necesidad de la sociedad.\u00a0<\/span><\/li>\n<li style=\"font-weight: 400;\" aria-level=\"1\"><span style=\"font-weight: 400; color: #000000;\">Deben escalar f\u00e1cilmente en distintos contextos y circunstancias.\u00a0<\/span><\/li>\n<li style=\"font-weight: 400;\" aria-level=\"1\"><span style=\"font-weight: 400; color: #000000;\">Deben inspirar para que otras personas se unan a la causa o puedan crear proyectos que complementen y logren un efecto multiplicador.\u00a0<\/span><\/li>\n<\/ul>\n<p><span style=\"font-weight: 400; color: #000000;\">Respecto a su participaci\u00f3n en el TEDx 2023, asegura que es gratificante y una gran responsabilidad ser considerado l\u00edder en el campo en el que uno se mueve.\u00a0<\/span><\/p>\n<p><span style=\"font-weight: 400; color: #000000;\">\u201cParticipar en el TEDx 2023 es un honor para m\u00ed y una gran oportunidad para motivar, y motivarme con las historias de vida que tengan otros j\u00f3venes y tener la oportunidad de impactar positivamente en la vida de otras personas\u201d, indica.<\/span><\/p>\n<p><img loading=\"lazy\" decoding=\"async\" class=\"wp-image-139284 aligncenter\" src=\"https:\/\/unifranz.edu.bo\/wp-content\/uploads\/2023\/08\/1-01-300x300.png\" alt=\"\" width=\"878\" height=\"878\" srcset=\"https:\/\/unifranz.edu.bo\/wp-content\/uploads\/2023\/08\/1-01-300x300.png 300w, https:\/\/unifranz.edu.bo\/wp-content\/uploads\/2023\/08\/1-01-1024x1024.png 1024w, https:\/\/unifranz.edu.bo\/wp-content\/uploads\/2023\/08\/1-01-768x768.png 768w, https:\/\/unifranz.edu.bo\/wp-content\/uploads\/2023\/08\/1-01-1536x1536.png 1536w, https:\/\/unifranz.edu.bo\/wp-content\/uploads\/2023\/08\/1-01-2048x2048.png 2048w, https:\/\/unifranz.edu.bo\/wp-content\/uploads\/2023\/08\/1-01-12x12.png 12w\" sizes=\"auto, (max-width: 878px) 100vw, 878px\" \/><\/p>","protected":false},"excerpt":{"rendered":"<p>Luis Antonio Jaimes Illanes es un joven emprendedor boliviano, con especialidad en comunicaciones, que se ha enfocado en hacer realidad \u201calgo que es valioso\u201d para \u00e9l y que se resume en el verbo \u201cayudar\u201d a otras personas, a partir de la creaci\u00f3n de tecnolog\u00eda disruptiva que aporta a la econom\u00eda naranja. \u201cM\u00e1s que buscar mi &hellip; <a href=\"https:\/\/unifranz.edu.bo\/pt\/blog\/luis-jaimes-ayudar-a-la-gente\/\">Continued<\/a><\/p>","protected":false},"author":45,"featured_media":139283,"comment_status":"open","ping_status":"open","sticky":false,"template":"","format":"standard","meta":{"_acf_changed":false,"footnotes":""},"categories":[60,2186,2592,2858,3112,2442,5136,1782],"tags":[5316,5318,5314,5320],"class_list":["post-139282","post","type-post","status-publish","format-standard","has-post-thumbnail","hentry","category-blog","category-carreras-es","category-empoderamiento","category-innovacion-en-educacion","category-internet","category-tedx-es","category-tedx-unifranz","category-unifranz","tag-inclusion-en-tecnologia","tag-inclusion-tecnologica","tag-luis-jaimes","tag-tedx-tedx-unifranz"],"acf":[],"_links":{"self":[{"href":"https:\/\/unifranz.edu.bo\/pt\/wp-json\/wp\/v2\/posts\/139282","targetHints":{"allow":["GET"]}}],"collection":[{"href":"https:\/\/unifranz.edu.bo\/pt\/wp-json\/wp\/v2\/posts"}],"about":[{"href":"https:\/\/unifranz.edu.bo\/pt\/wp-json\/wp\/v2\/types\/post"}],"author":[{"embeddable":true,"href":"https:\/\/unifranz.edu.bo\/pt\/wp-json\/wp\/v2\/users\/45"}],"replies":[{"embeddable":true,"href":"https:\/\/unifranz.edu.bo\/pt\/wp-json\/wp\/v2\/comments?post=139282"}],"version-history":[{"count":1,"href":"https:\/\/unifranz.edu.bo\/pt\/wp-json\/wp\/v2\/posts\/139282\/revisions"}],"predecessor-version":[{"id":139285,"href":"https:\/\/unifranz.edu.bo\/pt\/wp-json\/wp\/v2\/posts\/139282\/revisions\/139285"}],"wp:featuredmedia":[{"embeddable":true,"href":"https:\/\/unifranz.edu.bo\/pt\/wp-json\/wp\/v2\/media\/139283"}],"wp:attachment":[{"href":"https:\/\/unifranz.edu.bo\/pt\/wp-json\/wp\/v2\/media?parent=139282"}],"wp:term":[{"taxonomy":"category","embeddable":true,"href":"https:\/\/unifranz.edu.bo\/pt\/wp-json\/wp\/v2\/categories?post=139282"},{"taxonomy":"post_tag","embeddable":true,"href":"https:\/\/unifranz.edu.bo\/pt\/wp-json\/wp\/v2\/tags?post=139282"}],"curies":[{"name":"wp","href":"https:\/\/api.w.org\/{rel}","templated":true}]}}