{"id":138975,"date":"2023-08-09T16:12:35","date_gmt":"2023-08-09T20:12:35","guid":{"rendered":"https:\/\/unifranz.edu.bo\/?p=138975"},"modified":"2023-08-09T17:10:22","modified_gmt":"2023-08-09T21:10:22","slug":"salvador-kalavera-el-muralismo-en-la-sangre","status":"publish","type":"post","link":"https:\/\/unifranz.edu.bo\/pt\/blog\/salvador-kalavera-el-muralismo-en-la-sangre\/","title":{"rendered":"Salvador Kalavera, un artista que lleva el muralismo en la sangre"},"content":{"rendered":"<p><span style=\"color: #000000;\">Por Lily Zurita<\/span><\/p>\n<p><span style=\"color: #000000;\">Salvador Kalavera es un destacado artista boliviano que lleva el muralismo en la sangre y que es fuente de inspiraci\u00f3n para decenas de j\u00f3venes que encuentran en su forma de expresi\u00f3n art\u00edstica, una arraigada rebeld\u00eda contra el sistema de producci\u00f3n art\u00edstica del cual no se sienten parte.<\/span><\/p>\n<p><span style=\"color: #000000;\">Su seud\u00f3nimo \u2018Kalavera\u2019, le trae a la memoria sus inicios dentro de las intervenciones urbanas, porque cuando era joven se dedicaba a dibujar esqueletos o calaveras en las paredes de la ciudad. En La Paz, todav\u00eda se pueden ver una que otra calavera que resiste al paso del tiempo y al deterioro del espacio p\u00fablico urbano.<\/span><\/p>\n<p><span style=\"color: #000000;\">\u00c9se fue su sello e inspiraci\u00f3n que lo llev\u00f3 a organizar \u00d1atinta, un festival de arte urbano internacional que se realizaba en el Cementerio General de la urbe pace\u00f1a. \u201cEs el primer festival del mundo en convertir un cementerio en una galer\u00eda de arte a cielo abierto y donde han participado m\u00e1s de 40 artistas de todo el mundo, quienes, junto a artistas urbanos nacionales, pintaron m\u00e1s de 100 murales dentro del cementerio\u201d, indica.<\/span><\/p>\n<p><span style=\"color: #000000;\">El muralista vive reinvent\u00e1ndose y explorando nuevas t\u00e9cnicas y estilos. \u201cCreo que soy un personaje que se caracteriza por estar en contin\u00faa transformaci\u00f3n\u201d, indica a tiempo de agregar que la rebeld\u00eda es una parte esencial del artista urbano.<\/span><\/p>\n<p><span style=\"color: #000000;\">\u201cEl arte urbano empez\u00f3 como una forma de rebeld\u00eda que nos ayud\u00f3 a m\u00ed y otros j\u00f3venes a mantenernos centrados en nuestros objetivos (\u2026). Comenzamos pintando por la noche, de inc\u00f3gnito e ilegal, fue la forma de ir en contra del arte de un sistema del cual no<\/span> <span style=\"color: #000000;\">nos sent\u00edamos parte\u201d, afirma Kalavera, quien este 11 de agosto participar\u00e1 como <em>speaker<\/em> del TEDx Unifranz que se desarrollar\u00e1 en la ciudad de El Alto.<\/span><\/p>\n<p><span style=\"color: #000000;\">En el evento, j\u00f3venes l\u00edderes y emprendedores disruptivos bolivianos compartir\u00e1n algunas experiencias de vida e ideas que valen la pena difundirlas.<\/span><\/p>\n<p><iframe loading=\"lazy\" title=\"YouTube video player\" src=\"https:\/\/www.youtube.com\/embed\/BG2HecVKZkQ\" width=\"560\" height=\"315\" frameborder=\"0\" allowfullscreen=\"allowfullscreen\"><\/iframe><\/p>\n<p><span style=\"color: #000000;\"><strong>El arte urbano expone al artista a situaciones dif\u00edciles<\/strong><\/span><\/p>\n<p><span style=\"color: #000000;\">Kalavera recuerda que empez\u00f3 a pintar desde muy joven, exponi\u00e9ndose a situaciones peligrosas que, cuando se es joven, no se toma conciencia de la magnitud del peligro al que se expone.<\/span><\/p>\n<p><span style=\"color: #000000;\">\u201cLa calle misma te da lecciones y te ense\u00f1a ma\u00f1as a las buenas o a las malas. Uno termina aprendiendo c\u00f3mo moverse en ella (\u2026)\u201d, puntualiza, haciendo \u00e9nfasis en que el proceso creativo es una constante en su vida y que logra retroalimentaci\u00f3n de su familia y amigos, a fin de reconstruirse para nuevas obras.<\/span><\/p>\n<p><span style=\"color: #000000;\">Reflexiona tambi\u00e9n en torno al rechazo de sectores sociales a las intervenciones art\u00edsticas pero que los grafiteros y artistas urbanos est\u00e1n acostumbrados al rechazo social. En los primeros a\u00f1os todos recibimos un sin fin de cr\u00edticas. Pero que, con el tiempo, luego de mejorar el mensaje y la t\u00e9cnica, a partir de la cr\u00edtica sana, se convirtieron en comentarios positivos.<\/span><\/p>\n<p><span style=\"color: #000000;\"><strong>Solo hay una forma de ser artista urbano<\/strong><\/span><\/p>\n<p><span style=\"color: #000000;\">Kalavera indica que las t\u00e9cnicas y estilos son f\u00e1ciles de copiar de Google, pero que solo hay una forma de ser grafitero o artista urbano y es saliendo a la calle y que enfrentarse cara a cara con ella, recorrerla y entenderla, toma su tiempo.<\/span><\/p>\n<p><span style=\"color: #000000;\">De ah\u00ed que sus obras reflejan el entorno en el que se encuentra la pieza, sus habitantes, sus conflictos y carencias ya que para ser artista urbano hay que saber leer y entender el contexto en el que se desenvuelven y comprender que el dialogo entre una intervenci\u00f3n y la calle es importante.<\/span><\/p>\n<p><span style=\"color: #000000;\">\u201cIntervenir en las calles me ha llevado a conocer a profundidad mi ciudad. Pero tambi\u00e9n me ha llevado a otros pa\u00edses y conocer sus ciudades y creo que eso ha ampliada mi visi\u00f3n sobre la vida misma\u201d, indica.<\/span><\/p>\n<p><span style=\"color: #000000;\">Un objetivo del arte, en cualquiera de sus formas, es inspirar a la gente, que se apropien de ella y la hagan parte suya; es decir, en su caso, que haya la fusi\u00f3n de dos mundos &#8211; de lo que es la ciudad y lo que es el imaginario de los j\u00f3venes.<\/span><\/p>\n<p><span style=\"color: #000000;\">Kalavera asegura que ser elegido para el TEDx 2023, como una persona que inspira representa un paso importante en su trayectoria. \u201cResponsabilidad y compromiso a seguir en busca de nuevas metas y retos para compartir a seguir buscando nuevos caminos para explorar en busca de nuevas inspiraciones\u201d.<\/span><\/p>\n<p><span style=\"color: #000000;\">El arte urbano ha marcado el camino de Kalavera hacia distintos lugares, con perspectivas diferentes y experiencias enriquecedoras, como Estados Unidos, Italia y toda Am\u00e9rica Latina, pero principalmente asegura que le ha permitido realizar un viaje introspectivo, de an\u00e1lisis de s\u00ed mismo y de su contexto.<\/span><\/p>\n<p><span style=\"color: #000000;\"><strong>Proyecci\u00f3n a futuro<\/strong><\/span><\/p>\n<p><span style=\"color: #000000;\">El muralista boliviano prev\u00e9 crecer un poco m\u00e1s para tratar de sumar con sus actividades a la gesti\u00f3n cultural en el pa\u00eds y consolidar que el movimiento art\u00edstico, est\u00e9 m\u00e1s abierto a recibir m\u00e1s gente, con renovados proyectos.<\/span><\/p>\n<p><span style=\"color: #000000;\">\u201c\u00c9se es mi objetivo m\u00e1s adelante. La idea es realizar m\u00e1s eventos para traer m\u00e1s artistas de todo el mundo a fin que la gente pueda tener otras experiencias y m\u00e1s visiones de otros lugares\u201d, puntualiza.<\/span><\/p>\n<p><img loading=\"lazy\" decoding=\"async\" class=\"wp-image-138979 aligncenter\" src=\"https:\/\/unifranz.edu.bo\/wp-content\/uploads\/2023\/08\/1-3-300x300.jpeg\" alt=\"\" width=\"760\" height=\"760\" srcset=\"https:\/\/unifranz.edu.bo\/wp-content\/uploads\/2023\/08\/1-3-300x300.jpeg 300w, https:\/\/unifranz.edu.bo\/wp-content\/uploads\/2023\/08\/1-3-1024x1024.jpeg 1024w, https:\/\/unifranz.edu.bo\/wp-content\/uploads\/2023\/08\/1-3-768x768.jpeg 768w, https:\/\/unifranz.edu.bo\/wp-content\/uploads\/2023\/08\/1-3-1536x1536.jpeg 1536w, https:\/\/unifranz.edu.bo\/wp-content\/uploads\/2023\/08\/1-3-12x12.jpeg 12w, https:\/\/unifranz.edu.bo\/wp-content\/uploads\/2023\/08\/1-3.jpeg 2048w\" sizes=\"auto, (max-width: 760px) 100vw, 760px\" \/><\/p>","protected":false},"excerpt":{"rendered":"<p>Por Lily Zurita Salvador Kalavera es un destacado artista boliviano que lleva el muralismo en la sangre y que es fuente de inspiraci\u00f3n para decenas de j\u00f3venes que encuentran en su forma de expresi\u00f3n art\u00edstica, una arraigada rebeld\u00eda contra el sistema de producci\u00f3n art\u00edstica del cual no se sienten parte. Su seud\u00f3nimo \u2018Kalavera\u2019, le trae &hellip; <a href=\"https:\/\/unifranz.edu.bo\/pt\/blog\/salvador-kalavera-el-muralismo-en-la-sangre\/\">Continued<\/a><\/p>","protected":false},"author":45,"featured_media":138978,"comment_status":"open","ping_status":"open","sticky":false,"template":"","format":"standard","meta":{"_acf_changed":false,"footnotes":""},"categories":[4232,60,2858,2388,2442,5136,1782],"tags":[5306,4426,5308,4422,1800,4142,242],"class_list":["post-138975","post","type-post","status-publish","format-standard","has-post-thumbnail","hentry","category-arte-inmersivo","category-blog","category-innovacion-en-educacion","category-jovenes","category-tedx-es","category-tedx-unifranz","category-unifranz","tag-artista","tag-muralismo","tag-muralista","tag-salvador-kalavera","tag-tedx-es","tag-tedx-unifranz","tag-unifranz"],"acf":[],"_links":{"self":[{"href":"https:\/\/unifranz.edu.bo\/pt\/wp-json\/wp\/v2\/posts\/138975","targetHints":{"allow":["GET"]}}],"collection":[{"href":"https:\/\/unifranz.edu.bo\/pt\/wp-json\/wp\/v2\/posts"}],"about":[{"href":"https:\/\/unifranz.edu.bo\/pt\/wp-json\/wp\/v2\/types\/post"}],"author":[{"embeddable":true,"href":"https:\/\/unifranz.edu.bo\/pt\/wp-json\/wp\/v2\/users\/45"}],"replies":[{"embeddable":true,"href":"https:\/\/unifranz.edu.bo\/pt\/wp-json\/wp\/v2\/comments?post=138975"}],"version-history":[{"count":2,"href":"https:\/\/unifranz.edu.bo\/pt\/wp-json\/wp\/v2\/posts\/138975\/revisions"}],"predecessor-version":[{"id":139077,"href":"https:\/\/unifranz.edu.bo\/pt\/wp-json\/wp\/v2\/posts\/138975\/revisions\/139077"}],"wp:featuredmedia":[{"embeddable":true,"href":"https:\/\/unifranz.edu.bo\/pt\/wp-json\/wp\/v2\/media\/138978"}],"wp:attachment":[{"href":"https:\/\/unifranz.edu.bo\/pt\/wp-json\/wp\/v2\/media?parent=138975"}],"wp:term":[{"taxonomy":"category","embeddable":true,"href":"https:\/\/unifranz.edu.bo\/pt\/wp-json\/wp\/v2\/categories?post=138975"},{"taxonomy":"post_tag","embeddable":true,"href":"https:\/\/unifranz.edu.bo\/pt\/wp-json\/wp\/v2\/tags?post=138975"}],"curies":[{"name":"wp","href":"https:\/\/api.w.org\/{rel}","templated":true}]}}