{"id":138495,"date":"2023-08-08T18:01:00","date_gmt":"2023-08-08T22:01:00","guid":{"rendered":"https:\/\/unifranz.edu.bo\/?p=138495"},"modified":"2023-08-08T18:02:32","modified_gmt":"2023-08-08T22:02:32","slug":"alcides-torres-el-arquitecto-para-nuevas-generaciones","status":"publish","type":"post","link":"https:\/\/unifranz.edu.bo\/pt\/blog\/alcides-torres-el-arquitecto-para-nuevas-generaciones\/","title":{"rendered":"Alcides Torres, el arquitecto urbanista que deja un legado invaluable para nuevas generaciones"},"content":{"rendered":"<p><span style=\"color: #000000;\">Por Luis Escobar<\/span><\/p>\n<p><span style=\"color: #000000;\">Alcides Torres regres\u00f3 al pa\u00eds en la d\u00e9cada de los 70 luego de estudiar arquitectura en Alemania. Su primer y uno de los proyectos m\u00e1s reconocidos fue el dise\u00f1o de la primera fase de Los Pinos, un complejo habitacional en la zona Sur de La Paz, y donde se consolid\u00f3 como uno de los urbanistas m\u00e1s destacados del pa\u00eds. El profesional tambi\u00e9n sobresali\u00f3 en la docencia y junto con la rectora nacional de la Universidad Franz Tamayo (Unifranz), Ver\u00f3nica \u00c1greda, dio vida a la carrera de arquitectura de esta universidad y el fin de semana falleci\u00f3.<\/span><\/p>\n<p><span style=\"color: #000000;\">\u201cPerdimos a Alcides Torres, un gran mentor, maestro y amigo. Su casa fue la m\u00eda desde la m\u00e1s tierna infancia. Me adopt\u00f3 en su coraz\u00f3n y celebr\u00f3 cuando supo que quer\u00eda estudiar arquitectura. En el camino compartido co-creamos la carrera de arquitectura de Unifranz.\u00a0 Agradezco su vida y s\u00f3lo me consuela su legado a la #arquitecturaboliviana y las nuevas generaciones de arquitectos\u2026 Hasta siempre maestro\u201d, escribi\u00f3 la rectora nacional, Ver\u00f3nica \u00c1greda en su cuenta de Facebook.<\/span><\/p>\n<p><span style=\"color: #000000;\">Alumnos y colegas recuerdan a Torres por uno de sus proyectos m\u00e1s destacados como las \u201cMutuales de los a\u00f1os 70\u201d, record\u00f3 el arquitecto experto en urbanismo, Iv\u00e1n Zabala. \u201cEncar\u00f3 la propuesta de vivienda social en la zona Sur. No s\u00e9 si fue a trav\u00e9s de un concurso pero su proyecto a dise\u00f1o final se ejecut\u00f3 en Los Pinos\u201d, asegura.<\/span><\/p>\n<p><span style=\"color: #000000;\">La primera fase de la obra permiti\u00f3 que esta \u00e1rea de la zona Sur se convierta en un conjunto donde los espacios abiertos tengan mayor importancia que las mismas edificaciones y cre\u00f3 un lugar donde la gente pueda \u201cdisfrutar y sentir el paisaje\u201d, explic\u00f3 Zabala. Tal impacto tuvo esta obra hasta la actualidad que hace poco se public\u00f3 un documento sobre la fauna, en especial las aves, que habitan este sector y al que fue considerado como un reservorio de estos animales.<\/span><\/p>\n<p><span style=\"color: #000000;\">Jorge Valenzuela, ex oficial mayor de Planificaci\u00f3n de la Alcald\u00eda pace\u00f1a, fue auxiliar de docencia de Torres en la d\u00e9cada del 70 y reconoci\u00f3 que otro de sus grandes aportes a La Paz fue la construcci\u00f3n del Club Alem\u00e1n. \u201cFueron m\u00e1s de 50 a\u00f1os de amistad, un tiempo muy bien aprovechado. Fue un gran amigo, una persona seria, responsable y honesta. El arquitecto era un profesional a quien le interesaba mucho la tecnolog\u00eda. Sus obras estaban basadas en elementos constructivos interesantes y los aprovech\u00f3 de una forma muy correcta\u201d.<\/span><\/p>\n<p><span style=\"color: #000000;\">Valenzuela dijo que los proyectos que emprendi\u00f3 Torres ten\u00edan una clara muestra de su preocupaci\u00f3n por atender problemas los urbanos. \u201cLa primera fase del barrio de Los Pinos es un proyecto excelente en el que particip\u00f3 activamente. Era un docente preocupado por las cosas de la ciudad y eso influy\u00f3 en las materias que dictaba en su c\u00e1tedra. \u00c9l siempre estuvo pendiente de que los estudiantes aprendan a valorar la ciudad y el entorno en que estaban proyectando\u201d, precis\u00f3.<\/span><\/p>\n<p><span style=\"color: #000000;\">Sab\u00eda aprovechar los materiales con que dispon\u00eda en el pa\u00eds; sobre todo la madera, el ladrillo y el hormig\u00f3n. El Club Alem\u00e1n es una muestra de c\u00f3mo entend\u00eda los elementos de la tecnolog\u00eda y la estructura como una parte importante del proyecto.<\/span><\/p>\n<p><span style=\"color: #000000;\">Ronald Ter\u00e1n, especialista en patrimonio arquitect\u00f3nico, tambi\u00e9n record\u00f3 que Ter\u00e1n fue director de Obras P\u00fablicas de la Alcald\u00eda de La Paz en la que se destac\u00f3 por su buena gesti\u00f3n en la parte t\u00e9cnica y administrativa de las obras en ese entonces. \u201cDespu\u00e9s fue jefe de carrera de Arquitectura y docente en diferentes universidades. Ten\u00eda una menci\u00f3n en urbanismo y trabaj\u00f3 en varias empresas constructoras\u201d, puntualiz\u00f3.<\/span><\/p>\n<p><span style=\"color: #000000;\">\u201cFalleci\u00f3 (el fin de semana) a los 87 a\u00f1os y se destac\u00f3 en la gesti\u00f3n municipal. Tambi\u00e9n fue parte de un equipo de profesionales en la empresa privada y sobresali\u00f3 en la docencia. Transmiti\u00f3, en el pa\u00eds, su conocimiento de lo que aprendi\u00f3 en Europa\u201d, precis\u00f3 Ter\u00e1n.<\/span><\/p>\n<p>&nbsp;<\/p>\n<p>&nbsp;<\/p>","protected":false},"excerpt":{"rendered":"<p>Por Luis Escobar Alcides Torres regres\u00f3 al pa\u00eds en la d\u00e9cada de los 70 luego de estudiar arquitectura en Alemania. Su primer y uno de los proyectos m\u00e1s reconocidos fue el dise\u00f1o de la primera fase de Los Pinos, un complejo habitacional en la zona Sur de La Paz, y donde se consolid\u00f3 como uno &hellip; <a href=\"https:\/\/unifranz.edu.bo\/pt\/blog\/alcides-torres-el-arquitecto-para-nuevas-generaciones\/\">Continued<\/a><\/p>","protected":false},"author":45,"featured_media":138496,"comment_status":"open","ping_status":"open","sticky":false,"template":"","format":"standard","meta":{"_acf_changed":false,"footnotes":""},"categories":[1884,60,2186,1662,2858,1782],"tags":[5298,5300,428,4792,5304,242,434,5302],"class_list":["post-138495","post","type-post","status-publish","format-standard","has-post-thumbnail","hentry","category-arquitectura","category-blog","category-carreras-es","category-docentes","category-innovacion-en-educacion","category-unifranz","tag-alcides-torres","tag-arquitecto","tag-arquitectura","tag-carrera-de-arquitectura","tag-legado","tag-unifranz","tag-urbanismo","tag-urbanista"],"acf":[],"_links":{"self":[{"href":"https:\/\/unifranz.edu.bo\/pt\/wp-json\/wp\/v2\/posts\/138495","targetHints":{"allow":["GET"]}}],"collection":[{"href":"https:\/\/unifranz.edu.bo\/pt\/wp-json\/wp\/v2\/posts"}],"about":[{"href":"https:\/\/unifranz.edu.bo\/pt\/wp-json\/wp\/v2\/types\/post"}],"author":[{"embeddable":true,"href":"https:\/\/unifranz.edu.bo\/pt\/wp-json\/wp\/v2\/users\/45"}],"replies":[{"embeddable":true,"href":"https:\/\/unifranz.edu.bo\/pt\/wp-json\/wp\/v2\/comments?post=138495"}],"version-history":[{"count":1,"href":"https:\/\/unifranz.edu.bo\/pt\/wp-json\/wp\/v2\/posts\/138495\/revisions"}],"predecessor-version":[{"id":138497,"href":"https:\/\/unifranz.edu.bo\/pt\/wp-json\/wp\/v2\/posts\/138495\/revisions\/138497"}],"wp:featuredmedia":[{"embeddable":true,"href":"https:\/\/unifranz.edu.bo\/pt\/wp-json\/wp\/v2\/media\/138496"}],"wp:attachment":[{"href":"https:\/\/unifranz.edu.bo\/pt\/wp-json\/wp\/v2\/media?parent=138495"}],"wp:term":[{"taxonomy":"category","embeddable":true,"href":"https:\/\/unifranz.edu.bo\/pt\/wp-json\/wp\/v2\/categories?post=138495"},{"taxonomy":"post_tag","embeddable":true,"href":"https:\/\/unifranz.edu.bo\/pt\/wp-json\/wp\/v2\/tags?post=138495"}],"curies":[{"name":"wp","href":"https:\/\/api.w.org\/{rel}","templated":true}]}}