{"id":137404,"date":"2023-08-06T16:00:15","date_gmt":"2023-08-06T20:00:15","guid":{"rendered":"https:\/\/unifranz.edu.bo\/?p=137404"},"modified":"2023-08-06T16:07:37","modified_gmt":"2023-08-06T20:07:37","slug":"jurista-propone-actualizar-la-ley-general-del-trabajo-que-lleva-81-anos","status":"publish","type":"post","link":"https:\/\/unifranz.edu.bo\/pt\/blog\/jurista-propone-actualizar-la-ley-general-del-trabajo-que-lleva-81-anos\/","title":{"rendered":"Jurista propone actualizar la ley general del trabajo que lleva 81 a\u00f1os"},"content":{"rendered":"<p><span style=\"color: #000000;\">Por: Andres Zankis y Luis Villasol<\/span><\/p>\n<p>&nbsp;<\/p>\n<p><span style=\"color: #000000;\">Patricia trabaj\u00f3 siete a\u00f1os en un restaurante de Santa Cruz de la Sierra, de manera inesperada la retiraron por problemas que enfrent\u00f3 la empresa tras la pandemia y ella se qued\u00f3 sin ingresos para mantener a sus tres hijos. No puede hacer mucho porque Ley General del Trabajo no contempla mecanismos r\u00e1pidos para atender su caso y la v\u00eda judicial es muy larga. Jurista propone una norma \u00e1gil y la negociaci\u00f3n oportuna como punto de soluci\u00f3n de conflictos en beneficio de ambas partes.<\/span><\/p>\n<p><span style=\"color: #000000;\">El empleador no le pag\u00f3 a Patricia los tres meses de desahucio ni la liquidaci\u00f3n por cada uno de los a\u00f1os de servicio que prest\u00f3 en el restaurante. Con miedo recurre al Ministerio de Trabajo para presentar la denuncia y obtener asesoramiento t\u00e9cnico y gratuito.<\/span><\/p>\n<p><span style=\"color: #000000;\">\u201cLa Ley General del Trabajo es de 1942 y debe actualizarse porque el contexto y los escenarios del pa\u00eds son otros. En Bolivia se emiten normas y regulaciones a trav\u00e9s de decretos supremos, cuando lo que se requiere es actualizar (\u2026) las relaciones entre el trabajador y empleador\u201d, declara Sonia Dur\u00e1n, directora de la carrera de Derecho de Unifranz Santa Cruz.<\/span><\/p>\n<p><span style=\"color: #000000;\">La profesional considera que se debe sistematizar las normas para contar con un solo cuerpo de leyes que facilite su estudio y comprensi\u00f3n del \u00e1rea. Incluso asegur\u00f3 que la Ley General del Trabajo debe establecer mecanismos o procedimientos expedidos para cuidar los derechos laborales de manera oportuna y que el Ministerio de Trabajo tenga facultades coercitivas para que la v\u00eda judicial no sea muy larga.<\/span><\/p>\n<p><img loading=\"lazy\" decoding=\"async\" class=\"alignnone wp-image-137406 size-large\" src=\"https:\/\/unifranz.edu.bo\/wp-content\/uploads\/2023\/08\/pexels-anna-tarazevich-6937428-1024x683.jpg\" alt=\"\" width=\"1024\" height=\"683\" srcset=\"https:\/\/unifranz.edu.bo\/wp-content\/uploads\/2023\/08\/pexels-anna-tarazevich-6937428-1024x683.jpg 1024w, https:\/\/unifranz.edu.bo\/wp-content\/uploads\/2023\/08\/pexels-anna-tarazevich-6937428-300x200.jpg 300w, https:\/\/unifranz.edu.bo\/wp-content\/uploads\/2023\/08\/pexels-anna-tarazevich-6937428-768x512.jpg 768w, https:\/\/unifranz.edu.bo\/wp-content\/uploads\/2023\/08\/pexels-anna-tarazevich-6937428-1536x1024.jpg 1536w, https:\/\/unifranz.edu.bo\/wp-content\/uploads\/2023\/08\/pexels-anna-tarazevich-6937428-2048x1365.jpg 2048w, https:\/\/unifranz.edu.bo\/wp-content\/uploads\/2023\/08\/pexels-anna-tarazevich-6937428-18x12.jpg 18w\" sizes=\"auto, (max-width: 1024px) 100vw, 1024px\" \/><\/p>\n<p><span style=\"color: #000000;\">Por su parte, Felipe S\u00e1nchez, due\u00f1o de una reconocida salte\u00f1er\u00eda en Santa Cruz redujo su personal con la llegada de la pandemia por el Covid-19 y sus ventas bajaron. \u201cCerr\u00e9 cinco de las 11 sucursales que ten\u00eda y me fue imposible pagar el sueldo a todos mis trabajadores. Quedaron abiertas s\u00f3lo las sucursales con las que pude atender pedidos por delivery y donde el alquiler no era tan alto\u201d.<\/span><\/p>\n<p><span style=\"color: #000000;\">S\u00e1nchez demor\u00f3 entre dos y tres meses en terminar de pagar los beneficios sociales a sus ex trabajadores por encima de los 15 d\u00edas que establece la actual norma. De forma interna gestion\u00f3 un acuerdo personal con sus trabajadores para realizar el pago en cuotas y no llegar a instancias legales.<\/span><\/p>\n<p><span style=\"color: #000000;\">Muchas empresas llegan a situaciones similares. Por diferentes circunstancias entran en una crisis econ\u00f3mica que les impide dar continuidad laboral a sus trabajadores y peor a\u00fan, ot\u00f3rgales la liquidaci\u00f3n que les corresponde y por esta raz\u00f3n necesitan que la norma sea actualizada.<\/span><\/p>\n<p><span style=\"color: #000000;\">La malla curricular de la carrera de Derecho en Unifranz Santa Cruz contempla la asignatura \u201cAxiolog\u00eda y Deontolog\u00eda Jur\u00eddica\u201d que est\u00e1 centrada en el estudio de los valores y las normas morales que prevalecen en una sociedad. El objetivo de la universidad es formar profesionales con valores humanos quienes trabajen por construir una sociedad m\u00e1s justa y digna para todos.<\/span><\/p>\n<p><span style=\"color: #000000;\">\u201cLos principios los tenemos contemplados en la Constituci\u00f3n y son fundamentales en el ejercicio de cualquier ciudadano. Bolivia requiere profesionales \u00edntegros, honestos, con principios innegociables, capaces de responder a las demandas y exigencias con un esp\u00edritu de servicio social. Estos pilares deben ser fundamentales cuando tenga en sus manos la vida, libertad o patrimonio de los ciudadanos. Que tengan pasi\u00f3n por lo que hacen y no se manejen por el inter\u00e9s de lucrar\u201d, comenta Dur\u00e1n.<\/span><\/p>\n<p><span style=\"color: #000000;\">Los profesionales de Derecho de Unifranz desarrollan habilidades de comunicaci\u00f3n afectiva, de negociaci\u00f3n, pensamiento cr\u00edtico y capacidades para resolver problemas con conocimiento legal e innovador. Son capaces de realizar investigaciones legales exhaustivas con fuentes confiables y relevantes que respaldan sus argumentos; son expertos en examinar los hechos y datos importantes, identificar problemas legales y evaluar diferentes soluciones.<\/span><\/p>\n<p><span style=\"color: #000000;\">\u201cComo el caso de Patricia hay muchos en Bolivia y es importante que la poblaci\u00f3n conozca las normas y sepan que, ante la vulneraci\u00f3n de los derechos laborales, el Ministerio de Trabajo brinda defensa y asesoramientos gratuitos para quienes no tienen los recursos econ\u00f3micos para contratar un abogado\u201d, afirma Dur\u00e1n.<\/span><\/p>\n<p><span style=\"color: #000000;\">Seg\u00fan el Instituto Nacional de Estad\u00edstica (INE) el 69,18% de la poblaci\u00f3n econ\u00f3micamente activa cuenta con empleos de mala calidad. Es decir, que no cuenta con seguro de salud, aportes para la jubilaci\u00f3n, aguinaldo u otros beneficios. Un 64%, que est\u00e1 dentro del grupo anterior, no tiene ni siquiera un contrato en su actual empleo.<\/span><\/p>\n<p><span style=\"color: #000000;\">En los \u00faltimos a\u00f1os, se han ejecutado decretos supremos que han modificado algunos art\u00edculos que han intentado ofrecer mejores beneficios a la poblaci\u00f3n trabajadora. El Decreto Supremo 4711, establece el Incremento Salarial para la gesti\u00f3n 2022, para las y los profesionales y las trabajadoras y los trabajadores en el sector salud; personal docente y administrativo del Magisterio Fiscal.<\/span><\/p>\n<p><span style=\"color: #000000;\">Otro de los problemas con mayor demanda en el Ministerio de Trabajo son la p\u00e9rdida de vacaciones. Con el Decreto Supremo 4709 se establece el goce fraccionado de vacaciones por los trabajadores, y la acumulaci\u00f3n de las mismas sin necesidad de acuerdo escrito, para lo cual se modifica el Art\u00edculo 33 del Decreto Supremo N\u00ba 224, de 23 de agosto de 1943, Reglamentario a la Ley General del Trabajo.<\/span><\/p>","protected":false},"excerpt":{"rendered":"<p>Por: Andres Zankis y Luis Villasol &nbsp; Patricia trabaj\u00f3 siete a\u00f1os en un restaurante de Santa Cruz de la Sierra, de manera inesperada la retiraron por problemas que enfrent\u00f3 la empresa tras la pandemia y ella se qued\u00f3 sin ingresos para mantener a sus tres hijos. No puede hacer mucho porque Ley General del Trabajo &hellip; <a href=\"https:\/\/unifranz.edu.bo\/pt\/blog\/jurista-propone-actualizar-la-ley-general-del-trabajo-que-lleva-81-anos\/\">Continued<\/a><\/p>","protected":false},"author":33,"featured_media":137405,"comment_status":"open","ping_status":"open","sticky":false,"template":"","format":"standard","meta":{"_acf_changed":false,"footnotes":""},"categories":[60,1886,2506,1782],"tags":[5262,5260,5266,5264],"class_list":["post-137404","post","type-post","status-publish","format-standard","has-post-thumbnail","hentry","category-blog","category-derecho","category-trabajo","category-unifranz","tag-derechos-laborales","tag-ley-general-del-trabajo","tag-ministerio-de-trabajo-en-bolivia","tag-trabajo-en-bolivia"],"acf":[],"_links":{"self":[{"href":"https:\/\/unifranz.edu.bo\/pt\/wp-json\/wp\/v2\/posts\/137404","targetHints":{"allow":["GET"]}}],"collection":[{"href":"https:\/\/unifranz.edu.bo\/pt\/wp-json\/wp\/v2\/posts"}],"about":[{"href":"https:\/\/unifranz.edu.bo\/pt\/wp-json\/wp\/v2\/types\/post"}],"author":[{"embeddable":true,"href":"https:\/\/unifranz.edu.bo\/pt\/wp-json\/wp\/v2\/users\/33"}],"replies":[{"embeddable":true,"href":"https:\/\/unifranz.edu.bo\/pt\/wp-json\/wp\/v2\/comments?post=137404"}],"version-history":[{"count":3,"href":"https:\/\/unifranz.edu.bo\/pt\/wp-json\/wp\/v2\/posts\/137404\/revisions"}],"predecessor-version":[{"id":137409,"href":"https:\/\/unifranz.edu.bo\/pt\/wp-json\/wp\/v2\/posts\/137404\/revisions\/137409"}],"wp:featuredmedia":[{"embeddable":true,"href":"https:\/\/unifranz.edu.bo\/pt\/wp-json\/wp\/v2\/media\/137405"}],"wp:attachment":[{"href":"https:\/\/unifranz.edu.bo\/pt\/wp-json\/wp\/v2\/media?parent=137404"}],"wp:term":[{"taxonomy":"category","embeddable":true,"href":"https:\/\/unifranz.edu.bo\/pt\/wp-json\/wp\/v2\/categories?post=137404"},{"taxonomy":"post_tag","embeddable":true,"href":"https:\/\/unifranz.edu.bo\/pt\/wp-json\/wp\/v2\/tags?post=137404"}],"curies":[{"name":"wp","href":"https:\/\/api.w.org\/{rel}","templated":true}]}}