{"id":137215,"date":"2023-08-03T20:03:59","date_gmt":"2023-08-04T00:03:59","guid":{"rendered":"https:\/\/unifranz.edu.bo\/?p=137215"},"modified":"2023-08-04T10:21:20","modified_gmt":"2023-08-04T14:21:20","slug":"jovenes-lideres-inspiraran-en-el-tedx-unifranz-2023","status":"publish","type":"post","link":"https:\/\/unifranz.edu.bo\/pt\/blog\/jovenes-lideres-inspiraran-en-el-tedx-unifranz-2023\/","title":{"rendered":"J\u00f3venes l\u00edderes inspirar\u00e1n al mundo con historias de \u00e9xito en el TEDx Unifranz 2023\u00a0"},"content":{"rendered":"<p><span style=\"color: #000000;\">El liderazgo emprendedor, exitosas iniciativas en econom\u00eda circular,\u00a0 el talento innato de artistas que rebasan fronteras o la resoluci\u00f3n tecnol\u00f3gica a necesidades humanas, son algunas historias inspiradoras que ser\u00e1n compartidas por seis j\u00f3venes l\u00edderes, en el TEDx Unifranz 2023, que tendr\u00e1 lugar en El Alto.<\/span><\/p>\n<p><span style=\"color: #000000;\">\u201cEl pa\u00eds y Latinoam\u00e9rica tienen mucho talento. Los j\u00f3venes menores de 30 a\u00f1os representan al 60% de la poblaci\u00f3n en Bolivia, para ellos la innovaci\u00f3n se ha convertido en una condici\u00f3n de sobrevivencia (..) Son j\u00f3venes que tienen distintas formas de expresarse, que abrazan causas ejemplares y que se convierten en una fuente de inspiraci\u00f3n para construir un mundo mejor. Esa es la raz\u00f3n principal por la que la Unifranz impulsa este tipo de iniciativas\u201d, asegur\u00f3 Ver\u00f3nica \u00c1greda, rectora de la Univeridad Franz Tamayo, Unifranz, en la presentaci\u00f3n oficial del evento.<\/span><\/p>\n<p><span style=\"color: #000000;\">El TEDx Unifranz es un escenario global y local de pensadores y l\u00edderes en los campos de la tecnolog\u00eda, entretenimiento y dise\u00f1o. J\u00f3venes l\u00edderes impartir\u00e1n charlas con sus experiencias exitosas la siguiente semana en la sede de Unifranz en El Alto. Esta es la tercera versi\u00f3n del TEDx y desde sus inicios conecta a la comunidad con miles de emprendedores y amantes del crecimiento personal que tienen \u201cideas que merecen ser difundidas\u201d.<\/span><\/p>\n<p><span style=\"color: #000000;\">\u00c1greda est\u00e1 segura de que el conocimiento no s\u00f3lo debe quedarse en \u201calgunas\u201d \u00e9lites; al contrario, debe compartirse porque el pa\u00eds y el mundo se halla en tiempos de colaboraci\u00f3n, de redes globales con acciones locales.\u00a0\u00a0<\/span><\/p>\n<p><span style=\"color: #000000;\">La ciudad de El Alto, es el escenario que se eligi\u00f3 para la versi\u00f3n tercera del TEDX por su poblaci\u00f3n mayoritariamente joven, por ser receptivos a ideas que inspiran e impulsan a dar el salto\u00a0 a la realidad y su condici\u00f3n de desarrollo econ\u00f3mico.\u00a0<\/span><\/p>\n<p><span style=\"color: #000000;\"><strong>Speakers y sus experiencias de \u00e9xito<\/strong><\/span><\/p>\n<p><span style=\"color: #000000;\">Los speakers del TEDx Unifranz son l\u00edderes que demostraron que el sue\u00f1o de crear un impacto positivo en sus comunidades puede hacerse realidad con pasi\u00f3n, dedicaci\u00f3n y valent\u00eda. Gabriela Acarapi es una de ellas. \u201cAl ver un problema las ideas comienzan a surgir para darle una soluci\u00f3n y lo importante es que se conviertan en realidad. Necesitamos proyectarnos, poner en papel c\u00f3mo vamos a dar una respuesta, qu\u00e9 necesitamos, a d\u00f3nde queremos llegar, c\u00f3mo lo vamos a hacer\u201d.\u00a0<\/span><\/p>\n<p><span style=\"color: #000000;\">Desde la econom\u00eda circular, ella recolect\u00f3 envases y objetos de aluminio para convertirlos en piezas del hogar. Con sus productos lleg\u00f3 a fundar la Industrias Metal\u00fargica Carap Bolivia (MCB). Este es un ejemplo de fuerza, resiliencia e innovaci\u00f3n porque consolid\u00f3 su camino hacia el \u00e9xito y su historia motivar\u00e1 a los j\u00f3venes a seguir sus sue\u00f1os y enfrentar desaf\u00edos.<\/span><\/p>\n<p><span style=\"color: #000000;\">\u00c1ngel Rapu, artista y dise\u00f1ador en 3D, considera que \u201clo importante\u201d es ocupar las redes sociales para mostrar al mundo lo que hacemos. \u201cHay que perder el miedo y de esa manera los van a conocer, no s\u00f3lo en Bolivia, sino en lugares que no se imaginan. Les sorprender\u00e1 el alcance que puede tener para llegar a una meta\u201d.<\/span><\/p>\n<p><span style=\"color: #000000;\">Su habilidad le permiti\u00f3 crear obras en el metaverso y venderlas como NFT (bienes no fungibles) a clientes en Estados Unidos y otros pa\u00edses del mundo para mostrar la cultura de nuestro pa\u00eds. \u00c1ngel es un claro ejemplo de c\u00f3mo el talento y la creatividad pueden abrir puertas a oportunidades globales.\u00a0<\/span><\/p>\n<p><span style=\"color: #000000;\">Salvador Kalavera, artista urbano, tambi\u00e9n se presentar\u00e1 en el TEDx Unifranz con su sello \u00d1atinta. \u00c9l dej\u00f3 su marca en murales llenos de color y vida pese a la tem\u00e1tica de sus obras. Los principales se encuentran en los pabellones del cementerio General de La Paz. Salvador us\u00f3 su arte como una forma de rebeld\u00eda y demostr\u00f3 c\u00f3mo el arte puede ser una poderosa herramienta para expresar ideas y generar cambios en la sociedad.<\/span><\/p>\n<p><span style=\"color: #000000;\">Elisa Torres, una emprendedora chilena tiene una visi\u00f3n clara: proporcionar recursos educativos gratuitos sobre computaci\u00f3n cu\u00e1ntica para ni\u00f1as y estudiantes de todo el mundo. Fundadora de Girls in Quantum, Elisa busca crear una red global de estudiantes interesadas en \u00e1reas STEM, inspirando a las j\u00f3venes a involucrarse en campos de la ciencia y la tecnolog\u00eda.<\/span><\/p>\n<p><span style=\"color: #000000;\">\u00c1greda considera que su trabajo busca animar a las ni\u00f1as a subirse a este tren de la tecnolog\u00eda, que haya m\u00e1s mujeres en ciencia e ingenieras. \u201cEsa causa la puso como una raz\u00f3n de vivir y la hace visible alrededor del mundo\u201d.<\/span><\/p>\n<p><span style=\"color: #000000;\">Jos\u00e9 Mar\u00eda Torrez, espa\u00f1ol de nacimiento, presentar\u00e1 su idea innovadora que surgi\u00f3 durante la pandemia. Brind\u00f3 atenci\u00f3n preventiva de salud a personas que retornaban al pa\u00eds en un reconocido hotel. Su visi\u00f3n de reenfocar la reingenier\u00eda de su empresa para ayudar a quienes necesitaban atenci\u00f3n m\u00e9dica es un ejemplo de c\u00f3mo la creatividad y la adaptabilidad pueden marcar una diferencia significativa en momentos dif\u00edciles.<\/span><\/p>\n<p><span style=\"color: #000000;\">Luis Antonio Jaimes, compartir\u00e1 su experiencia en el desarrollo de plataformas aerotransportadas aut\u00f3nomas para llevar internet a \u00e1reas rurales en 20 pa\u00edses del mundo. Su emprendimiento ha tenido un impacto transformador en la calidad de vida de miles de personas, demostrando c\u00f3mo la tecnolog\u00eda puede ser utilizada para resolver desaf\u00edos sociales y mejorar la conectividad en comunidades remotas.<\/span><\/p>\n<p><iframe loading=\"lazy\" title=\"YouTube video player\" src=\"https:\/\/www.youtube.com\/embed\/gxc8p8yrAGI\" width=\"560\" height=\"315\" frameborder=\"0\" allowfullscreen=\"allowfullscreen\"><\/iframe><\/p>\n<p><span style=\"color: #000000;\"><strong>Tecn\u00f3polis, el camino de El Alto\u00a0<\/strong><\/span><\/p>\n<p><span style=\"color: #000000;\">La primera y segunda versi\u00f3n del TEDx se realiz\u00f3 en las ciudades de Santa Cruz y Cochabamba. Esta nueva versi\u00f3n tiene como sede El Alto que, seg\u00fan la rectora de Unifranz, es la urbe que tiene todas las opciones de convertirse en una Tecn\u00f3polis. \u201cS\u00f3lo se trata de canalizar de forma positiva esa energ\u00eda y la educaci\u00f3n es un motor de movilidad social. Tiene el poder de transformar a las personas que transforman la realidad y es un escenario perfecto porque todas las condiciones est\u00e1n dadas\u201d.<\/span><\/p>\n<p><span style=\"color: #000000;\">La vicerrectora de Unifranz El Alto, Eve Gomez afirm\u00f3 que se eligi\u00f3 El Alto porque se pens\u00f3 en j\u00f3venes emprendedores. \u201cEsta es una ciudad de mucha fortaleza para el trabajo, emprendimiento, creatividad e innovaci\u00f3n. As\u00ed se caracteriz\u00f3 esta ciudad y consideramos importante difundir el conocimiento que va a inspirar a los j\u00f3venes alte\u00f1os\u201d.\u00a0<\/span><\/p>\n<p><span style=\"color: #000000;\">La profesional considera que esta ciudad est\u00e1 rompiendo barreras mentales y alcanzando transformaciones. \u201cA veces, no nos animamos a ir un paso m\u00e1s all\u00e1 porque no se sienten seguros, queremos que conozcan experiencias para que estos emprendimientos que van surgiendo puedan ser conocidos\u201d.\u00a0<\/span><\/p>\n<p><span style=\"color: #000000;\"><strong>\u00bfC\u00f3mo participar?\u00a0<\/strong><\/span><\/p>\n<p><span style=\"color: #000000;\">Las charlas presenciales est\u00e1n abiertas a docentes, estudiantes y profesionales de cualquier \u00e1mbito. Podr\u00e1 inscribirse a trav\u00e9s de la p\u00e1gina <a style=\"color: #000000;\" href=\"http:\/\/www.tedx.unifranz.edu.bo\">www.tedx.unifranz.edu.bo<\/a> . Los que no puedan asistir de forma presencial podr\u00e1n seguir todas las charlas en diferido a trav\u00e9s de las redes sociales de Unifranz y la plataforma internacional del TEDx.<\/span><\/p>\n<p><img loading=\"lazy\" decoding=\"async\" class=\"wp-image-137216 aligncenter\" src=\"https:\/\/unifranz.edu.bo\/wp-content\/uploads\/2023\/08\/SPEAKERS-DEL-TEDX-2023-300x169.png\" alt=\"\" width=\"820\" height=\"462\" srcset=\"https:\/\/unifranz.edu.bo\/wp-content\/uploads\/2023\/08\/SPEAKERS-DEL-TEDX-2023-300x169.png 300w, https:\/\/unifranz.edu.bo\/wp-content\/uploads\/2023\/08\/SPEAKERS-DEL-TEDX-2023-768x432.png 768w, https:\/\/unifranz.edu.bo\/wp-content\/uploads\/2023\/08\/SPEAKERS-DEL-TEDX-2023-18x10.png 18w, https:\/\/unifranz.edu.bo\/wp-content\/uploads\/2023\/08\/SPEAKERS-DEL-TEDX-2023.png 1024w\" sizes=\"auto, (max-width: 820px) 100vw, 820px\" \/><\/p>","protected":false},"excerpt":{"rendered":"<p>El liderazgo emprendedor, exitosas iniciativas en econom\u00eda circular,\u00a0 el talento innato de artistas que rebasan fronteras o la resoluci\u00f3n tecnol\u00f3gica a necesidades humanas, son algunas historias inspiradoras que ser\u00e1n compartidas por seis j\u00f3venes l\u00edderes, en el TEDx Unifranz 2023, que tendr\u00e1 lugar en El Alto. \u201cEl pa\u00eds y Latinoam\u00e9rica tienen mucho talento. Los j\u00f3venes menores &hellip; <a href=\"https:\/\/unifranz.edu.bo\/pt\/blog\/jovenes-lideres-inspiraran-en-el-tedx-unifranz-2023\/\">Continued<\/a><\/p>","protected":false},"author":45,"featured_media":137217,"comment_status":"open","ping_status":"open","sticky":false,"template":"","format":"standard","meta":{"_acf_changed":false,"footnotes":""},"categories":[60,2186,1862,2592,2858,2386,5136,1782],"tags":[47,1986,5230,1800,4142],"class_list":["post-137215","post","type-post","status-publish","format-standard","has-post-thumbnail","hentry","category-blog","category-carreras-es","category-educacion","category-empoderamiento","category-innovacion-en-educacion","category-tedx","category-tedx-unifranz","category-unifranz","tag-el-alto","tag-historias-de-exito","tag-historias-que-inspiran","tag-tedx-es","tag-tedx-unifranz"],"acf":[],"_links":{"self":[{"href":"https:\/\/unifranz.edu.bo\/pt\/wp-json\/wp\/v2\/posts\/137215","targetHints":{"allow":["GET"]}}],"collection":[{"href":"https:\/\/unifranz.edu.bo\/pt\/wp-json\/wp\/v2\/posts"}],"about":[{"href":"https:\/\/unifranz.edu.bo\/pt\/wp-json\/wp\/v2\/types\/post"}],"author":[{"embeddable":true,"href":"https:\/\/unifranz.edu.bo\/pt\/wp-json\/wp\/v2\/users\/45"}],"replies":[{"embeddable":true,"href":"https:\/\/unifranz.edu.bo\/pt\/wp-json\/wp\/v2\/comments?post=137215"}],"version-history":[{"count":3,"href":"https:\/\/unifranz.edu.bo\/pt\/wp-json\/wp\/v2\/posts\/137215\/revisions"}],"predecessor-version":[{"id":137261,"href":"https:\/\/unifranz.edu.bo\/pt\/wp-json\/wp\/v2\/posts\/137215\/revisions\/137261"}],"wp:featuredmedia":[{"embeddable":true,"href":"https:\/\/unifranz.edu.bo\/pt\/wp-json\/wp\/v2\/media\/137217"}],"wp:attachment":[{"href":"https:\/\/unifranz.edu.bo\/pt\/wp-json\/wp\/v2\/media?parent=137215"}],"wp:term":[{"taxonomy":"category","embeddable":true,"href":"https:\/\/unifranz.edu.bo\/pt\/wp-json\/wp\/v2\/categories?post=137215"},{"taxonomy":"post_tag","embeddable":true,"href":"https:\/\/unifranz.edu.bo\/pt\/wp-json\/wp\/v2\/tags?post=137215"}],"curies":[{"name":"wp","href":"https:\/\/api.w.org\/{rel}","templated":true}]}}