{"id":137085,"date":"2023-08-01T19:11:53","date_gmt":"2023-08-01T23:11:53","guid":{"rendered":"https:\/\/unifranz.edu.bo\/?p=137085"},"modified":"2023-08-05T09:51:48","modified_gmt":"2023-08-05T13:51:48","slug":"angel-rapu-tedx","status":"publish","type":"post","link":"https:\/\/unifranz.edu.bo\/pt\/blog\/angel-rapu-tedx\/","title":{"rendered":"\u00c1ngel Rapu: artista 3D de talla mundial que convirti\u00f3 su daltonismo en una habilidad"},"content":{"rendered":"<p><span style=\"color: #000000;\">Por Lily Zurita<\/span><\/p>\n<p><span style=\"color: #000000;\">Redes creativas y vitrinas virtuales posicionan talento boliviano a nivel mundial. Hace un par de a\u00f1os, \u00c1ngel Rapu, artista 3D, comparti\u00f3 su portafolio en Facebook y sitios de contenido relacionados al dise\u00f1o y al arte, como Artstation o Behance, que le abrieron las puertas para vender su arte a clientes de otros continentes y lograr reconocimiento mundial.<\/span><\/p>\n<p><span style=\"color: #000000;\">Luego de participar en un proyecto NFT (Non Fungible Token, en ingl\u00e9s), \u00c1ngel empez\u00f3 a codearse con artistas 3D y dise\u00f1adores gr\u00e1ficos de talla mundial. \u201cEs fant\u00e1stico. Antes observaba las obras de grandes artistas por Internet y ahora los conozco y puedo conversar con muchos de ellos, intercambiar experiencias y aprender m\u00e1s\u201d, dice el artista, de aspecto sencillo e infaltables lentes que, a primera vista, le dan un toque a su personalidad.<\/span><\/p>\n<p><span style=\"color: #000000;\">Junto a otros cinco j\u00f3venes emprendedores, Rapu participar\u00e1 como speaker en el TEDx Unifranz, una iniciativa creada en el esp\u00edritu de investigar y descubrir \u00abideas que valen la pena difundir\u00bb a trav\u00e9s de charlas motivadoras breves que generen un espacio de intercambio de experiencias.<\/span><\/p>\n<p><span style=\"color: #000000;\">\u00c1ngel Rapu es una muestra de superaci\u00f3n y valor. Este joven artista, egresado de Dise\u00f1o Gr\u00e1fico y Producci\u00f3n Crossmedia de la Universidad Franz Tamayo, Unifranz, asegura que descubri\u00f3 el mundo 3D y sus cualidades cuando estudiaba en la universidad.<\/span><\/p>\n<p><span style=\"color: #000000;\">\u201cSoy un artista 3D que le encanta lo que hace\u201d, indica el dise\u00f1ador gr\u00e1fico cruce\u00f1o que dedica casi todo su tiempo a hacer dise\u00f1os e ilustraciones para el metaverso y su portafolio virtual. Actualmente, sin dejar de lado la producci\u00f3n art\u00edstica, se prepara para la defensa de su tesis de grado.<\/span><\/p>\n<p><span style=\"color: #000000;\">Descubrir el dise\u00f1o 3D le permiti\u00f3 a este artista superar inseguridades que lo marcaron durante su ni\u00f1ez y adolescencia, producto de una afecci\u00f3n cong\u00e9nita en la vista (daltonismo) que, al principio, parec\u00eda una barrera infranqueable.<\/span><\/p>\n<p><span style=\"color: #000000;\"><strong>\u201c<\/strong>Siempre hay obst\u00e1culos. Lo importante es que si uno se tropieza debe aprender a levantarse y continuar\u201d, sostiene Rapu, quien participar\u00e1 en el TEDx Unifranz, versi\u00f3n 2023, que tendr\u00e1 lugar en El Alto, el 11 de agosto pr\u00f3ximo.<\/span><\/p>\n<p><span style=\"color: #000000;\">Amor, pasi\u00f3n y diversi\u00f3n caracterizan el trabajo de Rapu, quien dice que, si algo aprendi\u00f3 desde ni\u00f1o, es a divertirse \u201chaciendo lo que est\u00e9 haciendo\u201d.<\/span><\/p>\n<p><span style=\"color: #000000;\">Comprometida con el empoderamiento y desarrollo de los j\u00f3venes, Unifranz, apuesta por impulsar eventos que generen innovaci\u00f3n, despierten creatividad, investigaci\u00f3n, valores \u00e9ticos y responsabilidad social. \u201c\u00c9ste es un aporte desde Unifranz a la comunidad global, es un evento made in Bol\u00edvia, for export. Son ideas, historias desde la comunidad universitaria, desde Bolivia para el mundo; son historias que inspiran y que ser\u00e1n compartiremos en el TEDx\u201d, asegura la rectora Ver\u00f3nica Agreda de Pazos.<\/span><\/p>\n<p><span style=\"color: #000000;\"><strong>El daltonismo, una afecci\u00f3n que se convirti\u00f3 en habilidad<\/strong><\/span><\/p>\n<p><span style=\"color: #000000;\">Rapu comenta que supo sacarle m\u00e1ximo provecho a su problema de daltonismo, una afecci\u00f3n que no le permite ver los colores de manera normal, es decir, no distingue algunos colores, por ejemplo, los verdes de los rojos y, a veces, los azules.<\/span><\/p>\n<p><span style=\"color: #000000;\">\u201cAl principio pens\u00e9 que \u00e9se era un defecto, pero lo importante es que lo transform\u00e9 en una habilidad con la cual ahora puedo trabajar y dedicarme a lo que me gusta que es el dise\u00f1o 3D\u201d, indica.<\/span><\/p>\n<p><span style=\"color: #000000;\">El daltonismo lo afect\u00f3 cuando entr\u00f3 a la universidad, porque hab\u00eda elegido una carrera en la que se vive del color. \u201cPensar que ten\u00eda algo o que yo era distinto a los dem\u00e1s, me pareci\u00f3 que era una desventaja, pero cuando encontr\u00e9 lo que realmente me gustaba hacer, tom\u00e9 la decisi\u00f3n de que, aunque tenga esta condici\u00f3n, iba a dar todo de m\u00ed para superarlo y transformar esa desventaja en una habilidad\u201d, afirma.<\/span><\/p>\n<p><span style=\"color: #000000;\">El arte que realiza habla mucho de \u00e9l porque, si bien tiene la condici\u00f3n de no apreciar los colores como los dem\u00e1s, muestra desde su perspectiva lo que le encanta hacer, crear personajes 3D.<\/span><\/p>\n<p><iframe loading=\"lazy\" title=\"YouTube video player\" src=\"https:\/\/www.youtube.com\/embed\/53cHo0OtKVE\" width=\"560\" height=\"315\" frameborder=\"0\" allowfullscreen=\"allowfullscreen\"><\/iframe><\/p>\n<p><span style=\"color: #000000;\"><strong>Hay que disfrutar lo que uno hace <\/strong><\/span><\/p>\n<p><span style=\"color: #000000;\">El Grand Chamaco, un ilustrador originario, talentoso y misterioso, de alg\u00fan lugar de Monterrey en M\u00e9xico que esconde su identidad tras una particular m\u00e1scara, es uno de los referentes que inspiraron a Rapu para dedicarse al arte 3D. El artista mexicano tiene tambi\u00e9n problemas de daltonismo y, pese a ello, ha recorrido con su arte muchos campos creativos en diferentes pa\u00edses.<\/span><\/p>\n<p><span style=\"color: #000000;\">\u201cMi trabajo, sin embargo, se diferencia en el proceso que sigo. Dentro de la industria de la animaci\u00f3n y el cine, hay muchos procesos que son largos. Yo, tambi\u00e9n tengo algunos trucos que me ayudan en el tema de acelerar un poco mi trabajo que he descubierto con el entrenamiento, algo muy importante dentro de cualquier actividad que nos ayuda a tener habilidades que nos pueden diferenciar de los dem\u00e1s y nos van a ayudar para el trabajo que realizamos d\u00eda a d\u00eda\u201d, explica.<\/span><\/p>\n<p><span style=\"color: #000000;\">Tener presencia en redes sociales, hoy por hoy, resulta clave para los artistas porque \u00e9sa es la manera en la que van a descubrirlos y a conocer su trabajo y talento. El objetivo es trascender hacia otros lugares, otros pa\u00edses que abran puertas a oportunidades laborales a partir de elementos diferenciadores.<\/span><\/p>\n<p><span style=\"color: #000000;\">\u201cAmo lo que hago. Espero, un d\u00eda, trascender m\u00e1s de lo que llevo hasta ahora, porque disfruto lo que hago y no lo cambiar\u00eda por nada. Realmente soy feliz haciendo mi trabajo y con practicar todav\u00eda a\u00fan m\u00e1s, creo que voy a llegar mucho m\u00e1s lejos\u201d, asegura.<\/span><\/p>\n<p><span style=\"color: #000000;\">A futuro, Rapu espera tener una exhibici\u00f3n de su trabajo, junto a artistas de otros pa\u00edses. \u201c(\u2026) quiero transmitir toda mi experiencia y que las personas que han descubierto que tienen un potencial muy grande no se pongan barreras mentales (\u2026). Se pueden lograr muchas cosas solamente confiando en uno mismo\u201d, finaliza.<\/span><\/p>\n<p><span style=\"color: #000000;\">Junto a \u00c1ngel Rapu, estar\u00e1n el escenario del TEDx Unifranz, Gabriela Acarapi, la joven que crea valor desde la chatarra; Luis Antonio Jaimes Illanes quien cre\u00f3 una alternativa que transforma la calidad de vida de miles de personas en el mundo. Jos\u00e9 Mar\u00eda Reyes es otro de los j\u00f3venes que compartir\u00e1 su idea que puso en marcha para ayudar a quienes deb\u00edan recibir una atenci\u00f3n preventiva de salud en tiempos de covid.<\/span><\/p>\n<p><span style=\"color: #000000;\">La versi\u00f3n 2023 del TEDx en Bolivia tendr\u00e1 tambi\u00e9n la presencia de Elisa Torres, la joven visionaria que creo recursos educativos, gratuitos, para que ni\u00f1as y estudiantes de todo el mundo puedan involucrarse en el campo de la computaci\u00f3n cu\u00e1ntica, junto a ella el talentoso artista urbano Salvador Kalavera, nos contar\u00e1 como logr\u00f3 llevar sus trazos con tinta a grandes ciudades del Latinoam\u00e9rica.\u00a0<\/span><\/p>\n<p><span style=\"color: #000000;\">Las charlas presenciales est\u00e1n abiertas a docentes, estudiantes y profesionales de cualquier \u00e1mbito, puedes inscribirte a trav\u00e9s de la p\u00e1gina<\/span> <a href=\"http:\/\/www.tedx.unifranz.edu.bo\">www.tedx.unifranz.edu.bo<\/a><\/p>","protected":false},"excerpt":{"rendered":"<p>Por Lily Zurita Redes creativas y vitrinas virtuales posicionan talento boliviano a nivel mundial. Hace un par de a\u00f1os, \u00c1ngel Rapu, artista 3D, comparti\u00f3 su portafolio en Facebook y sitios de contenido relacionados al dise\u00f1o y al arte, como Artstation o Behance, que le abrieron las puertas para vender su arte a clientes de otros &hellip; <a href=\"https:\/\/unifranz.edu.bo\/pt\/blog\/angel-rapu-tedx\/\">Continued<\/a><\/p>","protected":false},"author":45,"featured_media":137108,"comment_status":"open","ping_status":"open","sticky":false,"template":"","format":"standard","meta":{"_acf_changed":false,"footnotes":""},"categories":[60,1954,1862,1708,2858,2442,5136,1782],"tags":[5212,47,2202,5210,5216,2204,5214,1800,4142],"class_list":["post-137085","post","type-post","status-publish","format-standard","has-post-thumbnail","hentry","category-blog","category-economia","category-educacion","category-innovacion","category-innovacion-en-educacion","category-tedx-es","category-tedx-unifranz","category-unifranz","tag-creadores","tag-el-alto","tag-emprendedores","tag-ideas","tag-ideas-dignas-de-contar","tag-innovadores","tag-motivadores","tag-tedx-es","tag-tedx-unifranz"],"acf":[],"_links":{"self":[{"href":"https:\/\/unifranz.edu.bo\/pt\/wp-json\/wp\/v2\/posts\/137085","targetHints":{"allow":["GET"]}}],"collection":[{"href":"https:\/\/unifranz.edu.bo\/pt\/wp-json\/wp\/v2\/posts"}],"about":[{"href":"https:\/\/unifranz.edu.bo\/pt\/wp-json\/wp\/v2\/types\/post"}],"author":[{"embeddable":true,"href":"https:\/\/unifranz.edu.bo\/pt\/wp-json\/wp\/v2\/users\/45"}],"replies":[{"embeddable":true,"href":"https:\/\/unifranz.edu.bo\/pt\/wp-json\/wp\/v2\/comments?post=137085"}],"version-history":[{"count":4,"href":"https:\/\/unifranz.edu.bo\/pt\/wp-json\/wp\/v2\/posts\/137085\/revisions"}],"predecessor-version":[{"id":137341,"href":"https:\/\/unifranz.edu.bo\/pt\/wp-json\/wp\/v2\/posts\/137085\/revisions\/137341"}],"wp:featuredmedia":[{"embeddable":true,"href":"https:\/\/unifranz.edu.bo\/pt\/wp-json\/wp\/v2\/media\/137108"}],"wp:attachment":[{"href":"https:\/\/unifranz.edu.bo\/pt\/wp-json\/wp\/v2\/media?parent=137085"}],"wp:term":[{"taxonomy":"category","embeddable":true,"href":"https:\/\/unifranz.edu.bo\/pt\/wp-json\/wp\/v2\/categories?post=137085"},{"taxonomy":"post_tag","embeddable":true,"href":"https:\/\/unifranz.edu.bo\/pt\/wp-json\/wp\/v2\/tags?post=137085"}],"curies":[{"name":"wp","href":"https:\/\/api.w.org\/{rel}","templated":true}]}}