{"id":136453,"date":"2023-07-26T16:42:05","date_gmt":"2023-07-26T20:42:05","guid":{"rendered":"https:\/\/unifranz.edu.bo\/?p=136453"},"modified":"2023-07-26T16:43:21","modified_gmt":"2023-07-26T20:43:21","slug":"trastorno-somatico-se-puede-sentir-dolor-pero-no-estar-enfermo","status":"publish","type":"post","link":"https:\/\/unifranz.edu.bo\/pt\/blog\/trastorno-somatico-se-puede-sentir-dolor-pero-no-estar-enfermo\/","title":{"rendered":"Trastorno som\u00e1tico: se puede sentir dolor, pero no estar enfermo"},"content":{"rendered":"<div>\n<p><span style=\"color: #000000;\">\u201cSe\u00f1ora, si usted sigue as\u00ed la vamos a derivar al psiquiatra\u201d. Marcela, de 45 a\u00f1os de edad, madre de tres hijos, recibi\u00f3 ese diagn\u00f3stico del m\u00e9dico, adonde acudi\u00f3 con una dolencia en las articulaciones de la mano.\u00a0<\/span><\/p>\n<\/div>\n<div>\n<p><span style=\"color: #000000;\">Ella explic\u00f3 que se le hinchaban los dedos de las manos por las noches y un farmac\u00e9utico le hab\u00eda dicho que podr\u00eda ser artritis.\u00a0<\/span><\/p>\n<\/div>\n<div>\n<p><span style=\"color: #000000;\">El Trastorno de S\u00edntomas Som\u00e1ticos (TSS) son malestares y deterioros significativos psicol\u00f3gicos, que influyen en otras afecciones m\u00e9dicas. Es un trastorno ficticio. El sufrimiento del paciente es aut\u00e9ntico y los s\u00edntomas pueden estar o no asociados con otra afecci\u00f3n m\u00e9dica, explica Guery Zabala, docente de psicolog\u00eda en Universidad Franz Tamayo, Unifranz.<\/span><\/p>\n<div>\n<p><span style=\"color: #000000;\">Los s\u00edntomas de Marcela fueron pensamientos, sentimientos o comportamientos excesivos, relacionados con la somatizaci\u00f3n o asociados a una preocupaci\u00f3n por la salud.<\/span><\/p>\n<\/div>\n<div>\n<p><span style=\"color: #000000;\">Son pensamientos desproporcionados y persistentes sobre la gravedad de los propios s\u00edntomas.\u00a0Presenta grado persistente elevado de ansiedad, sobre la salud o los s\u00edntomas.<\/span><\/p>\n<p><span style=\"color: #000000;\"><img loading=\"lazy\" decoding=\"async\" class=\"wp-image-136455 alignleft\" src=\"https:\/\/unifranz.edu.bo\/wp-content\/uploads\/2023\/07\/unifranz_1965891436_760x520-300x205.jpeg\" alt=\"\" width=\"424\" height=\"290\" srcset=\"https:\/\/unifranz.edu.bo\/wp-content\/uploads\/2023\/07\/unifranz_1965891436_760x520-300x205.jpeg 300w, https:\/\/unifranz.edu.bo\/wp-content\/uploads\/2023\/07\/unifranz_1965891436_760x520-18x12.jpeg 18w, https:\/\/unifranz.edu.bo\/wp-content\/uploads\/2023\/07\/unifranz_1965891436_760x520.jpeg 760w\" sizes=\"auto, (max-width: 424px) 100vw, 424px\" \/>\u00a0<\/span><\/p>\n<\/div>\n<div>\n<p><span style=\"color: #000000;\">El tiempo y energ\u00eda son excesivos, consagrados a estos s\u00edntomas o a la preocupaci\u00f3n por la salud.\u00a0Marcela, despu\u00e9s de hablar con el farmac\u00e9utico reuni\u00f3 a sus hijos, y les cont\u00f3 su supuesta dolencia.<\/span><\/p>\n<p><span style=\"color: #000000;\">El TSS puede estar infradiagnosticado en los adultos mayores, ya sea porque el dolor y la fatiga se consideran parte del envejecimiento normal, o porque la preocupaci\u00f3n por la enfermedad se considera \u2018comprensible\u2019 en las personas mayores, que generalmente tienen m\u00e1s enfermedades y necesitan medicaci\u00f3n.<\/span><\/p>\n<div>\n<p><span style=\"color: #000000;\">Pero, este tipo de trastorno puede aparecer en cualquier momento de la vida, tanto ni\u00f1os, adolescentes, j\u00f3venes, adultos como en adultos mayores.<\/span><\/p>\n<\/div>\n<div>\n<p><span style=\"color: #000000;\">El TSS, generalmente, comienza antes de los 30 a\u00f1os de edad. Se presenta con frecuencia en las mujeres. No est\u00e1 claro por qu\u00e9 algunas personas presentan esta afecci\u00f3n.<\/span><\/p>\n<p><img loading=\"lazy\" decoding=\"async\" class=\"wp-image-136454 alignright\" src=\"https:\/\/unifranz.edu.bo\/wp-content\/uploads\/2023\/07\/unifranz_1965905624_763x300-300x189.jpg\" alt=\"\" width=\"414\" height=\"261\" srcset=\"https:\/\/unifranz.edu.bo\/wp-content\/uploads\/2023\/07\/unifranz_1965905624_763x300-300x189.jpg 300w, https:\/\/unifranz.edu.bo\/wp-content\/uploads\/2023\/07\/unifranz_1965905624_763x300-18x12.jpg 18w, https:\/\/unifranz.edu.bo\/wp-content\/uploads\/2023\/07\/unifranz_1965905624_763x300.jpg 763w\" sizes=\"auto, (max-width: 414px) 100vw, 414px\" \/><\/p>\n<\/div>\n<div>\n<p><span style=\"color: #000000;\">Ciertos factores pueden estar involucrados, como tener perspectivas negativas, ser m\u00e1s sensible f\u00edsica y emocionalmente al dolor y otras sensaciones; tener antecedentes familiares o educaci\u00f3n, y la gen\u00e9tica.<\/span><\/p>\n<\/div>\n<div>\n<p><span style=\"color: #000000;\">Las personas que tienen antecedentes de maltrato f\u00edsico o abuso sexual pueden ser m\u00e1s propensas a padecer este trastorno. Pero no todas las personas con TSS tienen una historia de maltrato.<\/span><\/p>\n<div>\n<p><span style=\"color: #000000;\">Este tipo de trastorno es similar al de ansiedad por enfermedad (hipocondr\u00eda), que sucede cuando una persona es excesivamente temerosa de enfermarse o presentar un padecimiento grave. A diferencia del TSS, con el trastorno de ansiedad por enfermedad, hay pocos s\u00edntomas f\u00edsicos reales o no los hay del todo.<\/span><\/p>\n<\/div>\n<div>\n<p><span style=\"color: #000000;\">Cuando el m\u00e9dico le dijo a Marcela, despu\u00e9s de realizar varios an\u00e1lisis, que no ten\u00eda nada, ella insist\u00eda y le dec\u00eda que sent\u00eda el adormecimiento e hinchaz\u00f3n. Entonces, el galeno le retruc\u00f3: \u201cSi usted sigue as\u00ed, la derivar\u00e9 al psiquiatra\u201d.<\/span><\/p>\n<div>\n<p><span style=\"color: #000000;\">Zabala afirma que el tratamiento en casos de Trastorno de S\u00edntoma Som\u00e1tico requiere atenci\u00f3n de psicoterapia y tratamiento m\u00e9dico \u2013 psiqui\u00e1trico (si fuera algo que atenta contra su vida). Debido a que existen de diferentes grados: leve, moderado y grave.\u00a0<\/span><\/p>\n<\/div>\n<div>\n<p><span style=\"color: #000000;\">Tambi\u00e9n est\u00e1n los casos en los que hay predominio de dolor (antes, trastorno doloroso), y los persistentes, que se caracterizan por la presencia de s\u00edntomas intensos, alteraci\u00f3n importante y duraci\u00f3n prolongada (m\u00e1s de seis meses).\u00a0<\/span><\/p>\n<\/div>\n<div>\n<p><span style=\"color: #000000;\">\u201cSiempre el trabajo interdisciplinario hace mayor beneficio a los pacientes, pero todo depender\u00e1 de la evaluaci\u00f3n psicol\u00f3gica y m\u00e9dica del caso, para considerar esta interconsulta\u201d, afirma el acad\u00e9mico.<\/span><\/p>\n<\/div>\n<\/div>\n<p>&nbsp;<\/p>\n<\/div>\n<\/div>\n<\/div>","protected":false},"excerpt":{"rendered":"<p>\u201cSe\u00f1ora, si usted sigue as\u00ed la vamos a derivar al psiquiatra\u201d. Marcela, de 45 a\u00f1os de edad, madre de tres hijos, recibi\u00f3 ese diagn\u00f3stico del m\u00e9dico, adonde acudi\u00f3 con una dolencia en las articulaciones de la mano.\u00a0 Ella explic\u00f3 que se le hinchaban los dedos de las manos por las noches y un farmac\u00e9utico le &hellip; <a href=\"https:\/\/unifranz.edu.bo\/pt\/blog\/trastorno-somatico-se-puede-sentir-dolor-pero-no-estar-enfermo\/\">Continued<\/a><\/p>","protected":false},"author":45,"featured_media":136456,"comment_status":"open","ping_status":"open","sticky":false,"template":"","format":"standard","meta":{"_acf_changed":false,"footnotes":""},"categories":[60,5038,1636,5060,5154,2646,1782],"tags":[1622,2994,3810,240,5158,5156],"class_list":["post-136453","post","type-post","status-publish","format-standard","has-post-thumbnail","hentry","category-blog","category-ciencia","category-investigacion","category-psicoterapia","category-psiquiatria","category-transformadores-del-futuro","category-unifranz","tag-carrera-de-medicina","tag-estudiar-medicina","tag-medicina-familiar","tag-psicologia","tag-psicoterapia","tag-psiquiatria"],"acf":[],"_links":{"self":[{"href":"https:\/\/unifranz.edu.bo\/pt\/wp-json\/wp\/v2\/posts\/136453","targetHints":{"allow":["GET"]}}],"collection":[{"href":"https:\/\/unifranz.edu.bo\/pt\/wp-json\/wp\/v2\/posts"}],"about":[{"href":"https:\/\/unifranz.edu.bo\/pt\/wp-json\/wp\/v2\/types\/post"}],"author":[{"embeddable":true,"href":"https:\/\/unifranz.edu.bo\/pt\/wp-json\/wp\/v2\/users\/45"}],"replies":[{"embeddable":true,"href":"https:\/\/unifranz.edu.bo\/pt\/wp-json\/wp\/v2\/comments?post=136453"}],"version-history":[{"count":1,"href":"https:\/\/unifranz.edu.bo\/pt\/wp-json\/wp\/v2\/posts\/136453\/revisions"}],"predecessor-version":[{"id":136457,"href":"https:\/\/unifranz.edu.bo\/pt\/wp-json\/wp\/v2\/posts\/136453\/revisions\/136457"}],"wp:featuredmedia":[{"embeddable":true,"href":"https:\/\/unifranz.edu.bo\/pt\/wp-json\/wp\/v2\/media\/136456"}],"wp:attachment":[{"href":"https:\/\/unifranz.edu.bo\/pt\/wp-json\/wp\/v2\/media?parent=136453"}],"wp:term":[{"taxonomy":"category","embeddable":true,"href":"https:\/\/unifranz.edu.bo\/pt\/wp-json\/wp\/v2\/categories?post=136453"},{"taxonomy":"post_tag","embeddable":true,"href":"https:\/\/unifranz.edu.bo\/pt\/wp-json\/wp\/v2\/tags?post=136453"}],"curies":[{"name":"wp","href":"https:\/\/api.w.org\/{rel}","templated":true}]}}