{"id":136437,"date":"2023-07-26T16:03:57","date_gmt":"2023-07-26T20:03:57","guid":{"rendered":"https:\/\/unifranz.edu.bo\/?p=136437"},"modified":"2023-07-26T16:03:57","modified_gmt":"2023-07-26T20:03:57","slug":"hijos-a-tiempo-completo-una-preocupacion-latente-en-esta-nueva-era","status":"publish","type":"post","link":"https:\/\/unifranz.edu.bo\/pt\/blog\/hijos-a-tiempo-completo-una-preocupacion-latente-en-esta-nueva-era\/","title":{"rendered":"Hijos a tiempo completo, una preocupaci\u00f3n latente en esta nueva era"},"content":{"rendered":"<div>\n<p><span style=\"color: #000000;\">Si bien no existe una edad ideal para la emancipaci\u00f3n emocional y econ\u00f3mica de los hijos, en muchos pa\u00edses se acostumbra que, al cumplir la mayor\u00eda de edad o luego de salir profesionales, ellos den este paso hacia la independencia familiar.<\/span><\/p>\n<\/div>\n<div>\n<p><span style=\"color: #000000;\">La emancipaci\u00f3n del hijo respecto al n\u00facleo familiar es una etapa importante en la vida de una persona porque, en la medida en la que se independiza, empieza a desarrollar estrategias propias para afrontar la vida. Sin embargo, actualmente, ese proceso est\u00e1 siendo interrumpido recurrente, haci\u00e9ndolos \u2018hijos a tiempo completo\u2019.<\/span><\/p>\n<p><span style=\"color: #000000;\">\u201cEs una etapa por la que todas las familias deber\u00edan pasar, pero a veces como no se sienten con la suficiente fuerza para tomar decisiones, se estancan casi de manera inconsciente y los hijos jam\u00e1s terminan de irse, por lo que el rol de padre tampoco se termina\u201d, indica Liudmila Loayza, directora de la carrera de Psicolog\u00eda de la Universidad Franz Tamayo, Unifranz.<\/span><\/p>\n<p><span style=\"color: #000000;\">Este fen\u00f3meno se est\u00e1 presentando de forma dram\u00e1tica en el continente asi\u00e1tico debido a la falta de empleo y la explotaci\u00f3n laboral, con jornadas de m\u00e1s de 12 horas y seis d\u00edas a la semana, presi\u00f3n dif\u00edcil de soportar y que est\u00e1 llevando a retornar a sus hogares a los j\u00f3venes a fin de tener un poco de descanso.<\/span><\/p>\n<p><img loading=\"lazy\" decoding=\"async\" class=\"wp-image-136438 alignleft\" src=\"https:\/\/unifranz.edu.bo\/wp-content\/uploads\/2023\/07\/unifranz-_1933858202_763x300-300x193.jpg\" alt=\"\" width=\"438\" height=\"282\" srcset=\"https:\/\/unifranz.edu.bo\/wp-content\/uploads\/2023\/07\/unifranz-_1933858202_763x300-300x193.jpg 300w, https:\/\/unifranz.edu.bo\/wp-content\/uploads\/2023\/07\/unifranz-_1933858202_763x300-18x12.jpg 18w, https:\/\/unifranz.edu.bo\/wp-content\/uploads\/2023\/07\/unifranz-_1933858202_763x300.jpg 763w\" sizes=\"auto, (max-width: 438px) 100vw, 438px\" \/><\/p>\n<div>\n<p><span style=\"color: #000000;\">El contexto latinoamericano es diferente, porque si bien existe desempleo el latino tiene una fuerte capacidad emprendedora, por lo que no habr\u00eda raz\u00f3n para que los hijos vuelvan al hogar de sus padres. Sin embargo, el problema se presenta no tanto porque vuelvan sino porque no se van, tal vez por \u201cla comodidad que implica el seguir siendo hijo y no asumir roles de adultos\u201d.<\/span><\/p>\n<\/div>\n<div>\n<p><span style=\"color: #000000;\">Hoy en d\u00eda, la dependencia familiar puede extenderse por largo tiempo. En muchos casos, de manera tolerable; en otros, m\u00e1s all\u00e1 de lo razonable.<\/span><\/p>\n<\/div>\n<div>\n<p><span style=\"color: #000000;\">\u201cEsto lo vemos, por ejemplo, cuando los hijos se emancipan cuando tienen hijos, consolidan una nueva familia, pero al no poder asumir un rol parental adulto, vuelven a la casa de los padres y son los abuelos los que terminan criando a los nietos como si fueran hijos y los hijos casi a la par de los padres como si fueran hermanos\u201d, explica Loayza.<\/span><\/p>\n<p><span style=\"color: #000000;\">Para la psic\u00f3loga, los profesionales cuya edad est\u00e1 comprendida entre los 23 y 27 a\u00f1os ya deber\u00edan ser capaces de mantenerse a s\u00ed mismos, de controlar sus gastos, de prever sus gastos, de ahorrar, de proveerse de alimentos, de alquilar o comprar una casa y de realizar sus aspiraciones en desarrollo personal o profesional.<\/span><\/p>\n<div>\n<p><span style=\"color: #000000;\">\u201cDeben dejar la casa de los padres porque empiezan a ser adultos. Por m\u00e1s que uno tenga muchos a\u00f1os, si sigue viviendo en la casa de sus padres, as\u00ed tenga 30 o 40 a\u00f1os, va a seguir cumpliendo con el rol de hijo. Por lo tanto, no va a asumir un rol de adulto. Por eso es importante que dejen la casa para convertirse en adultos\u201d, dice la psic\u00f3loga.<\/span><\/p>\n<\/div>\n<div>\n<p><span style=\"color: #000000;\">Por otro lado, para los padres tambi\u00e9n es importante la emancipaci\u00f3n de los hijos porque tienen que pasar a un siguiente estadio en el ciclo vital de la familia, que es el del nido vac\u00edo, en el que como padres han cumplido la misi\u00f3n de formar a sus hijos y prepararlos para la vida.<\/span><\/p>\n<\/div>\n<div>\n<p><span style=\"color: #000000;\">Esta etapa coincide con el retiro de la vida activa, o sea que dejan de trabajar si es que son asalariados y se jubilan y tienen mayor tiempo para terminar cosas pendientes, descansar y volver a retomar la relaci\u00f3n de pareja o la ruptura de la misma.<\/span><\/p>\n<p><img loading=\"lazy\" decoding=\"async\" class=\"wp-image-136439 alignright\" src=\"https:\/\/unifranz.edu.bo\/wp-content\/uploads\/2023\/07\/unifranz-_1933843389_763x300-300x192.jpg\" alt=\"\" width=\"455\" height=\"291\" srcset=\"https:\/\/unifranz.edu.bo\/wp-content\/uploads\/2023\/07\/unifranz-_1933843389_763x300-300x192.jpg 300w, https:\/\/unifranz.edu.bo\/wp-content\/uploads\/2023\/07\/unifranz-_1933843389_763x300-18x12.jpg 18w, https:\/\/unifranz.edu.bo\/wp-content\/uploads\/2023\/07\/unifranz-_1933843389_763x300.jpg 763w\" sizes=\"auto, (max-width: 455px) 100vw, 455px\" \/><\/p>\n<div>\n<p><span style=\"color: #000000;\"><b>Hay que educar a los hijos para su emancipaci\u00f3n<\/b><\/span><\/p>\n<\/div>\n<div>\n<p><span style=\"color: #000000;\">Los j\u00f3venes deben estar preparados con miras a su independencia del n\u00facleo familiar. La acad\u00e9mica asegura que los padres deben educar, motivar o ense\u00f1ar a sus hijos para la futura emancipaci\u00f3n y evitar la sobreprotecci\u00f3n.<\/span><\/p>\n<div>\n<p><span style=\"color: #000000;\">Los padres est\u00e1n llamados a proteger a su hijo en cuanto a garantizar alimentaci\u00f3n, educaci\u00f3n, vestimenta y buenos valores, pero lo que no pueden hacer es sobreprotegerlos, limit\u00e1ndolos desde que son ni\u00f1os a no resolver sus problemas por s\u00ed solos.<\/span><\/p>\n<\/div>\n<div>\n<p><span style=\"color: #000000;\">\u201cEso es lo que no va a permitir al joven independizarse, porque el mensaje latente, el mensaje oculto detr\u00e1s de la sobreprotecci\u00f3n es que el mundo es muy peligroso y si el padre o la madre est\u00e1 cerca, pues el joven no va a poder desarrollarse\u201d, agrega Loayza.<\/span><\/p>\n<div>\n<p><span style=\"color: #000000;\">Cuando los hijos son sobreprotegidos por los padres, cuando sean adultos no querr\u00e1n emanciparse, l\u00f3gicamente para seguir en custodia de los padres teniendo todo asegurado. En esos casos los que erraron fueron los padres, quienes se negaron a preparar a sus hijos para la vida.<\/span><\/p>\n<\/div>\n<div>\n<p><span style=\"color: #000000;\">El rol de los padres, seg\u00fan Loayza, es dar directrices de c\u00f3mo se resuelven los problemas y orientarlos, \u201cpero no resolver los problemas de los hijos, porque caso contrario cu\u00e1ndo van a aprender nuestros hijos a valerse por s\u00ed mismos\u201d.<\/span><\/p>\n<\/div>\n<\/div>\n<\/div>\n<\/div>\n<\/div>\n<\/div>","protected":false},"excerpt":{"rendered":"<p>Si bien no existe una edad ideal para la emancipaci\u00f3n emocional y econ\u00f3mica de los hijos, en muchos pa\u00edses se acostumbra que, al cumplir la mayor\u00eda de edad o luego de salir profesionales, ellos den este paso hacia la independencia familiar. La emancipaci\u00f3n del hijo respecto al n\u00facleo familiar es una etapa importante en la &hellip; <a href=\"https:\/\/unifranz.edu.bo\/pt\/blog\/hijos-a-tiempo-completo-una-preocupacion-latente-en-esta-nueva-era\/\">Continued<\/a><\/p>","protected":false},"author":45,"featured_media":136446,"comment_status":"open","ping_status":"open","sticky":false,"template":"","format":"standard","meta":{"_acf_changed":false,"footnotes":""},"categories":[60,5152,2858,1636,2194],"tags":[2948,1492,3086,3810,1528,240],"class_list":["post-136437","post","type-post","status-publish","format-standard","has-post-thumbnail","hentry","category-blog","category-familia","category-innovacion-en-educacion","category-investigacion","category-psicologia","tag-carrera-de-psicologia","tag-familia","tag-hijos","tag-medicina-familiar","tag-padres-de-familia","tag-psicologia"],"acf":[],"_links":{"self":[{"href":"https:\/\/unifranz.edu.bo\/pt\/wp-json\/wp\/v2\/posts\/136437","targetHints":{"allow":["GET"]}}],"collection":[{"href":"https:\/\/unifranz.edu.bo\/pt\/wp-json\/wp\/v2\/posts"}],"about":[{"href":"https:\/\/unifranz.edu.bo\/pt\/wp-json\/wp\/v2\/types\/post"}],"author":[{"embeddable":true,"href":"https:\/\/unifranz.edu.bo\/pt\/wp-json\/wp\/v2\/users\/45"}],"replies":[{"embeddable":true,"href":"https:\/\/unifranz.edu.bo\/pt\/wp-json\/wp\/v2\/comments?post=136437"}],"version-history":[{"count":1,"href":"https:\/\/unifranz.edu.bo\/pt\/wp-json\/wp\/v2\/posts\/136437\/revisions"}],"predecessor-version":[{"id":136447,"href":"https:\/\/unifranz.edu.bo\/pt\/wp-json\/wp\/v2\/posts\/136437\/revisions\/136447"}],"wp:featuredmedia":[{"embeddable":true,"href":"https:\/\/unifranz.edu.bo\/pt\/wp-json\/wp\/v2\/media\/136446"}],"wp:attachment":[{"href":"https:\/\/unifranz.edu.bo\/pt\/wp-json\/wp\/v2\/media?parent=136437"}],"wp:term":[{"taxonomy":"category","embeddable":true,"href":"https:\/\/unifranz.edu.bo\/pt\/wp-json\/wp\/v2\/categories?post=136437"},{"taxonomy":"post_tag","embeddable":true,"href":"https:\/\/unifranz.edu.bo\/pt\/wp-json\/wp\/v2\/tags?post=136437"}],"curies":[{"name":"wp","href":"https:\/\/api.w.org\/{rel}","templated":true}]}}