{"id":135589,"date":"2023-07-10T19:35:56","date_gmt":"2023-07-10T23:35:56","guid":{"rendered":"https:\/\/unifranz.edu.bo\/?p=135589"},"modified":"2023-07-10T19:35:56","modified_gmt":"2023-07-10T23:35:56","slug":"unihackz-2023-la-apuesta-de-unifranz-para-prevenir-la-violencia-con-inteligencia-artificial","status":"publish","type":"post","link":"https:\/\/unifranz.edu.bo\/pt\/blog\/unihackz-2023-la-apuesta-de-unifranz-para-prevenir-la-violencia-con-inteligencia-artificial\/","title":{"rendered":"Unihackz 2023, la apuesta de Unifranz para prevenir la violencia con inteligencia artificial"},"content":{"rendered":"<p><span style=\"color: #000000;\"><strong>La violencia contra ni\u00f1as, ni\u00f1os y adolescentes, mujeres, adultos mayores y personas con discapacidad es un problema complejo, tan antiguo como la humanidad, cuya naturalizaci\u00f3n encuentra explicaci\u00f3n en factores antropol\u00f3gicos y sociol\u00f3gicos<\/strong> que, sumados al deficiente sistema de justicia y la falta de pol\u00edticas p\u00fablicas, fomentan la impunidad de los agresores y dejan en indefensi\u00f3n a las v\u00edctimas.<\/span><\/p>\n<p><span style=\"color: #000000;\">Hace solo tres meses, Cochabamba se estremeci\u00f3 con una noticia. El cad\u00e1ver de una reci\u00e9n nacida fue hallado entre los matorrales de una precaria casa en la OTB Odesur. Se presume que la neonata, quien todav\u00eda ten\u00eda parte del cord\u00f3n umbilical, hab\u00eda sido v\u00edctima de un infanticidio.<\/span><\/p>\n<p><span style=\"color: #000000;\">L<strong>os datos de la violencia contra sectores vulnerables son alarmantes. Sin ir lejos, entre el 1 de enero y el 25 de junio de este a\u00f1o, la Fiscal\u00eda General del Estado report\u00f3 46 feminicidios y ocho infanticidios.<\/strong><\/span><\/p>\n<p><span style=\"color: #000000;\">Ante estos preocupantes \u00edndices, la Universidad Franz Tamayo, Unifranz, combin\u00f3 intelecto y creatividad en el UniHackz 2023 &#8211; \u2018Lo haremos por todos\u2019, una actividad dise\u00f1ada para proponer soluciones tecnol\u00f3gicas a la ciudad, que prevenga la violencia contra adultos mayores, mujeres, personas con discapacidad y ni\u00f1as, ni\u00f1os y adolescentes, a partir de su modelo educativo: \u2018aprender &#8211; haciendo\u2019.<\/span><\/p>\n<p><img loading=\"lazy\" decoding=\"async\" class=\"size-medium wp-image-135569 alignleft\" src=\"https:\/\/unifranz.edu.bo\/wp-content\/uploads\/2023\/07\/FB_IMG_1687964648221-01-300x225.jpeg\" alt=\"\" width=\"300\" height=\"225\" srcset=\"https:\/\/unifranz.edu.bo\/wp-content\/uploads\/2023\/07\/FB_IMG_1687964648221-01-300x225.jpeg 300w, https:\/\/unifranz.edu.bo\/wp-content\/uploads\/2023\/07\/FB_IMG_1687964648221-01-1024x768.jpeg 1024w, https:\/\/unifranz.edu.bo\/wp-content\/uploads\/2023\/07\/FB_IMG_1687964648221-01-768x576.jpeg 768w, https:\/\/unifranz.edu.bo\/wp-content\/uploads\/2023\/07\/FB_IMG_1687964648221-01-16x12.jpeg 16w, https:\/\/unifranz.edu.bo\/wp-content\/uploads\/2023\/07\/FB_IMG_1687964648221-01.jpeg 1080w\" sizes=\"auto, (max-width: 300px) 100vw, 300px\" \/><\/p>\n<p><span style=\"color: #000000;\">El \u2018aprender \u2013 haciendo\u2019 es conjugar el conocimiento te\u00f3rico con las habilidades pr\u00e1cticas y humanas, en la etapa de formaci\u00f3n. Es una cualidad que en Unifranz se denomina: proyectos integradores, asegura Rolando L\u00f3pez, vicerrector de Unifranz Cochabamba.<\/span><\/p>\n<p><span style=\"color: #000000;\">\u201cEn los proyectos integradores los estudiantes visualizan retos y problemas a solucionar. Al ser enteramente pr\u00e1cticos, buscan integrar \u00e1reas de formaci\u00f3n y validar el desarrollo de las competencias profesionales. La evaluaci\u00f3n de estos proyectos permite demostrar la formaci\u00f3n integral y el fortalecimiento del proceso de aprendizaje &#8211; ense\u00f1anza\u201d,<\/span><\/p>\n<p><span style=\"color: #000000;\">puntualiza L\u00f3pez.<\/span><\/p>\n<p><span style=\"color: #000000;\"><strong>Talento creativo en favor de la sociedad<\/strong><\/span><\/p>\n<p><span style=\"color: #000000;\"><strong>Si algo caracteriza a Cochabamba es el talento creativo de su gente<\/strong> y L\u00f3pez asegura que es el motor que impuls\u00f3 a poner la Inteligencia Artificial en manos de un grupo de j\u00f3venes<\/span><\/p>\n<p><span style=\"color: #000000;\">disruptivos y comprometidos con la sociedad para crear, en equipos colaborativos, una herramienta que permita liberar las voces silenciadas por el delito de la violencia.<\/span><\/p>\n<p><span style=\"color: #000000;\">\u201cSi bien La Paz detenta el poder pol\u00edtico, Santa Cruz ha logrado el poder econ\u00f3mico, Cochabamba, por siempre, tendr\u00e1 el poder del talento creativo de su gente y es lo que nos re\u00fane hoy, junto a j\u00f3venes estudiantes, h\u00e1biles mentores y organizaciones no gubernamentales, en torno al hackathon de Unifranz: Lo haremos por todos\u201d, dijo el Vicerrector, en el acto de lanzamiento del UniHackz. UniHackz 2023 cont\u00f3 con la participaci\u00f3n de cinco equipos conformados por ocho estudiantes de las carreras de Ingenier\u00eda de Sistemas, Derecho y Psicolog\u00eda (40 en total), en torno a un desaf\u00edo: proponer una soluci\u00f3n tecnol\u00f3gica para la atenci\u00f3n y prevenci\u00f3n de casos de violencia hacia grupos vulnerables de la sociedad (adulto mayor, personas con discapacidad, ni\u00f1o, ni\u00f1a, adolescente y mujeres).<\/span><\/p>\n<p><img loading=\"lazy\" decoding=\"async\" class=\"size-medium wp-image-135570 alignright\" src=\"https:\/\/unifranz.edu.bo\/wp-content\/uploads\/2023\/07\/FB_IMG_1687964573165-01-300x199.jpeg\" alt=\"\" width=\"300\" height=\"199\" srcset=\"https:\/\/unifranz.edu.bo\/wp-content\/uploads\/2023\/07\/FB_IMG_1687964573165-01-300x199.jpeg 300w, https:\/\/unifranz.edu.bo\/wp-content\/uploads\/2023\/07\/FB_IMG_1687964573165-01-1024x678.jpeg 1024w, https:\/\/unifranz.edu.bo\/wp-content\/uploads\/2023\/07\/FB_IMG_1687964573165-01-768x508.jpeg 768w, https:\/\/unifranz.edu.bo\/wp-content\/uploads\/2023\/07\/FB_IMG_1687964573165-01-18x12.jpeg 18w, https:\/\/unifranz.edu.bo\/wp-content\/uploads\/2023\/07\/FB_IMG_1687964573165-01.jpeg 1080w\" sizes=\"auto, (max-width: 300px) 100vw, 300px\" \/><\/p>\n<p><span style=\"color: #000000;\">\u201cEl hecho de poder manejar la tecnolog\u00eda con \u00e9tica y responsabilidad permite que \u00e9stos sean democratizados y que el acceso a los mismos genere formas para llegar a lugares que antes no pod\u00edamos llegar\u201d, explic\u00f3 Natalhia Osinaga, estudiante de la carrera de Derecho y parte de uno de los equipos participantes.<\/span><\/p>\n<p><span style=\"color: #000000;\">El certamen se realiz\u00f3 entre el 16 y el 24 de junio, en el campus de Unifranz. Contempl\u00f3 tres webinars donde participaron autoridades municipales y especialistas en la problem\u00e1tica<\/span><\/p>\n<p><span style=\"color: #000000;\">de la violencia. Cinco equipos participaron en la actividad: el primero, Aurora, que present\u00f3 el proyecto de similar nombre; Craqueen, con el proyecto I\u2019m able to; 360, que present\u00f3 un proyecto con el mismo nombre. En tanto, Manada Alfa trabaj\u00f3 el proyecto \u2018Rompiendo estereotipos, desafiando a la violencia\u2019 y, finalmente, Munayki \u2013 <strong>Yo te cuido, con la propuesta \u2018Munayki\u2019, que al final fue el proyecto ganador.<\/strong><\/span><\/p>\n<p><span style=\"color: #000000;\">La iniciativa cont\u00f3 con el apoyo interinstitucional de la Alcald\u00eda de Cochabamba, a trav\u00e9s de varias direcciones y secretar\u00edas, como los Servicios Legales Integrales (SLIM); as\u00ed como Organizaciones No Gubernamentales: Visi\u00f3n Mundial, Save The Children, el Instituto de Formaci\u00f3n Femenina Integral (IFFI) y C\u00e1mara Junior Internacional (JCI).<\/span><\/p>\n<p><span style=\"color: #000000;\">La directora de la carrera de Derecho de Unifranz, Mirtha Vargas, asegur\u00f3 que actividades como UniHackz contribuyen a pensar en soluciones que puedan reducir el \u00edndice de violencia, a trav\u00e9s de la prevenci\u00f3n y atenci\u00f3n oportuna de los casos que se denuncian y, al mismo tiempo, permiten la construcci\u00f3n de una cultura de paz en el pa\u00eds.<\/span><\/p>\n<p><span style=\"color: #000000;\">Por su lado, <strong>el alcalde de Cochabamba, Manfred Reyes Villa, destac\u00f3 el trabajo interinstitucional como fuerza motora para encarar proyectos conjuntos entre el gobierno local y la academia.<\/strong><\/span><\/p>\n<p><img loading=\"lazy\" decoding=\"async\" class=\"size-medium wp-image-135572 alignleft\" src=\"https:\/\/unifranz.edu.bo\/wp-content\/uploads\/2023\/07\/1-239x300.jpg\" alt=\"\" width=\"239\" height=\"300\" srcset=\"https:\/\/unifranz.edu.bo\/wp-content\/uploads\/2023\/07\/1-239x300.jpg 239w, https:\/\/unifranz.edu.bo\/wp-content\/uploads\/2023\/07\/1-816x1024.jpg 816w, https:\/\/unifranz.edu.bo\/wp-content\/uploads\/2023\/07\/1-768x963.jpg 768w, https:\/\/unifranz.edu.bo\/wp-content\/uploads\/2023\/07\/1-1225x1536.jpg 1225w, https:\/\/unifranz.edu.bo\/wp-content\/uploads\/2023\/07\/1-1633x2048.jpg 1633w, https:\/\/unifranz.edu.bo\/wp-content\/uploads\/2023\/07\/1-10x12.jpg 10w, https:\/\/unifranz.edu.bo\/wp-content\/uploads\/2023\/07\/1-scaled.jpg 2041w\" sizes=\"auto, (max-width: 239px) 100vw, 239px\" \/><\/p>\n<p><span style=\"color: #000000;\">\u201cLa uni\u00f3n es la estrategia que podemos desarrollar entre varias instituciones, la Alcald\u00eda y Unifranz, para un proyecto que le da una sinergia muy importante, sobre todo, hoy que estamos viendo tanta violencia (\u2026). Por eso es importante que podamos trabajar en esta sinergia con ustedes y podamos lograr mecanismos con tecnolog\u00eda que nos ayude a evitar la violencia (\u2026). Nosotros, como Alcald\u00eda, estamos encantados de recibir el apoyo de nuestra universidad\u201d, enfatiz\u00f3 la autoridad municipal.<\/span><\/p>\n<p><span style=\"color: #000000;\"><strong>Datos de la violencia<\/strong><\/span><\/p>\n<p><span style=\"color: #000000;\">Seg\u00fan la Fiscal\u00eda General del Estado<\/span><\/p>\n<p><span style=\"color: #000000;\">(FGE), entre el 1 de enero y el 26 de junio de 2023, Bolivia registra:<\/span><\/p>\n<ul>\n<li><span style=\"color: #000000;\">23.686 casos de violencia contra la mujer (Ley N\u00b0 348).<\/span><\/li>\n<\/ul>\n<ul>\n<li><span style=\"color: #000000;\">18.030 casos de violencia dom\u00e9stica.<\/span><\/li>\n<\/ul>\n<ul>\n<li><span style=\"color: #000000;\">Los departamentos que m\u00e1s casos de violencia presentan son: La Paz (5.712), Santa Cruz (8.222) y Cochabamba (3.706).<\/span><\/li>\n<\/ul>\n<ul>\n<li><span style=\"color: #000000;\">1.701 denuncias de abuso sexual.<\/span><\/li>\n<li><span style=\"color: #000000;\">836 casos de estupro.<\/span><\/li>\n<li><span style=\"color: #000000;\">1.342 denuncias de violaci\u00f3n.<\/span><\/li>\n<li><span style=\"color: #000000;\">1.201 casos violaci\u00f3n a infantes,<\/span><\/li>\n<\/ul>\n<p><span style=\"color: #000000;\">ni\u00f1as, ni\u00f1os y adolescentes.<\/span><\/p>\n<p><img loading=\"lazy\" decoding=\"async\" class=\"size-medium wp-image-135571 alignright\" src=\"https:\/\/unifranz.edu.bo\/wp-content\/uploads\/2023\/07\/FB_IMG_1687964515274-01-300x204.jpeg\" alt=\"\" width=\"300\" height=\"204\" srcset=\"https:\/\/unifranz.edu.bo\/wp-content\/uploads\/2023\/07\/FB_IMG_1687964515274-01-300x204.jpeg 300w, https:\/\/unifranz.edu.bo\/wp-content\/uploads\/2023\/07\/FB_IMG_1687964515274-01-1024x698.jpeg 1024w, https:\/\/unifranz.edu.bo\/wp-content\/uploads\/2023\/07\/FB_IMG_1687964515274-01-768x523.jpeg 768w, https:\/\/unifranz.edu.bo\/wp-content\/uploads\/2023\/07\/FB_IMG_1687964515274-01-18x12.jpeg 18w, https:\/\/unifranz.edu.bo\/wp-content\/uploads\/2023\/07\/FB_IMG_1687964515274-01.jpeg 1080w\" sizes=\"auto, (max-width: 300px) 100vw, 300px\" \/><\/p>\n<p><span style=\"color: #000000;\"><strong>Equipo ganador del Unihackz 2023<\/strong><\/span><\/p>\n<ul>\n<li><span style=\"color: #000000;\">Alexander Villanueva Porcel &#8211; (Ingenier\u00eda de Sistemas)<\/span><\/li>\n<\/ul>\n<ul>\n<li><span style=\"color: #000000;\">Melany Aillen Chavarr\u00eda Morales &#8211; (Ingenier\u00eda de Sistemas)<\/span><\/li>\n<\/ul>\n<ul>\n<li><span style=\"color: #000000;\">Roger Camacho Vallejos &#8211; (Ingenier\u00eda de Sistemas)<\/span><\/li>\n<\/ul>\n<ul>\n<li><span style=\"color: #000000;\">Nadia Gretzel Jim\u00e9nez Cruz- (Ingenier\u00eda de Sistemas),<\/span><\/li>\n<\/ul>\n<ul>\n<li><span style=\"color: #000000;\">Jhasm\u00edn Nicol Rodr\u00edguez Quispe &#8211; (Derecho),<\/span><\/li>\n<\/ul>\n<ul>\n<li><span style=\"color: #000000;\">Paola Isabel Mendoza Villca &#8211; (Derecho),<\/span><\/li>\n<\/ul>\n<ul>\n<li><span style=\"color: #000000;\">Paola Rom\u00e1n Ach\u00e1 &#8211; (Psicolog\u00eda)<\/span><\/li>\n<li><span style=\"color: #000000;\">Luis Guillermo Coca Rojas &#8211; (Psicolog\u00eda).<\/span><\/li>\n<\/ul>","protected":false},"excerpt":{"rendered":"<p>La violencia contra ni\u00f1as, ni\u00f1os y adolescentes, mujeres, adultos mayores y personas con discapacidad es un problema complejo, tan antiguo como la humanidad, cuya naturalizaci\u00f3n encuentra explicaci\u00f3n en factores antropol\u00f3gicos y sociol\u00f3gicos que, sumados al deficiente sistema de justicia y la falta de pol\u00edticas p\u00fablicas, fomentan la impunidad de los agresores y dejan en indefensi\u00f3n &hellip; <a href=\"https:\/\/unifranz.edu.bo\/pt\/blog\/unihackz-2023-la-apuesta-de-unifranz-para-prevenir-la-violencia-con-inteligencia-artificial\/\">Continued<\/a><\/p>","protected":false},"author":45,"featured_media":135587,"comment_status":"open","ping_status":"open","sticky":false,"template":"","format":"standard","meta":{"_acf_changed":false,"footnotes":""},"categories":[60,1886,5056,1782],"tags":[1706,2948,1432,448,5048,1068],"class_list":["post-135589","post","type-post","status-publish","format-standard","has-post-thumbnail","hentry","category-blog","category-derecho","category-hackaton","category-unifranz","tag-carrera-de-derecho","tag-carrera-de-psicologia","tag-hackathon","tag-ingenieria-de-sistemas","tag-unihackz","tag-violencia"],"acf":[],"_links":{"self":[{"href":"https:\/\/unifranz.edu.bo\/pt\/wp-json\/wp\/v2\/posts\/135589","targetHints":{"allow":["GET"]}}],"collection":[{"href":"https:\/\/unifranz.edu.bo\/pt\/wp-json\/wp\/v2\/posts"}],"about":[{"href":"https:\/\/unifranz.edu.bo\/pt\/wp-json\/wp\/v2\/types\/post"}],"author":[{"embeddable":true,"href":"https:\/\/unifranz.edu.bo\/pt\/wp-json\/wp\/v2\/users\/45"}],"replies":[{"embeddable":true,"href":"https:\/\/unifranz.edu.bo\/pt\/wp-json\/wp\/v2\/comments?post=135589"}],"version-history":[{"count":1,"href":"https:\/\/unifranz.edu.bo\/pt\/wp-json\/wp\/v2\/posts\/135589\/revisions"}],"predecessor-version":[{"id":135590,"href":"https:\/\/unifranz.edu.bo\/pt\/wp-json\/wp\/v2\/posts\/135589\/revisions\/135590"}],"wp:featuredmedia":[{"embeddable":true,"href":"https:\/\/unifranz.edu.bo\/pt\/wp-json\/wp\/v2\/media\/135587"}],"wp:attachment":[{"href":"https:\/\/unifranz.edu.bo\/pt\/wp-json\/wp\/v2\/media?parent=135589"}],"wp:term":[{"taxonomy":"category","embeddable":true,"href":"https:\/\/unifranz.edu.bo\/pt\/wp-json\/wp\/v2\/categories?post=135589"},{"taxonomy":"post_tag","embeddable":true,"href":"https:\/\/unifranz.edu.bo\/pt\/wp-json\/wp\/v2\/tags?post=135589"}],"curies":[{"name":"wp","href":"https:\/\/api.w.org\/{rel}","templated":true}]}}