{"id":134761,"date":"2023-06-21T11:13:39","date_gmt":"2023-06-21T15:13:39","guid":{"rendered":"https:\/\/unifranz.edu.bo\/?p=134761"},"modified":"2023-06-21T11:13:39","modified_gmt":"2023-06-21T15:13:39","slug":"unifranz-santa-cruz-presenta-a-sus-nuevos-profesionales-listos-para-transformar-su-realidad","status":"publish","type":"post","link":"https:\/\/unifranz.edu.bo\/pt\/blog\/unifranz-santa-cruz-presenta-a-sus-nuevos-profesionales-listos-para-transformar-su-realidad\/","title":{"rendered":"Unifranz Santa Cruz presenta a sus nuevos profesionales listos para transformar su realidad"},"content":{"rendered":"<p><span style=\"color: #000000;\">Unifranz desarrolla su modelo por competencias con la metodolog\u00eda Aprende Haciendo, donde los estudiantes de las cinco facultades, se forman con profesionales de alto nivel, quienes, al mismo tiempo, impactan en su formaci\u00f3n de una manera m\u00e1s humana.<\/span><\/p>\n<p><span style=\"color: #000000;\">A lo largo de sus a\u00f1os de estudio, Ariel Cruzalegui, graduado de medicina y distinguido como alumno destacado de la Trig\u00e9sima Quinta Graduaci\u00f3n de Profesionales, fue descubriendo distintas ramas en su carrera que lo ayudaron con aquello con lo que \u00e9l quiere contribuir a la sociedad. Su convicci\u00f3n es seguir capacit\u00e1ndose para ayudar a quienes m\u00e1s lo necesitan y, trata de rodearse de personas con sus mismos objetivos para lograr un mayor impacto: \u201cLes quiero decir a mis compa\u00f1eros que ocupen su profesi\u00f3n como una forma de otorgar derechos a las dem\u00e1s personas. Con la profesi\u00f3n uno puede ayudar a la sociedad y ser libres. Es importante que seamos conscientes de la capacidad que tenemos para transformar el mundo\u201d.<\/span><\/p>\n<p><span style=\"color: #000000;\">La Universidad Franz Tamayo, Unifranz, contin\u00faa transformando la educaci\u00f3n en Bolivia y lo hace con la formaci\u00f3n de profesionales con valores y de clase mundial. Acompa\u00f1ados por sus familiares, amigos y autoridades universitarias, los graduados lanzaron su birrete como s\u00edmbolo de alegr\u00eda y festejo por culminar tan importante etapa acad\u00e9mica. La ceremonia fue dirigida por el Dr. Carlos Dabdoub, vicerrector de Unifranz Santa Cruz.<\/span><\/p>\n<p><span style=\"color: #000000;\">En la oportunidad, la autoridad universitaria, brind\u00f3 un mensaje inspirador, haciendo \u00e9nfasis en la importancia de esforzarse cada d\u00eda por ser mejores: \u00abNo podemos desandar lo que ya hemos andado. Lo que si podemos hacer, es mejorar nuestra marcha a medida que avanzamos en nuestro largo caminar, a fin de ser cada vez mejores personas. Siendo felices, viviendo en armon\u00eda con uno mismo. Y en ese caminar, ir dejando huellas imborrables. Huellas que nos har\u00e1n inolvidables, que nos har\u00e1n \u00fanicos e irrepetibles\u00bb.<\/span><\/p>\n<p><span style=\"color: #000000;\">El vicerrector cruce\u00f1o, se refiri\u00f3 tambi\u00e9n, a aquellos momentos en los que la vida pone a prueba a los seres humanos. Aquellos momentos donde cada persona debe saber hacia d\u00f3nde quiere ir y no debe dudar de sus capacidades hasta llegar al objetivo.<\/span><\/p>\n<p><span style=\"color: #000000;\">\u00abLa vida est\u00e1 determinada no por lo que nos trae, sino, por la actitud que cada uno de nosotros trae a la vida. No es lo que nos sucede, sino, lo que nuestra mente y actitud miran lo que sucede. Todos los d\u00edas debemos pensar en nuestro prop\u00f3sito de vida, de lo contrario, zarpar\u00e1n sus naves sin tim\u00f3n y se dejar\u00e1n llevar por los agitados mares tempestados del mundo y no llegar\u00e1n a puerto seguro\u00bb, aconsej\u00f3 Dabdoub.<\/span><\/p>\n<p><img loading=\"lazy\" decoding=\"async\" class=\"alignnone wp-image-134769 size-large\" src=\"https:\/\/unifranz.edu.bo\/wp-content\/uploads\/2023\/06\/DSC_0955-1024x804.jpg\" alt=\"\" width=\"1024\" height=\"804\" srcset=\"https:\/\/unifranz.edu.bo\/wp-content\/uploads\/2023\/06\/DSC_0955-1024x804.jpg 1024w, https:\/\/unifranz.edu.bo\/wp-content\/uploads\/2023\/06\/DSC_0955-300x235.jpg 300w, https:\/\/unifranz.edu.bo\/wp-content\/uploads\/2023\/06\/DSC_0955-768x603.jpg 768w, https:\/\/unifranz.edu.bo\/wp-content\/uploads\/2023\/06\/DSC_0955-1536x1205.jpg 1536w, https:\/\/unifranz.edu.bo\/wp-content\/uploads\/2023\/06\/DSC_0955-2048x1607.jpg 2048w, https:\/\/unifranz.edu.bo\/wp-content\/uploads\/2023\/06\/DSC_0955-15x12.jpg 15w\" sizes=\"auto, (max-width: 1024px) 100vw, 1024px\" \/><\/p>\n<p><span style=\"color: #000000;\">La Naci\u00f3n Unifranz crece cada a\u00f1o y su impacto es cada vez mayor en las familias. En el caso de Ariel, es el segundo integrante de su hogar en graduarse de la Universidad Franz Tamayo, pues su madre, Cristina Lessa Lima Antinori, tambi\u00e9n realiz\u00f3 su formaci\u00f3n como m\u00e9dico en esta casa superior de estudios. Ella inspir\u00f3 al joven a ponerse el mandil blanco y prepararse para salvar vidas.<\/span><\/p>\n<p><span style=\"color: #000000;\">\u201cMi mam\u00e1 tambi\u00e9n se gradu\u00f3 de Unifranz. Yo estudi\u00e9 la carrera teniendo a mi madre como un ejemplo a seguir. Amo a mi madre y agradezco todo lo que ella ha hecho para que yo estudie y me supere. Ella me motiva, me inspira y me ayuda a ser mejor cada d\u00eda\u201d, afirm\u00f3 emocionado Cruzalegui.<\/span><\/p>\n<p><span style=\"color: #000000;\">La metodolog\u00eda Aprende Haciendo, ha potenciado la formaci\u00f3n del profesional Unifranz, sin embargo, el Dr. Dabdoub, resalta, adem\u00e1s, los valores que se les inculca a cada uno de ellos respecto al servicio social: \u201cDebemos entender que cada uno de nosotros tiene un compromiso con la sociedad. Por ello, nuestro modelo educativo, adem\u00e1s del aprender haciendo, hace hincapi\u00e9 en el saber ser; que incluye actitudes, deberes, gu\u00edas de comportamiento y valores universales. Es as\u00ed que, Unifranz es un centro de ejemplaridad \u00e9tico social que nos conduce al ejercicio de una filosof\u00eda centrada en la educaci\u00f3n humanista. Nuestra misi\u00f3n es contribuir a un pa\u00eds de orden, bienestar y paz\u201d.<\/span><\/p>\n<p><span style=\"color: #000000;\">Las inscripciones para la gesti\u00f3n II \u2013 2023 ya est\u00e1n habilitadas para aquellos que quieran transformar el mundo. Unifranz Santa Cruz se encuentra ubicada en la av. Busch, esquina segundo anillo.<\/span><\/p>\n<p><img loading=\"lazy\" decoding=\"async\" class=\"alignnone wp-image-134770 size-large\" src=\"https:\/\/unifranz.edu.bo\/wp-content\/uploads\/2023\/06\/DSC_1200-1024x683.jpg\" alt=\"\" width=\"1024\" height=\"683\" srcset=\"https:\/\/unifranz.edu.bo\/wp-content\/uploads\/2023\/06\/DSC_1200-1024x683.jpg 1024w, https:\/\/unifranz.edu.bo\/wp-content\/uploads\/2023\/06\/DSC_1200-300x200.jpg 300w, https:\/\/unifranz.edu.bo\/wp-content\/uploads\/2023\/06\/DSC_1200-768x512.jpg 768w, https:\/\/unifranz.edu.bo\/wp-content\/uploads\/2023\/06\/DSC_1200-1536x1024.jpg 1536w, https:\/\/unifranz.edu.bo\/wp-content\/uploads\/2023\/06\/DSC_1200-2048x1365.jpg 2048w, https:\/\/unifranz.edu.bo\/wp-content\/uploads\/2023\/06\/DSC_1200-18x12.jpg 18w\" sizes=\"auto, (max-width: 1024px) 100vw, 1024px\" \/><\/p>","protected":false},"excerpt":{"rendered":"<p>Unifranz desarrolla su modelo por competencias con la metodolog\u00eda Aprende Haciendo, donde los estudiantes de las cinco facultades, se forman con profesionales de alto nivel, quienes, al mismo tiempo, impactan en su formaci\u00f3n de una manera m\u00e1s humana. A lo largo de sus a\u00f1os de estudio, Ariel Cruzalegui, graduado de medicina y distinguido como alumno &hellip; <a href=\"https:\/\/unifranz.edu.bo\/pt\/blog\/unifranz-santa-cruz-presenta-a-sus-nuevos-profesionales-listos-para-transformar-su-realidad\/\">Continued<\/a><\/p>","protected":false},"author":33,"featured_media":134768,"comment_status":"open","ping_status":"open","sticky":false,"template":"","format":"standard","meta":{"_acf_changed":false,"footnotes":""},"categories":[2576,1934,60,1782],"tags":[4802,4804,4806,4808],"class_list":["post-134761","post","type-post","status-publish","format-standard","has-post-thumbnail","hentry","category-unifranz-santa-cruz","category-acto-de-colacion","category-blog","category-unifranz","tag-colacion-de-profesionales-2023","tag-profesionales-unifranz","tag-universidades-de-bolivia","tag-universidades-de-santa-cruz"],"acf":[],"_links":{"self":[{"href":"https:\/\/unifranz.edu.bo\/pt\/wp-json\/wp\/v2\/posts\/134761","targetHints":{"allow":["GET"]}}],"collection":[{"href":"https:\/\/unifranz.edu.bo\/pt\/wp-json\/wp\/v2\/posts"}],"about":[{"href":"https:\/\/unifranz.edu.bo\/pt\/wp-json\/wp\/v2\/types\/post"}],"author":[{"embeddable":true,"href":"https:\/\/unifranz.edu.bo\/pt\/wp-json\/wp\/v2\/users\/33"}],"replies":[{"embeddable":true,"href":"https:\/\/unifranz.edu.bo\/pt\/wp-json\/wp\/v2\/comments?post=134761"}],"version-history":[{"count":1,"href":"https:\/\/unifranz.edu.bo\/pt\/wp-json\/wp\/v2\/posts\/134761\/revisions"}],"predecessor-version":[{"id":134771,"href":"https:\/\/unifranz.edu.bo\/pt\/wp-json\/wp\/v2\/posts\/134761\/revisions\/134771"}],"wp:featuredmedia":[{"embeddable":true,"href":"https:\/\/unifranz.edu.bo\/pt\/wp-json\/wp\/v2\/media\/134768"}],"wp:attachment":[{"href":"https:\/\/unifranz.edu.bo\/pt\/wp-json\/wp\/v2\/media?parent=134761"}],"wp:term":[{"taxonomy":"category","embeddable":true,"href":"https:\/\/unifranz.edu.bo\/pt\/wp-json\/wp\/v2\/categories?post=134761"},{"taxonomy":"post_tag","embeddable":true,"href":"https:\/\/unifranz.edu.bo\/pt\/wp-json\/wp\/v2\/tags?post=134761"}],"curies":[{"name":"wp","href":"https:\/\/api.w.org\/{rel}","templated":true}]}}