{"id":134746,"date":"2023-06-20T09:58:41","date_gmt":"2023-06-20T13:58:41","guid":{"rendered":"https:\/\/unifranz.edu.bo\/?p=134746"},"modified":"2023-06-20T10:26:52","modified_gmt":"2023-06-20T14:26:52","slug":"encuesta-del-ipee-detallara-como-se-percibe-el-clima-economico-empresarial-en-cochabamba","status":"publish","type":"post","link":"https:\/\/unifranz.edu.bo\/pt\/carreras\/encuesta-del-ipee-detallara-como-se-percibe-el-clima-economico-empresarial-en-cochabamba\/","title":{"rendered":"Encuesta del IPEE permitir\u00e1 conocer el clima econ\u00f3mico empresarial en Cochabamba"},"content":{"rendered":"<div>\n<p><span style=\"color: #000000;\">Por Lily Zurita<\/span><\/p>\n<p><span style=\"color: #000000;\">En el marco de la Feria Exposici\u00f3n de Cochabamba (Fexco), que culmin\u00f3 este domingo, el Instituto de Progreso Econ\u00f3mico Empresarial (IPEE) de la Universidad Franz Tamayo, Unifranz, llev\u00f3 adelante una encuesta de clima empresarial, otra de satisfacci\u00f3n de la Fexco 2023 y levant\u00f3 datos para el censo de econom\u00eda naranja en su segunda fase.<\/span><\/p>\n<\/div>\n<div>\n<p><span style=\"color: #000000;\">La directora del IPEE, Gabriela Sanjin\u00e9s, inform\u00f3 que la encuesta del clima empresarial permite conocer las percepciones y\u00a0<strong>expectativas que tiene el empresario sobre su entorno econ\u00f3mico y social<\/strong>.<\/span><\/p>\n<\/div>\n<div>\n<p><span style=\"color: #000000;\">\u201cEste an\u00e1lisis es muy importante porque el empresariado es un actor importante de la sociedad y es necesario entenderlo desde sus percepciones y expectativas\u201d, dijo la directora del IPEE.<\/span><\/p>\n<\/div>\n<div>\n<p><span style=\"color: #000000;\">Durante 10 d\u00edas, con el apoyo de la C\u00e1mara de Industria, Comercio y Servicios de Cochabamba (ICAM) y el Gobierno Aut\u00f3nomo Municipal, el IPEE particip\u00f3 en la mayor vitrina comercial y empresarial de ese departamento: la Feria Exposici\u00f3n de Cochabamba Fexco 2023.<\/span><\/p>\n<\/div>\n<div>\n<p><span style=\"color: #000000;\"><strong>Censo de econom\u00eda naranja<\/strong><\/span><\/p>\n<\/div>\n<div>\n<p><span style=\"color: #000000;\">Respecto al censo de econom\u00eda naranja, el IPEE ubic\u00f3 a las empresas cochabambinas participantes en la Fexco que a\u00fan no se sumaron a la investigaci\u00f3n. Un di\u00e1logo con dichas empresas permiti\u00f3 involucrarlas y hacerlas parte de la misma.<\/span><\/p>\n<\/div>\n<div>\n<p><span style=\"color: #000000;\">\u201cTambi\u00e9n continuamos con la recolecci\u00f3n de datos del censo de econom\u00eda naranja en su segunda etapa (\u2026). Ambas investigaciones podr\u00e1n darnos un panorama del estado de situaci\u00f3n del sector empresarial cochabambino\u201d, asegur\u00f3 Sanjin\u00e9s.<\/span><\/p>\n<\/div>\n<div>\n<p><span style=\"color: #000000;\">Esta segunda etapa<strong>\u00a0cuantificar\u00e1 el aporte de la econom\u00eda naranja en el municipio de Cochabamba.<\/strong>\u00a0Tambi\u00e9n ser\u00e1 la base de un an\u00e1lisis comparativo entre las comunas de la primera etapa (zona Centro, Norte y Oeste del municipio) con la segunda etapa (zona Sur del municipio. El estudio mostrar\u00e1 las coincidencias y diferencias que existen entre dos \u00e1reas geogr\u00e1ficas desde la mirada empresarial y emprendedora.<\/span><\/p>\n<\/div>\n<div>\n<p><span style=\"color: #000000;\">En abril de 2022, el IPEE inici\u00f3 este censo. Con la informaci\u00f3n recopilada orienta la pol\u00edtica empresarial en la regi\u00f3n metropolitana de Kanata. Al mismo tiempo, descubre las amenazas y falencias m\u00e1s importantes que afectan al sector privado de este rubro.<\/span><\/p>\n<\/div>\n<div>\n<p><span style=\"color: #000000;\">\u201cEl censo permitir\u00e1 tener una fotograf\u00eda de las caracter\u00edsticas y estad\u00edsticas de las empresas que conforman esta econom\u00eda. Esta fotograf\u00eda de las empresas nos ayudar\u00e1 a visibilizar el ecosistema de la econom\u00eda naranja en la regi\u00f3n\u201d, dijo Sanjin\u00e9s.<\/span><\/p>\n<\/div>\n<div>\n<p><span style=\"color: #000000;\">La econom\u00eda creativa (o naranja) es un motor de desarrollo que promociona el\u00a0<strong>crecimiento econ\u00f3mico<\/strong>\u00a0y la innovaci\u00f3n,\u00a0<\/span><strong><span style=\"color: #000000;\">a trav\u00e9s de un ecosistema<\/span> <span style=\"color: #000000;\">creativo.\u00a0<\/span><\/strong><span style=\"color: #000000;\">Su fin es la trasformaci\u00f3n de ideas que coadyuven en soluciones econ\u00f3micas, sociales, y culturales con actividades que cambian el conocimiento en un bien o servicio.<\/span><\/p>\n<\/div>\n<div><span style=\"color: #000000;\"><span style=\"letter-spacing: 0.02em;\">Asimismo, busca profesionalizar la creatividad y la innovaci\u00f3n, promover la difusi\u00f3n del conocimiento y la cultura a las generaciones futuras. Por tanto, la idea principal se centra en el\u00a0<\/span><strong style=\"letter-spacing: 0.02em;\">desarrollo y excavaci\u00f3n del potencial econ\u00f3mico de los sectores cultural y creativo<\/strong><span style=\"letter-spacing: 0.02em;\">. Al mismo tiempo, crea condiciones para la sostenibilidad de las organizaciones y agentes que constituyen el sector de la econom\u00eda creativa.<\/span><\/span><\/div>\n<div><\/div>\n<div>\n<p><span style=\"color: #000000;\">La econom\u00eda naranja contempla cinco sectores claves: arte y patrimonio, educaci\u00f3n creativa, industrias no convencionales, creaciones funcionales, nuevos medios y software rumbo a la industria creativa.<\/span><\/p>\n<\/div>\n<div>\n<p><span style=\"color: #000000;\">\u201cDentro de cada sector se cuenta con rubros y actividades econ\u00f3micas espec\u00edficas y caracter\u00edsticas\u201d, puntualiza Sanjin\u00e9s.<\/span><\/p>\n<\/div>\n<div>\n<p><span style=\"color: #000000;\">La directora del IPEE inform\u00f3 que la encuesta de clima empresarial estar\u00e1 lista para el 13 de julio y que los resultados preliminares de la segunda fase del censo de econom\u00eda naranja est\u00e1n previstos para fines de julio o principios de agosto.<\/span><\/p>\n<\/div>\n<div>\n<p><span style=\"color: #000000;\">Respecto a la encuesta de satisfacci\u00f3n de la FEXCO 2023, Sanjin\u00e9s aclar\u00f3 que la misma es un apoyo a los organizadores del evento ferial, es decir la C\u00e1mara de Industria y Comercio (ICAM) y el Gobierno Aut\u00f3nomo Municipal de Cochabamba.\u00a0<\/span><\/p>\n<p><img loading=\"lazy\" decoding=\"async\" class=\"wp-image-134747 aligncenter\" src=\"https:\/\/unifranz.edu.bo\/wp-content\/uploads\/2023\/06\/Quotes-01-1-300x300.png\" alt=\"\" width=\"792\" height=\"792\" srcset=\"https:\/\/unifranz.edu.bo\/wp-content\/uploads\/2023\/06\/Quotes-01-1-300x300.png 300w, https:\/\/unifranz.edu.bo\/wp-content\/uploads\/2023\/06\/Quotes-01-1-1024x1024.png 1024w, https:\/\/unifranz.edu.bo\/wp-content\/uploads\/2023\/06\/Quotes-01-1-768x768.png 768w, https:\/\/unifranz.edu.bo\/wp-content\/uploads\/2023\/06\/Quotes-01-1-1536x1536.png 1536w, https:\/\/unifranz.edu.bo\/wp-content\/uploads\/2023\/06\/Quotes-01-1-2048x2048.png 2048w, https:\/\/unifranz.edu.bo\/wp-content\/uploads\/2023\/06\/Quotes-01-1-12x12.png 12w\" sizes=\"auto, (max-width: 792px) 100vw, 792px\" \/><\/p>\n<\/div>","protected":false},"excerpt":{"rendered":"<p>Por Lily Zurita En el marco de la Feria Exposici\u00f3n de Cochabamba (Fexco), que culmin\u00f3 este domingo, el Instituto de Progreso Econ\u00f3mico Empresarial (IPEE) de la Universidad Franz Tamayo, Unifranz, llev\u00f3 adelante una encuesta de clima empresarial, otra de satisfacci\u00f3n de la Fexco 2023 y levant\u00f3 datos para el censo de econom\u00eda naranja en su &hellip; <a href=\"https:\/\/unifranz.edu.bo\/pt\/carreras\/encuesta-del-ipee-detallara-como-se-percibe-el-clima-economico-empresarial-en-cochabamba\/\">Continued<\/a><\/p>","protected":false},"author":45,"featured_media":134748,"comment_status":"open","ping_status":"open","sticky":false,"template":"","format":"standard","meta":{"_acf_changed":false,"footnotes":""},"categories":[60,35,1662,1954,1862,4680,2858,1782],"tags":[4778,4782,4780,1926,242],"class_list":["post-134746","post","type-post","status-publish","format-standard","has-post-thumbnail","hentry","category-blog","category-carreras","category-docentes","category-economia","category-educacion","category-emprendedurismo","category-innovacion-en-educacion","category-unifranz","tag-clima-economico-empresarial","tag-empresariado","tag-encuesta","tag-ipee","tag-unifranz"],"acf":[],"_links":{"self":[{"href":"https:\/\/unifranz.edu.bo\/pt\/wp-json\/wp\/v2\/posts\/134746","targetHints":{"allow":["GET"]}}],"collection":[{"href":"https:\/\/unifranz.edu.bo\/pt\/wp-json\/wp\/v2\/posts"}],"about":[{"href":"https:\/\/unifranz.edu.bo\/pt\/wp-json\/wp\/v2\/types\/post"}],"author":[{"embeddable":true,"href":"https:\/\/unifranz.edu.bo\/pt\/wp-json\/wp\/v2\/users\/45"}],"replies":[{"embeddable":true,"href":"https:\/\/unifranz.edu.bo\/pt\/wp-json\/wp\/v2\/comments?post=134746"}],"version-history":[{"count":3,"href":"https:\/\/unifranz.edu.bo\/pt\/wp-json\/wp\/v2\/posts\/134746\/revisions"}],"predecessor-version":[{"id":134751,"href":"https:\/\/unifranz.edu.bo\/pt\/wp-json\/wp\/v2\/posts\/134746\/revisions\/134751"}],"wp:featuredmedia":[{"embeddable":true,"href":"https:\/\/unifranz.edu.bo\/pt\/wp-json\/wp\/v2\/media\/134748"}],"wp:attachment":[{"href":"https:\/\/unifranz.edu.bo\/pt\/wp-json\/wp\/v2\/media?parent=134746"}],"wp:term":[{"taxonomy":"category","embeddable":true,"href":"https:\/\/unifranz.edu.bo\/pt\/wp-json\/wp\/v2\/categories?post=134746"},{"taxonomy":"post_tag","embeddable":true,"href":"https:\/\/unifranz.edu.bo\/pt\/wp-json\/wp\/v2\/tags?post=134746"}],"curies":[{"name":"wp","href":"https:\/\/api.w.org\/{rel}","templated":true}]}}