{"id":134705,"date":"2023-06-18T21:54:37","date_gmt":"2023-06-19T01:54:37","guid":{"rendered":"https:\/\/unifranz.edu.bo\/?p=134705"},"modified":"2023-06-18T21:54:37","modified_gmt":"2023-06-19T01:54:37","slug":"alberto-blest-gana-el-colegio-inteligente-que-prepara-a-los-estudiantes-para-los-retos-del-futuro","status":"publish","type":"post","link":"https:\/\/unifranz.edu.bo\/pt\/blog\/alberto-blest-gana-el-colegio-inteligente-que-prepara-a-los-estudiantes-para-los-retos-del-futuro\/","title":{"rendered":"Alberto Blest Gana, el colegio inteligente que prepara a los estudiantes para los retos del futuro"},"content":{"rendered":"<p><span style=\"font-weight: 400; color: #000000;\">El Colegio Alberto Blest Gana de Santiago de Chile, catalogado entre los 100 mejores colegios del mundo, tiene un modelo educativo que prepara al estudiante para su futuro profesional desde el colegio, con biotecnolog\u00eda, fabricaci\u00f3n digital, inteligencia artificial, rob\u00f3tica, o tecnolog\u00eda aplicada a las diferentes ramas del conocimiento.\u00a0<\/span><\/p>\n<p><span style=\"font-weight: 400; color: #000000;\">\u201cEn el modelo de nuestro colegio, las nuevas tecnolog\u00edas son parte del desarrollo de habilidades del futuro y del protagonismo de los estudiantes. A partir de mucha exploraci\u00f3n y experimentaci\u00f3n, adoptamos pr\u00e1cticas diversas, como rob\u00f3tica, programaci\u00f3n, gen\u00e9tica, impresi\u00f3n 3D, yoga, meditaci\u00f3n, teatro y danza, logrando construir un nuevo paradigma que pone en el centro aprender en la experiencia, el ensayo y error, los proyectos, el trabajo en equipos, y habilidades sociales y emocionales\u201d, dijo Ricardo Rom\u00e1n, director del colegio Alberto Blest Gana en IV Foro Internacional de Educaci\u00f3n Superior \u201cInnovaci\u00f3n Tecnol\u00f3gica y Gobernanza de la Educaci\u00f3n Superior\u201d, organizada por la Universidad Franz Tamayo, Unifranz.\u00a0<\/span><\/p>\n<p><span style=\"font-weight: 400; color: #000000;\">Su ponencia \u201cModelo innovador de ense\u00f1anza-aprendizaje en las aulas\u201d, nos acerc\u00f3 al modelo que forma este a\u00f1o a m\u00e1s de 1.700 estudiantes de barrios populares en Santiago de Chile.\u00a0<\/span><\/p>\n<p><span style=\"font-weight: 400; color: #000000;\">Rom\u00e1n asegura que los estudiantes necesitan saber matem\u00e1ticas, lenguaje, pero tambi\u00e9n \u201cotras cosas y sobre todo aprender de otro modo\u201d. En el colegio Alberto Blest Gana, adopt\u00f3 el uso de tecnolog\u00edas digitales con enfoque creativo desde hace diez a\u00f1os.\u00a0<\/span><\/p>\n<p><span style=\"color: #000000;\"><span style=\"font-weight: 400;\">La implementaci\u00f3n del ChatGPT es una realidad en la formaci\u00f3n del estudiante, dice a tiempo de mostrar el video donde un estudiante la gestiona en su clase de lenguaje; otro muestra c\u00f3mo se aplica el <\/span><i><span style=\"font-weight: 400;\">Machine Learning<\/span><\/i><span style=\"font-weight: 400;\"> \u2013aprendizaje autom\u00e1tico una rama de la inteligencia artificial\u2013 para el reconocimiento de personas y animales.\u00a0<\/span><\/span><\/p>\n<p><span style=\"color: #000000;\"><span style=\"font-weight: 400;\">En otro video se vio a un alumno en el laboratorio de biotecnolog\u00eda modificando el ADN, y a otros ni\u00f1os, usando la inteligencia artificial y la aplicaci\u00f3n de programaci\u00f3n <\/span><i><span style=\"font-weight: 400;\">Scratch <\/span><\/i><span style=\"font-weight: 400;\">\u2013un motor de videojuegos\u2013 en sus clases, o la tarjeta de <\/span><i><span style=\"font-weight: 400;\">microbit<\/span><\/i><span style=\"font-weight: 400;\"> para educaci\u00f3n f\u00edsica, es una peque\u00f1a tarjeta programable dise\u00f1ada para que aprender a programar sea f\u00e1cil, divertido y al alcance de todos.<\/span><\/span><\/p>\n<p><span style=\"font-weight: 400; color: #000000;\">Rom\u00e1n est\u00e1 seguro que las habilidades digitales en la formaci\u00f3n de los estudiantes, los pondr\u00e1 a la par de los cambios acelerados que se producen en el mundo, mismos que est\u00e1n provocando incluso el nacimiento de nuevas profesiones, es \u201cla filosof\u00eda que los inspira\u201d.\u00a0<\/span><\/p>\n<p><span style=\"font-weight: 400; color: #000000;\">\u201cEl ChatGPT y la inteligencia artificial, este a\u00f1o lleva tres versiones nuevas, est\u00e1n apareciendo negocios y empresas usando ChatGPT. As\u00ed como hace 30 a\u00f1os hab\u00eda que aprender a usar la web, hoy en d\u00eda la inteligencia artificial va a estar en todo y tenemos que aprender a usarla\u201d, apunta.\u00a0<\/span><\/p>\n<p><span style=\"font-weight: 400; color: #000000;\">Entre las experiencias que comparti\u00f3 Roman en video, se ve a otro joven que muestra c\u00f3mo se produce la sinapsis en el cerebro con el uso del programa Arduino y sensores ultras\u00f3nicos, c\u00f3mo aplicaban la tecnolog\u00eda en las artes.<\/span><\/p>\n<p><span style=\"font-weight: 400; color: #000000;\">\u201cEllos est\u00e1n aprendiendo sus materias y tecnolog\u00eda al mismo tiempo. Adem\u00e1s, aprenden a trabajar en equipo y con base en proyectos\u201d, relat\u00f3.\u00a0<\/span><\/p>\n<p><span style=\"font-weight: 400; color: #000000;\">Rom\u00e1n, director del colegio que lleva el nombre de un novelista y diplom\u00e1tico catalogado como el padre de la novela en Chile, present\u00f3 dos pilares que forman el modelo de educaci\u00f3n \u201corientado a los desaf\u00edos del siglo XXI\u201d, que se aplica en este colegio fundado hace 51 a\u00f1os: las habilidades blandas y la capacitaci\u00f3n permanente de los docentes.<\/span><\/p>\n<p><span style=\"font-weight: 400; color: #000000;\">De acuerdo con las encuestas de empleabilidad, el mercado no s\u00f3lo est\u00e1 demandando expertos en tecnolog\u00edas sino tambi\u00e9n personal con capacidades blandas, que se refieren a competencias emocionales, sociales y creativas.<\/span><\/p>\n<p><span style=\"font-weight: 400; color: #000000;\">\u201cLas encuestas de empleo no s\u00f3lo est\u00e1n pidiendo conocimientos t\u00e9cnicos, tambi\u00e9n est\u00e1n pidiendo otro tipo de habilidades, lo que llaman malamente habilidades blandas, porque son duras de aprender, que es desarrollar habilidades sociales y narrativas, capacidad de colaborar, de generar confianza, de tener autoconfianza, de motivarse\u201d, asegur\u00f3.<\/span><\/p>\n<p><span style=\"font-weight: 400; color: #000000;\">Estamos en la generaci\u00f3n en la que las personas tendr\u00e1n que reinventarse muchas veces, y aprender no s\u00f3lo una profesi\u00f3n sino estar inmersos en un aprendizaje permanente.\u00a0<\/span><\/p>\n<p><iframe loading=\"lazy\" title=\"YouTube video player\" src=\"https:\/\/www.youtube.com\/embed\/ipi0qElt13g\" width=\"560\" height=\"315\" frameborder=\"0\" allowfullscreen=\"allowfullscreen\"><\/iframe><\/p>\n<p><span style=\"color: #000000;\"><b>Transformaci\u00f3n docente<\/b><\/span><\/p>\n<p><span style=\"font-weight: 400; color: #000000;\">Sin el rol del docente gu\u00eda y formador esta realidad ser\u00eda imposible, destaca el director del colegio Alberto Blest Gana.\u00a0<\/span><\/p>\n<p><span style=\"font-weight: 400; color: #000000;\">\u201c\u00c9ste es quiz\u00e1s el desaf\u00edo m\u00e1s grande y que nos lleva m\u00e1s esfuerzo. Los docentes han sido formados para el siglo XX y XIX, como transmisores de conocimiento y de informaci\u00f3n, donde ellos tienen que ser los eruditos, los que gobiernan el aula. Pero ahora, tienen que ser profesores gu\u00edas, motivadores, y los que hacen m\u00e1s en el aula son los alumnos\u201d.<\/span><\/p>\n<p><span style=\"font-weight: 400; color: #000000;\">Para lograr este objetivo, este establecimiento imparte cursos de capacitaci\u00f3n internos, seminarios, diplomas y posgrados en universidades, y escuelas de verano y de invierno. Adem\u00e1s, realizan acompa\u00f1amiento en el aula, capacitaci\u00f3n entre pares, y un intercambio permanente de buenas pr\u00e1cticas.\u00a0<\/span><\/p>\n<p><span style=\"font-weight: 400; color: #000000;\">El \u201cIV Foro Internacional de Educaci\u00f3n Superior: Innovaci\u00f3n Tecnol\u00f3gica y Gobernanza\u201d reuni\u00f3 a actores y l\u00edderes mundiales de la educaci\u00f3n. Fue propiciada por Unifranz, junto a la Organizaci\u00f3n Universitaria Interamericana (OUI), la Red de Administradores Universitarios (RAUI), la Asociaci\u00f3n Nacional de Universidades Privadas de Bolivia (ANUP) y la Red de Innovaci\u00f3n Educativa de Latinoam\u00e9rica (Red I+E).<\/span><\/p>\n<figure id=\"attachment_134707\" aria-describedby=\"caption-attachment-134707\" style=\"width: 776px\" class=\"wp-caption alignnone\"><img loading=\"lazy\" decoding=\"async\" class=\"wp-image-134707\" src=\"https:\/\/unifranz.edu.bo\/wp-content\/uploads\/2023\/06\/DSC_0460-300x200.jpg\" alt=\"\" width=\"776\" height=\"517\" srcset=\"https:\/\/unifranz.edu.bo\/wp-content\/uploads\/2023\/06\/DSC_0460-300x200.jpg 300w, https:\/\/unifranz.edu.bo\/wp-content\/uploads\/2023\/06\/DSC_0460-1024x683.jpg 1024w, https:\/\/unifranz.edu.bo\/wp-content\/uploads\/2023\/06\/DSC_0460-768x512.jpg 768w, https:\/\/unifranz.edu.bo\/wp-content\/uploads\/2023\/06\/DSC_0460-1536x1024.jpg 1536w, https:\/\/unifranz.edu.bo\/wp-content\/uploads\/2023\/06\/DSC_0460-2048x1365.jpg 2048w, https:\/\/unifranz.edu.bo\/wp-content\/uploads\/2023\/06\/DSC_0460-18x12.jpg 18w\" sizes=\"auto, (max-width: 776px) 100vw, 776px\" \/><figcaption id=\"caption-attachment-134707\" class=\"wp-caption-text\"><span style=\"color: #000000;\"><em>Ricardo Rom\u00e1n, director del colegio Alberto Blest Gana en IV Foro Internacional de Educaci\u00f3n Superior \u201cInnovaci\u00f3n Tecnol\u00f3gica y Gobernanza de la Educaci\u00f3n Superior\u201d, organizada por Unifranz<\/em><\/span><\/figcaption><\/figure>\n<p><span style=\"font-weight: 400;\">\u00a0<\/span><\/p>\n<p>&nbsp;<\/p>","protected":false},"excerpt":{"rendered":"<p>El Colegio Alberto Blest Gana de Santiago de Chile, catalogado entre los 100 mejores colegios del mundo, tiene un modelo educativo que prepara al estudiante para su futuro profesional desde el colegio, con biotecnolog\u00eda, fabricaci\u00f3n digital, inteligencia artificial, rob\u00f3tica, o tecnolog\u00eda aplicada a las diferentes ramas del conocimiento.\u00a0 \u201cEn el modelo de nuestro colegio, las &hellip; <a href=\"https:\/\/unifranz.edu.bo\/pt\/blog\/alberto-blest-gana-el-colegio-inteligente-que-prepara-a-los-estudiantes-para-los-retos-del-futuro\/\">Continued<\/a><\/p>","protected":false},"author":45,"featured_media":134706,"comment_status":"open","ping_status":"open","sticky":false,"template":"","format":"standard","meta":{"_acf_changed":false,"footnotes":""},"categories":[60,2186,2566,1862,1708,2858,1782],"tags":[4768,4766,320,386,4646,242],"class_list":["post-134705","post","type-post","status-publish","format-standard","has-post-thumbnail","hentry","category-blog","category-carreras-es","category-docente","category-educacion","category-innovacion","category-innovacion-en-educacion","category-unifranz","tag-alberto-blest-gana","tag-colegio-inteligente","tag-docentes","tag-estudiantes","tag-foro-internacional-de-educacion-superior","tag-unifranz"],"acf":[],"_links":{"self":[{"href":"https:\/\/unifranz.edu.bo\/pt\/wp-json\/wp\/v2\/posts\/134705","targetHints":{"allow":["GET"]}}],"collection":[{"href":"https:\/\/unifranz.edu.bo\/pt\/wp-json\/wp\/v2\/posts"}],"about":[{"href":"https:\/\/unifranz.edu.bo\/pt\/wp-json\/wp\/v2\/types\/post"}],"author":[{"embeddable":true,"href":"https:\/\/unifranz.edu.bo\/pt\/wp-json\/wp\/v2\/users\/45"}],"replies":[{"embeddable":true,"href":"https:\/\/unifranz.edu.bo\/pt\/wp-json\/wp\/v2\/comments?post=134705"}],"version-history":[{"count":1,"href":"https:\/\/unifranz.edu.bo\/pt\/wp-json\/wp\/v2\/posts\/134705\/revisions"}],"predecessor-version":[{"id":134708,"href":"https:\/\/unifranz.edu.bo\/pt\/wp-json\/wp\/v2\/posts\/134705\/revisions\/134708"}],"wp:featuredmedia":[{"embeddable":true,"href":"https:\/\/unifranz.edu.bo\/pt\/wp-json\/wp\/v2\/media\/134706"}],"wp:attachment":[{"href":"https:\/\/unifranz.edu.bo\/pt\/wp-json\/wp\/v2\/media?parent=134705"}],"wp:term":[{"taxonomy":"category","embeddable":true,"href":"https:\/\/unifranz.edu.bo\/pt\/wp-json\/wp\/v2\/categories?post=134705"},{"taxonomy":"post_tag","embeddable":true,"href":"https:\/\/unifranz.edu.bo\/pt\/wp-json\/wp\/v2\/tags?post=134705"}],"curies":[{"name":"wp","href":"https:\/\/api.w.org\/{rel}","templated":true}]}}