{"id":134322,"date":"2023-06-14T11:38:19","date_gmt":"2023-06-14T15:38:19","guid":{"rendered":"https:\/\/unifranz.edu.bo\/?p=134322"},"modified":"2023-06-14T11:38:19","modified_gmt":"2023-06-14T15:38:19","slug":"la-era-digital-esta-llevando-a-las-universidades-a-crear-carreras-y-eliminar-a-las-obsoletas","status":"publish","type":"post","link":"https:\/\/unifranz.edu.bo\/pt\/blog\/la-era-digital-esta-llevando-a-las-universidades-a-crear-carreras-y-eliminar-a-las-obsoletas\/","title":{"rendered":"La era digital est\u00e1 llevando a las universidades a crear carreras y eliminar a las obsoletas"},"content":{"rendered":"<div>\n<p><span style=\"color: #000000;\">En la \u00faltima d\u00e9cada, el mercado laboral a nivel global est\u00e1 experimentando grandes transformaciones como consecuencia del impacto tecnol\u00f3gico y su acelerado avance en las sociedades.<\/span><\/p>\n<\/div>\n<div>\n<p><span style=\"color: #000000;\">Ante la nueva coyuntura, expertos advierten que existen\u00a0<strong>diversas \u00e1reas del conocimiento<\/strong>\u00a0que est\u00e1n\u00a0<strong>llamadas\u00a0<\/strong>(por no decir obligadas)\u00a0<strong>a transformarse en las pr\u00f3ximas d\u00e9cadas<\/strong>\u00a0para no sucumbir ante la nueva era digital. En tanto que, algunas carreras que a\u00fan son minoritarias, podr\u00edan ser los motores del mercado laboral dentro de un par de d\u00e9cadas m\u00e1s.\u00a0<\/span><\/p>\n<\/div>\n<div>\n<p><span style=\"color: #000000;\">Ricardo Rom\u00e1n, director del colegio Alberto Blest Gana, de Santiago de Chile, no se sabe c\u00f3mo ser\u00e1 la educaci\u00f3n de aqu\u00ed a 10 a\u00f1os porque\u00a0<strong>todo est\u00e1 cambiando muy r\u00e1pido\u00a0<\/strong>y las nuevas tecnolog\u00edas impulsan nuevas profesiones y desapareciendo otras.<\/span><\/p>\n<\/div>\n<div>\n<p><span style=\"color: #000000;\">Rom\u00e1n participar\u00e1 en\u00a0el IV Foro Internacional de Educaci\u00f3n Superior \u201cInnovaci\u00f3n Tecnol\u00f3gica y Gobernanza de la Educaci\u00f3n Superior\u201d donde\u00a0presentar\u00e1 un \u201cModelo innovador de ense\u00f1anza &#8211; aprendizaje en las aulas\u201d.<\/span><\/p>\n<\/div>\n<div>\n<p><span style=\"color: #000000;\">\u201c\u00bfQu\u00e9 es lo que realmente tiene que saber un profesional del futuro cuando su profesi\u00f3n espec\u00edfica es probable que desaparezca y aparezca otra; y el mismo profesional quiz\u00e1 tenga tres o cuatro profesiones a lo largo de su vida?\u00bb interpela el pedagogo. Y responde inmediatamente. \u00abEst\u00e1 desafiado a\u00a0<strong>estar en contacto con la educaci\u00f3n superior durante toda su vida<\/strong>\u00a0y su carrera, porque va a tener que estar<strong>\u00a0reaprendiendo o aprendiendo nuevas cosas\u201d<\/strong>, concluye Rom\u00e1n.<\/span><\/p>\n<\/div>\n<div>\n<p><span style=\"color: #000000;\">La mejor manera de entender la educaci\u00f3n consiste en asumir que es\u00a0<strong>un proceso para toda la vida<\/strong>, es decir, que los nuevos profesionales tienen que<strong>\u00a0prepararse permanentemente,<\/strong>\u00a0reactualiz\u00e1ndose, reinvent\u00e1ndose porque su profesi\u00f3n muy probablemente vaya a desaparecer m\u00e1s temprano que tarde.<\/span><\/p>\n<\/div>\n<div>\n<p><span style=\"color: #000000;\">Tradicionalmente, la educaci\u00f3n universitaria se ha caracterizado por estar en una especie de \u2018torre de marfil\u2019 o \u2018una jaula de oro\u2019 que muchas veces la alejan de la realidad.\u00a0Ya es hora de que<strong>\u00a0la educaci\u00f3n superior empiece a preparar<\/strong>\u00a0con mayor exactitud<strong>\u00a0a los nuevos profesionales\u00a0<\/strong>para el mundo en el cual van a trabajar, dice el experto.\u00a0\u00a0<\/span><\/p>\n<\/div>\n<div>\n<p><span style=\"color: #000000;\"><strong>Los colegios son el umbral de preparaci\u00f3n<\/strong>\u00a0<\/span><\/p>\n<\/div>\n<div>\n<p><span style=\"color: #000000;\">El mercado laboral ha acelerado procesos y est\u00e1 obligando a los colegios a\u00a0<strong>preparar de otra manera a los estudiantes<\/strong>\u00a0a fin que lleguen a la universidad m\u00e1s preparados.<\/span><\/p>\n<\/div>\n<div>\n<p><span style=\"color: #000000;\">\u201cCuriosamente, siendo director de un colegio de primaria y secundaria en Chile estoy coordinando temas con una universidad como<\/span> <span style=\"color: #000000;\">Unifranz de Bolivia. Con ellos estamos inventando y reinventando, porque de lo que se trata es que tambi\u00e9n los colegios preparen de otra manera a los estudiantes\u201d, afirma Rom\u00e1n.<\/span><\/p>\n<\/div>\n<div>\n<p><span style=\"color: #000000;\">El Colegio Alberto Blest Gana, donde Rom\u00e1n es director, es un proyecto educativo que realiza una innovaci\u00f3n profunda de la educaci\u00f3n escolar, al\u00a0<strong>incorporar habilidades necesarias para el futuro como tecnolog\u00edas digitales y educaci\u00f3n emocional<\/strong>, e incorpora estrategias did\u00e1cticas experienciales que ponen a los estudiantes como centro del aprendizaje.<\/span><\/p>\n<\/div>\n<div>\n<p><span style=\"color: #000000;\"><strong>La gobernanza de la educaci\u00f3n<\/strong><\/span><\/p>\n<\/div>\n<div>\n<p><span style=\"color: #000000;\">El \u201cIV Foro internacional de Educaci\u00f3n Superior: Innovaci\u00f3n tecnol\u00f3gica y gobernanza\u201d, se realizar\u00e1 entre el 14 y 16 de junio. Se plantea como\u00a0<strong>un espacio de intercambio de ideas\u00a0<\/strong>entre expertos y l\u00edderes corporativos de redes acad\u00e9micas y de universidades globales con presencia en Iberoam\u00e9rica. En los tres d\u00edas de trabajo se analizar\u00e1 el estado de situaci\u00f3n y los desaf\u00edos de la gobernanza de la educaci\u00f3n en la regi\u00f3n.<\/span><\/p>\n<\/div>\n<div>\n<p><span style=\"color: #000000;\">El evento est\u00e1 organizado por una alianza liderada por Unifranz, la Organizaci\u00f3n Universitaria Interamericana (OUI), la Red de Administradores Universitarios (RAUI), la Asociaci\u00f3n Nacional de Universidades Privadas de Bolivia (ANUP) y la Red de Innovaci\u00f3n Educativa para Latinoam\u00e9rica (Red I+E).<\/span><\/p>\n<\/div>\n<div>\n<p><span style=\"color: #000000;\">Para Rom\u00e1n, en el Foro, tambi\u00e9n se conversar\u00e1 sobre los\u00a0<strong>desaf\u00edos que plantea la transformaci\u00f3n tecnol\u00f3gica<\/strong>\u00a0en el mundo y c\u00f3mo est\u00e1 afectando a la educaci\u00f3n superior.<\/span><\/p>\n<figure id=\"attachment_134324\" aria-describedby=\"caption-attachment-134324\" style=\"width: 698px\" class=\"wp-caption aligncenter\"><img loading=\"lazy\" decoding=\"async\" class=\"wp-image-134324\" src=\"https:\/\/unifranz.edu.bo\/wp-content\/uploads\/2023\/06\/APRENDER-ENTRETENIDAMENTE-300x200.jpg\" alt=\"\" width=\"698\" height=\"465\" srcset=\"https:\/\/unifranz.edu.bo\/wp-content\/uploads\/2023\/06\/APRENDER-ENTRETENIDAMENTE-300x200.jpg 300w, https:\/\/unifranz.edu.bo\/wp-content\/uploads\/2023\/06\/APRENDER-ENTRETENIDAMENTE-1024x683.jpg 1024w, https:\/\/unifranz.edu.bo\/wp-content\/uploads\/2023\/06\/APRENDER-ENTRETENIDAMENTE-768x512.jpg 768w, https:\/\/unifranz.edu.bo\/wp-content\/uploads\/2023\/06\/APRENDER-ENTRETENIDAMENTE-1536x1024.jpg 1536w, https:\/\/unifranz.edu.bo\/wp-content\/uploads\/2023\/06\/APRENDER-ENTRETENIDAMENTE-18x12.jpg 18w, https:\/\/unifranz.edu.bo\/wp-content\/uploads\/2023\/06\/APRENDER-ENTRETENIDAMENTE.jpg 2048w\" sizes=\"auto, (max-width: 698px) 100vw, 698px\" \/><figcaption id=\"caption-attachment-134324\" class=\"wp-caption-text\"><em><span style=\"color: #000000;\">La tecnolog\u00eda lidera la transformaci\u00f3n educativa tanto en escuelas como en universidades.<\/span><\/em><\/figcaption><\/figure>\n<\/div>","protected":false},"excerpt":{"rendered":"<p>En la \u00faltima d\u00e9cada, el mercado laboral a nivel global est\u00e1 experimentando grandes transformaciones como consecuencia del impacto tecnol\u00f3gico y su acelerado avance en las sociedades. Ante la nueva coyuntura, expertos advierten que existen\u00a0diversas \u00e1reas del conocimiento\u00a0que est\u00e1n\u00a0llamadas\u00a0(por no decir obligadas)\u00a0a transformarse en las pr\u00f3ximas d\u00e9cadas\u00a0para no sucumbir ante la nueva era digital. En tanto &hellip; <a href=\"https:\/\/unifranz.edu.bo\/pt\/blog\/la-era-digital-esta-llevando-a-las-universidades-a-crear-carreras-y-eliminar-a-las-obsoletas\/\">Continued<\/a><\/p>","protected":false},"author":45,"featured_media":134323,"comment_status":"open","ping_status":"open","sticky":false,"template":"","format":"standard","meta":{"_acf_changed":false,"footnotes":""},"categories":[60,2186,2566,1862,2858,2474,2102,1782],"tags":[252,53,2166,218,242,627],"class_list":["post-134322","post","type-post","status-publish","format-standard","has-post-thumbnail","hentry","category-blog","category-carreras-es","category-docente","category-educacion","category-innovacion-en-educacion","category-red-ie-es","category-unesco","category-unifranz","tag-carreras","tag-educacion","tag-era-digital","tag-tecnologia","tag-unifranz","tag-universidades"],"acf":[],"_links":{"self":[{"href":"https:\/\/unifranz.edu.bo\/pt\/wp-json\/wp\/v2\/posts\/134322","targetHints":{"allow":["GET"]}}],"collection":[{"href":"https:\/\/unifranz.edu.bo\/pt\/wp-json\/wp\/v2\/posts"}],"about":[{"href":"https:\/\/unifranz.edu.bo\/pt\/wp-json\/wp\/v2\/types\/post"}],"author":[{"embeddable":true,"href":"https:\/\/unifranz.edu.bo\/pt\/wp-json\/wp\/v2\/users\/45"}],"replies":[{"embeddable":true,"href":"https:\/\/unifranz.edu.bo\/pt\/wp-json\/wp\/v2\/comments?post=134322"}],"version-history":[{"count":1,"href":"https:\/\/unifranz.edu.bo\/pt\/wp-json\/wp\/v2\/posts\/134322\/revisions"}],"predecessor-version":[{"id":134326,"href":"https:\/\/unifranz.edu.bo\/pt\/wp-json\/wp\/v2\/posts\/134322\/revisions\/134326"}],"wp:featuredmedia":[{"embeddable":true,"href":"https:\/\/unifranz.edu.bo\/pt\/wp-json\/wp\/v2\/media\/134323"}],"wp:attachment":[{"href":"https:\/\/unifranz.edu.bo\/pt\/wp-json\/wp\/v2\/media?parent=134322"}],"wp:term":[{"taxonomy":"category","embeddable":true,"href":"https:\/\/unifranz.edu.bo\/pt\/wp-json\/wp\/v2\/categories?post=134322"},{"taxonomy":"post_tag","embeddable":true,"href":"https:\/\/unifranz.edu.bo\/pt\/wp-json\/wp\/v2\/tags?post=134322"}],"curies":[{"name":"wp","href":"https:\/\/api.w.org\/{rel}","templated":true}]}}